{"id":10149,"date":"2009-04-04T18:43:55","date_gmt":"2009-04-04T18:43:55","guid":{"rendered":"http:\/\/estrategica.com.co\/blog\/?p=10149"},"modified":"2015-02-27T16:22:54","modified_gmt":"2015-02-27T21:22:54","slug":"himno-nacional","status":"publish","type":"post","link":"https:\/\/estrategica.com.co\/blog\/himno-nacional\/","title":{"rendered":"Himno Nacional de Colombia"},"content":{"rendered":"<p> <script type='text\/javascript' src='https:\/\/estrategica.com.co\/blog\/wp-content\/plugins\/hana-flv-player\/flowplayer3\/example\/flowplayer-3.2.6.min.js'><\/script>\n<div >\n<div id='hana_flv_flow3_1' style='display:block;width:550px;height:413px;background-color:#555555;color:#ffffff;padding:0' title=\"*Video:himno nacional de colombia\"><\/div>\n<\/div>\n\n<script  type='text\/javascript'>\nif (typeof g_hanaFlash !== 'undefined' && !g_hanaFlash){\n    jQuery('#hana_flv_flow3_1').css( 'padding', '5px' );\n\tjQuery('#hana_flv_flow3_1').html(\"<span class='inactive_message' style='display:block'>Sorry, your browser does not support Flash Video Player<\/span> *Video:himno nacional de colombia\");\n}else{\t\t\t\n\t\tflowplayer('hana_flv_flow3_1', { src: 'https:\/\/estrategica.com.co\/blog\/wp-content\/plugins\/hana-flv-player\/flowplayer3\/flowplayer-3.2.7.swf', wmode: 'transparent' }, { \n\n\t\t\tcanvas: { backgroundColor: '#000000', backgroundGradient: 'none',},\n    \t\tclip:  { \n    \t\t\turl: '\/blog\/wp-content\/uploads\/2009\/01\/Colombianos\/HIMNONACIONAL.flv',\n        \t\tscaling: 'fit', autoPlay: false, autoBuffering: true \n\t\t\t\t   , onFinish : function () { this.seek(0); }  \n\n\t        }\n\n\t\t});\n}\n<\/script><br \/>\n<\/br><\/p>\n<p>[icon color=\u00bbAccent-Color\u00bb size=\u00bbregular\u00bb image=\u00bbsteadysets-icon-chat\u00bb] <strong>Contexto<\/strong><\/br><\/br><\/p>\n<p style=\"text-align: justify;\">Spot del Himno Nacional de Colombia que fue emitido durante dos d\u00e9cadas en la televisi\u00f3n nacional. La pieza fue contratada por INRAVISION, la entidad que manejaba la televisi\u00f3n p\u00fablica, y lo hizo en el a\u00f1o de 1987 con el fin de trasmitir un mensaje emocional y patri\u00f3tico en el momento de abrir y cerrar la se\u00f1al de televisi\u00f3n. El instrumento aparece despu\u00e9s de la Toma del Palacio de Justicia y de la Tragedia de Armero y busca un reencuentro con los valores de la nacionalidad.<\/p><\/p>\n","protected":false},"excerpt":{"rendered":"<p>*Video: himno nacional de colombia [icon color=\u00bbAccent-Color\u00bb size=\u00bbregular\u00bb image=\u00bbsteadysets-icon-chat\u00bb] Contexto Spot del Himno Nacional de Colombia que fue emitido durante dos d\u00e9cadas en la televisi\u00f3n nacional. La pieza fue contratada por INRAVISION, la entidad que manejaba la televisi\u00f3n p\u00fablica, y lo hizo en el a\u00f1o de 1987 con el fin de trasmitir un mensaje emocional [&hellip;]<\/p>\n","protected":false},"author":5,"featured_media":10150,"comment_status":"open","ping_status":"open","sticky":false,"template":"","format":"standard","meta":{"_et_pb_use_builder":"","_et_pb_old_content":"","_et_gb_content_width":"","advanced_seo_description":"","jetpack_seo_html_title":"","jetpack_seo_noindex":false,"footnotes":""},"categories":[418,263,62,28,36,10,11,3],"tags":[402],"class_list":["post-10149","post","type-post","status-publish","format-standard","has-post-thumbnail","hentry","category-418","category-ano","category-colombia","category-comunicacion-gobierno","category-de-gobierno","category-geo","category-temas","category-video","tag-francisco-ortiz"],"jetpack_featured_media_url":"https:\/\/i0.wp.com\/estrategica.com.co\/blog\/wp-content\/uploads\/2009\/04\/himno-nacional_thumb.png?fit=332%2C256&ssl=1","jetpack_shortlink":"https:\/\/wp.me\/p4wgsh-2DH","jetpack-related-posts":[{"id":15482,"url":"https:\/\/estrategica.com.co\/blog\/himno-nacional-correa\/","url_meta":{"origin":10149,"position":0},"title":"Himno Nacional &#8211; Correa","author":"Juliana","date":"junio 15, 2009","format":false,"excerpt":"[hana-flv-player video=\"\/blog\/wp-content\/uploads\/2009\/01\/videos_ultimos\/av243.flv\" width=\"550\" height=\"\" description=\"Himno Nacional - Correa\" clickurl=\"\" clicktarget=\"\" player=\"4\" autoplay=\"false\" loop=\"false\" autorewind=\"true\" splashimage=\"\" skin=\"\" \/] [icon color=\"Accent-Color\" size=\"regular\" image=\"steadysets-icon-chat\"] Contexto Spot del Gobierno de Ecuador posicionando a trav\u00e9s del Himno Nacional un mensaje de nacionalismo, optimismo y esperanza en el ciudadano. El tono de la pieza es emocional,\u2026","rel":"","context":"En \u00ab2008\u00bb","block_context":{"text":"2008","link":"https:\/\/estrategica.com.co\/blog\/category\/ano\/2008\/"},"img":{"alt_text":"","src":"https:\/\/i0.wp.com\/estrategica.com.co\/blog\/wp-content\/uploads\/2009\/05\/av243_thumb.png?fit=398%2C353&ssl=1&resize=350%2C200","width":350,"height":200},"classes":[]},{"id":17373,"url":"https:\/\/estrategica.com.co\/blog\/himno-revolucion-ciudadana-correa\/","url_meta":{"origin":10149,"position":1},"title":"Himno Revoluci\u00f3n Ciudadana &#8211; Correa","author":"Juliana","date":"junio 20, 2009","format":false,"excerpt":"[hana-flv-player video=\"\/blog\/wp-content\/uploads\/2009\/01\/videosultimosconver\/HimnoRevolucionCiudadana.flv\" width=\"550\" height=\"\" description=\"Himno Revoluci\u00f3n Ciudadana - Correa\" clickurl=\"\" clicktarget=\"\" player=\"4\" autoplay=\"false\" loop=\"false\" autorewind=\"true\" splashimage=\"\" skin=\"\" \/] [icon color=\"Accent-Color\" size=\"regular\" image=\"steadysets-icon-chat\"] Contexto Spot del Gobierno de Ecuador posicionando a trav\u00e9s de una composici\u00f3n musical un mensaje de nacionalismo, optimismo y esperanza en el ciudadano. El tono de la pieza\u2026","rel":"","context":"En \u00ab2008\u00bb","block_context":{"text":"2008","link":"https:\/\/estrategica.com.co\/blog\/category\/ano\/2008\/"},"img":{"alt_text":"","src":"https:\/\/i0.wp.com\/estrategica.com.co\/blog\/wp-content\/uploads\/2009\/06\/himnorevolucionciudadana_thumb.png?fit=653%2C385&ssl=1&resize=350%2C200","width":350,"height":200},"classes":[]},{"id":7574,"url":"https:\/\/estrategica.com.co\/blog\/himno-del-fmln\/","url_meta":{"origin":10149,"position":2},"title":"Himno del FMLN","author":"Juliana","date":"marzo 29, 2009","format":false,"excerpt":"[hana-flv-player video=\"\/blog\/wp-content\/uploads\/2009\/01\/videos_varios_f\/Himno_del_FMLN.flv\" width=\"550\" height=\"\" description=\"Himno del FMLN\" clickurl=\"\" clicktarget=\"\" autoplay=\"false\" loop=\"false\" autorewind=\"true\" splashimage=\"\" skin=\"\" \/] [icon color=\"Accent-Color\" size=\"regular\" image=\"steadysets-icon-chat\"] Contexto Himno Oficial del Frente Farabundo Mart\u00ed para la Liberaci\u00f3n Nacional, FMLN.","rel":"","context":"En \u00abA\u00d1O\u00bb","block_context":{"text":"A\u00d1O","link":"https:\/\/estrategica.com.co\/blog\/category\/ano\/"},"img":{"alt_text":"","src":"https:\/\/i0.wp.com\/estrategica.com.co\/blog\/wp-content\/uploads\/2009\/03\/himno_del_fmln_thumb.png?fit=332%2C242&ssl=1&resize=350%2C200","width":350,"height":200},"classes":[]},{"id":20570,"url":"https:\/\/estrategica.com.co\/blog\/todos-los-dias-acnur\/","url_meta":{"origin":10149,"position":3},"title":"Todos los D\u00edas &#8211; ACNUR","author":"Juliana","date":"abril 29, 2010","format":false,"excerpt":"[hana-flv-player video=\"\/blog\/wp-content\/uploads\/2009\/01\/videos20102\/Todoslosdas.flv\" width=\"550\" height=\"\" description=\"Todos los D\u00edas - ACNUR\" clickurl=\"\" clicktarget=\"\" player=\"4\" autoplay=\"false\" loop=\"false\" autorewind=\"true\" splashimage=\"\" skin=\"\" \/] [icon color=\"Accent-Color\" size=\"regular\" image=\"steadysets-icon-chat\"] Contexto Spot de ACNUR en Colombia en el a\u00f1o 2007 para evidenciar la realidad que padecen los desplazados y los refugiados. El mensaje es que todos los d\u00edas\u2026","rel":"","context":"En \u00ab2007\u00bb","block_context":{"text":"2007","link":"https:\/\/estrategica.com.co\/blog\/category\/ano\/2007\/"},"img":{"alt_text":"","src":"https:\/\/i0.wp.com\/estrategica.com.co\/blog\/wp-content\/uploads\/2010\/01\/Todos-los-das_thumb.png?fit=356%2C285&ssl=1&resize=350%2C200","width":350,"height":200},"classes":[]},{"id":20310,"url":"https:\/\/estrategica.com.co\/blog\/himno-nacional-argentino-scioli-kirchner\/","url_meta":{"origin":10149,"position":4},"title":"Himno Nacional Argentino &#8211; Scioli &#8211; Kirchner","author":"Juliana","date":"abril 26, 2010","format":false,"excerpt":"[hana-flv-player video=\"\/blog\/wp-content\/uploads\/2009\/01\/videos20102\/Himno_Nacional_Argentino.flv\" width=\"550\" height=\"\" description=\"Himno Nacional Argentino - Scioli - Kirchner\" clickurl=\"\" clicktarget=\"\" player=\"4\" autoplay=\"false\" loop=\"false\" autorewind=\"true\" splashimage=\"\" skin=\"\" \/] [icon color=\"Accent-Color\" size=\"regular\" image=\"steadysets-icon-chat\"] Contexto Spot de la campa\u00f1a de N\u00e9stor Kirchner y Daniel Scioli para posicionar su aspiraci\u00f3n a diputados nacionales en la provincia de Buenos Aires. La campa\u00f1a\u2026","rel":"","context":"En \u00abArgentina\u00bb","block_context":{"text":"Argentina","link":"https:\/\/estrategica.com.co\/blog\/category\/geo\/america\/argentina\/"},"img":{"alt_text":"","src":"https:\/\/i0.wp.com\/estrategica.com.co\/blog\/wp-content\/uploads\/2010\/01\/Himno_Nacional_Argentino_thumb.png?fit=395%2C261&ssl=1&resize=350%2C200","width":350,"height":200},"classes":[]},{"id":23984,"url":"https:\/\/estrategica.com.co\/blog\/peru-colombia-toledo\/","url_meta":{"origin":10149,"position":5},"title":"Peru &#8211; Colombia &#8211; Toledo","author":"Juliana","date":"agosto 23, 2010","format":false,"excerpt":"[hana-flv-player video=\"\/blog\/wp-content\/uploads\/2009\/01\/20100708\/PERUCOLOMBIAAlejandroToledo.flv\" width=\"550\" height=\"\" description=\"Peru - Colombia - Toledo\" clickurl=\"\" clicktarget=\"\" player=\"4\" autoplay=\"false\" loop=\"false\" autorewind=\"true\" splashimage=\"\" skin=\"\" \/] [icon color=\"Accent-Color\" size=\"regular\" image=\"steadysets-icon-chat\"] Contexto Spot del Gobierno del Presidente Alejandro Toledo para posicionar los logros al cierre de su gobierno durante el a\u00f1o 2006. El gobierno de Toledo mantuvo la estabilidad\u2026","rel":"","context":"En \u00ab2006\u00bb","block_context":{"text":"2006","link":"https:\/\/estrategica.com.co\/blog\/category\/ano\/2006\/"},"img":{"alt_text":"","src":"https:\/\/i0.wp.com\/estrategica.com.co\/blog\/wp-content\/uploads\/2010\/07\/PERUCOLOMBIAAlejandroToledo_thumb.png?fit=540%2C397&ssl=1&resize=350%2C200","width":350,"height":200},"classes":[]}],"jetpack_sharing_enabled":true,"_links":{"self":[{"href":"https:\/\/estrategica.com.co\/blog\/wp-json\/wp\/v2\/posts\/10149","targetHints":{"allow":["GET"]}}],"collection":[{"href":"https:\/\/estrategica.com.co\/blog\/wp-json\/wp\/v2\/posts"}],"about":[{"href":"https:\/\/estrategica.com.co\/blog\/wp-json\/wp\/v2\/types\/post"}],"author":[{"embeddable":true,"href":"https:\/\/estrategica.com.co\/blog\/wp-json\/wp\/v2\/users\/5"}],"replies":[{"embeddable":true,"href":"https:\/\/estrategica.com.co\/blog\/wp-json\/wp\/v2\/comments?post=10149"}],"version-history":[{"count":8,"href":"https:\/\/estrategica.com.co\/blog\/wp-json\/wp\/v2\/posts\/10149\/revisions"}],"predecessor-version":[{"id":46966,"href":"https:\/\/estrategica.com.co\/blog\/wp-json\/wp\/v2\/posts\/10149\/revisions\/46966"}],"wp:featuredmedia":[{"embeddable":true,"href":"https:\/\/estrategica.com.co\/blog\/wp-json\/wp\/v2\/media\/10150"}],"wp:attachment":[{"href":"https:\/\/estrategica.com.co\/blog\/wp-json\/wp\/v2\/media?parent=10149"}],"wp:term":[{"taxonomy":"category","embeddable":true,"href":"https:\/\/estrategica.com.co\/blog\/wp-json\/wp\/v2\/categories?post=10149"},{"taxonomy":"post_tag","embeddable":true,"href":"https:\/\/estrategica.com.co\/blog\/wp-json\/wp\/v2\/tags?post=10149"}],"curies":[{"name":"wp","href":"https:\/\/api.w.org\/{rel}","templated":true}]}}