{"id":10157,"date":"2009-04-03T13:57:04","date_gmt":"2009-04-03T13:57:04","guid":{"rendered":"http:\/\/estrategica.com.co\/blog\/?p=10157"},"modified":"2015-03-06T11:19:53","modified_gmt":"2015-03-06T16:19:53","slug":"hoja-de-vida-serpa","status":"publish","type":"post","link":"https:\/\/estrategica.com.co\/blog\/hoja-de-vida-serpa\/","title":{"rendered":"Hoja de Vida &#8211; Serpa"},"content":{"rendered":"<p> <script type='text\/javascript' src='https:\/\/estrategica.com.co\/blog\/wp-content\/plugins\/hana-flv-player\/flowplayer3\/example\/flowplayer-3.2.6.min.js'><\/script>\n<div >\n<div id='hana_flv_flow3_1' style='display:block;width:550px;height:413px;background-color:#555555;color:#ffffff;padding:0' title=\"*Video:hoja de vida - serpa\"><\/div>\n<\/div>\n\n<script  type='text\/javascript'>\nif (typeof g_hanaFlash !== 'undefined' && !g_hanaFlash){\n    jQuery('#hana_flv_flow3_1').css( 'padding', '5px' );\n\tjQuery('#hana_flv_flow3_1').html(\"<span class='inactive_message' style='display:block'>Sorry, your browser does not support Flash Video Player<\/span> *Video:hoja de vida - serpa\");\n}else{\t\t\t\n\t\tflowplayer('hana_flv_flow3_1', { src: 'https:\/\/estrategica.com.co\/blog\/wp-content\/plugins\/hana-flv-player\/flowplayer3\/flowplayer-3.2.7.swf', wmode: 'transparent' }, { \n\n\t\t\tcanvas: { backgroundColor: '#000000', backgroundGradient: 'none',},\n    \t\tclip:  { \n    \t\t\turl: '\/blog\/wp-content\/uploads\/2009\/01\/Colombianos\/hojadevidaserpa.flv',\n        \t\tscaling: 'fit', autoPlay: false, autoBuffering: true \n\t\t\t\t   , onFinish : function () { this.seek(0); }  \n\n\t        }\n\n\t\t});\n}\n<\/script><br \/>\n<\/br><\/p>\n<p>[icon color=\u00bbAccent-Color\u00bb size=\u00bbregular\u00bb image=\u00bbsteadysets-icon-chat\u00bb] <strong>Contexto<\/strong><\/br><\/br><\/p>\n<p style=\"text-align: justify;\">Video realizado por Francisco Ortiz para la campa\u00f1a de Horacio Serpa en las elecciones de 2002. El video se dise\u00f1o estrategicamente para alcanzar dos objetivos fundamentales: primero mostrar de manera impactante la hoja de vida de Serpa. Hoja de vida, que frente a la de los adversarios del momento, (Noemi Sanin, Luis Eduardo Garz\u00f3n y Alvaro Uribe Velez) mostraba m\u00e1s logros, experiencia y trayectoria. El segundo objetivo era la presentaci\u00f3n de los denominados \u00abSerpatizantes\u00bb. Un grupo de ciudadanos que estrategicamente se creo para buscar electoralmente a los ciudadanos que, sin militar en un partido determinado, tuvieran afecto por las ideas y propuestas de Serpa.<\/p>\n<p style=\"text-align: justify;\"<\/p>\n","protected":false},"excerpt":{"rendered":"<p>*Video: hoja de vida &#8211; serpa [icon color=\u00bbAccent-Color\u00bb size=\u00bbregular\u00bb image=\u00bbsteadysets-icon-chat\u00bb] Contexto Video realizado por Francisco Ortiz para la campa\u00f1a de Horacio Serpa en las elecciones de 2002. El video se dise\u00f1o estrategicamente para alcanzar dos objetivos fundamentales: primero mostrar de manera impactante la hoja de vida de Serpa. Hoja de vida, que frente a la [&hellip;]<\/p>\n","protected":false},"author":5,"featured_media":10158,"comment_status":"open","ping_status":"open","sticky":false,"template":"","format":"standard","meta":{"_et_pb_use_builder":"","_et_pb_old_content":"","_et_gb_content_width":"","advanced_seo_description":"","jetpack_seo_html_title":"","jetpack_seo_noindex":false,"footnotes":""},"categories":[57,62,34,10,11,3],"tags":[104,402,406,392],"class_list":["post-10157","post","type-post","status-publish","format-standard","has-post-thumbnail","hentry","category-campana-presidencial","category-colombia","category-electoral","category-geo","category-temas","category-video","tag-elecciones-2002","tag-francisco-ortiz","tag-horacio-serpa","tag-partido-liberal-colombiano"],"jetpack_featured_media_url":"https:\/\/i0.wp.com\/estrategica.com.co\/blog\/wp-content\/uploads\/2009\/04\/hoja-de-vida-serpa_thumb.png?fit=290%2C256&ssl=1","jetpack_shortlink":"https:\/\/wp.me\/p4wgsh-2DP","jetpack-related-posts":[{"id":10204,"url":"https:\/\/estrategica.com.co\/blog\/discurso-serpa\/","url_meta":{"origin":10157,"position":0},"title":"Discurso &#8211; Serpa","author":"Juliana","date":"abril 4, 2009","format":false,"excerpt":"[hana-flv-player video=\"\/blog\/wp-content\/uploads\/2009\/01\/Colombianos\/serpa1998.flv\" width=\"550\" height=\"\" description=\"Discurso - Serpa\" clickurl=\"\" clicktarget=\"\" player=\"4\" autoplay=\"false\" loop=\"false\" autorewind=\"true\" splashimage=\"\" skin=\"\" \/] [icon color=\"Accent-Color\" size=\"regular\" image=\"steadysets-icon-chat\"] Contexto Spot de campa\u00f1a de Horacio Serpa y Mar\u00eda Emma Mej\u00eda, del Partido Liberal, durante las elecciones presidenciales de 1998. La campa\u00f1a estuvo marcada por el esc\u00e1ndalo suscitado por el\u2026","rel":"","context":"En \u00abCampa\u00f1a Presidencial\u00bb","block_context":{"text":"Campa\u00f1a Presidencial","link":"https:\/\/estrategica.com.co\/blog\/category\/temas\/campana-presidencial\/"},"img":{"alt_text":"","src":"https:\/\/i0.wp.com\/estrategica.com.co\/blog\/wp-content\/uploads\/2009\/04\/serpa1998_thumb.png?fit=308%2C247&ssl=1&resize=350%2C200","width":350,"height":200},"classes":[]},{"id":10208,"url":"https:\/\/estrategica.com.co\/blog\/quien-serpa\/","url_meta":{"origin":10157,"position":1},"title":"Qui\u00e9n&#8230; &#8211; Serpa","author":"Juliana","date":"abril 4, 2009","format":false,"excerpt":"[hana-flv-player video=\"\/blog\/wp-content\/uploads\/2009\/01\/Colombianos\/serpa_quien_educacion.flv\" width=\"550\" height=\"\" description=\"Qui\u00e9n... - Serpa\" clickurl=\"\" clicktarget=\"\" player=\"4\" autoplay=\"false\" loop=\"false\" autorewind=\"true\" splashimage=\"\" skin=\"\" \/] [icon color=\"Accent-Color\" size=\"regular\" image=\"steadysets-icon-chat\"] Contexto Spot de campa\u00f1a de Horacio Serpa y Mar\u00eda Emma Mej\u00eda, del Partido Liberal, durante las elecciones presidenciales de 1998. La campa\u00f1a estuvo marcada por el esc\u00e1ndalo suscitado por el\u2026","rel":"","context":"En \u00abCampa\u00f1a Presidencial\u00bb","block_context":{"text":"Campa\u00f1a Presidencial","link":"https:\/\/estrategica.com.co\/blog\/category\/temas\/campana-presidencial\/"},"img":{"alt_text":"","src":"https:\/\/i0.wp.com\/estrategica.com.co\/blog\/wp-content\/uploads\/2009\/04\/serpa_quien_educacion-_thumb.png?fit=293%2C251&ssl=1&resize=350%2C200","width":350,"height":200},"classes":[]},{"id":10220,"url":"https:\/\/estrategica.com.co\/blog\/paz-serpa\/","url_meta":{"origin":10157,"position":2},"title":"Paz &#8211; Serpa","author":"Juliana","date":"abril 2, 2009","format":false,"excerpt":"[hana-flv-player video=\"\/blog\/wp-content\/uploads\/2009\/01\/Colombianos\/serpapaz.flv\" width=\"550\" height=\"\" description=\"Paz - Serpa\" clickurl=\"\" clicktarget=\"\" player=\"4\" autoplay=\"false\" loop=\"false\" autorewind=\"true\" splashimage=\"\" skin=\"\" \/] [icon color=\"Accent-Color\" size=\"regular\" image=\"steadysets-icon-chat\"] Contexto Spot de campa\u00f1a de Horacio Serpa y Mar\u00eda Emma Mej\u00eda, del Partido Liberal, durante las elecciones presidenciales de 1998. La campa\u00f1a estuvo marcada por el esc\u00e1ndalo suscitado por el\u2026","rel":"","context":"En \u00abCampa\u00f1a Presidencial\u00bb","block_context":{"text":"Campa\u00f1a Presidencial","link":"https:\/\/estrategica.com.co\/blog\/category\/temas\/campana-presidencial\/"},"img":{"alt_text":"","src":"https:\/\/i0.wp.com\/estrategica.com.co\/blog\/wp-content\/uploads\/2009\/04\/serpapaz_thumb.png?fit=277%2C248&ssl=1&resize=350%2C200","width":350,"height":200},"classes":[]},{"id":10169,"url":"https:\/\/estrategica.com.co\/blog\/mariaemmalavice\/","url_meta":{"origin":10157,"position":3},"title":"Maria Emma Mejia &#8211; Serpa","author":"Juliana","date":"abril 4, 2009","format":false,"excerpt":"[hana-flv-player video=\"\/blog\/wp-content\/uploads\/2009\/01\/Colombianos\/mariaemmalavice.flv\" width=\"550\" height=\"\" description=\"Maria Emma Mejia - Serpa\" clickurl=\"\" clicktarget=\"\" player=\"4\" autoplay=\"false\" loop=\"false\" autorewind=\"true\" splashimage=\"\" skin=\"\" \/] [icon color=\"Accent-Color\" size=\"regular\" image=\"steadysets-icon-chat\"] Contexto Spot de campa\u00f1a de Horacio Serpa y Mar\u00eda Emma Mej\u00eda, del Partido Liberal, durante las elecciones presidenciales de 1998. La campa\u00f1a estuvo marcada por el esc\u00e1ndalo suscitado\u2026","rel":"","context":"En \u00abCampa\u00f1a Presidencial\u00bb","block_context":{"text":"Campa\u00f1a Presidencial","link":"https:\/\/estrategica.com.co\/blog\/category\/temas\/campana-presidencial\/"},"img":{"alt_text":"","src":"https:\/\/i0.wp.com\/estrategica.com.co\/blog\/wp-content\/uploads\/2009\/04\/mariaemmalavice_thumb.png?fit=317%2C255&ssl=1&resize=350%2C200","width":350,"height":200},"classes":[]},{"id":10224,"url":"https:\/\/estrategica.com.co\/blog\/poema-paz-serpa\/","url_meta":{"origin":10157,"position":4},"title":"Poema &#8211; Paz &#8211; Serpa","author":"Juliana","date":"abril 2, 2009","format":false,"excerpt":"[hana-flv-player video=\"\/blog\/wp-content\/uploads\/2009\/01\/Colombianos\/serpapoema.flv\" width=\"550\" height=\"\" description=\"Poema - Paz - Serpa\" clickurl=\"\" clicktarget=\"\" player=\"4\" autoplay=\"false\" loop=\"false\" autorewind=\"true\" splashimage=\"\" skin=\"\" \/] [icon color=\"Accent-Color\" size=\"regular\" image=\"steadysets-icon-chat\"] Contexto Spot de campa\u00f1a de Horacio Serpa y Mar\u00eda Emma Mej\u00eda, del Partido Liberal, durante las elecciones presidenciales de 1998. La campa\u00f1a estuvo marcada por el esc\u00e1ndalo suscitado\u2026","rel":"","context":"En \u00abCampa\u00f1a Presidencial\u00bb","block_context":{"text":"Campa\u00f1a Presidencial","link":"https:\/\/estrategica.com.co\/blog\/category\/temas\/campana-presidencial\/"},"img":{"alt_text":"","src":"https:\/\/i0.wp.com\/estrategica.com.co\/blog\/wp-content\/uploads\/2009\/04\/serpapoema_thumb.png?fit=317%2C245&ssl=1&resize=350%2C200","width":350,"height":200},"classes":[]},{"id":10228,"url":"https:\/\/estrategica.com.co\/blog\/maria-emma-serpa\/","url_meta":{"origin":10157,"position":5},"title":"Maria Emma &#8211; El Camino de la Paz &#8211; Serpa","author":"Juliana","date":"abril 2, 2009","format":false,"excerpt":"[hana-flv-player video=\"\/blog\/wp-content\/uploads\/2009\/01\/Colombianos\/serpaymariaemma.flv\" width=\"550\" height=\"\" description=\"Maria Emma - El Camino de la Paz - Serpa\" clickurl=\"\" clicktarget=\"\" player=\"4\" autoplay=\"false\" loop=\"false\" autorewind=\"true\" splashimage=\"\" skin=\"\" \/] [icon color=\"Accent-Color\" size=\"regular\" image=\"steadysets-icon-chat\"] Contexto Spot de campa\u00f1a de Horacio Serpa y Mar\u00eda Emma Mej\u00eda, del Partido Liberal, durante las elecciones presidenciales de 1998. La campa\u00f1a estuvo\u2026","rel":"","context":"En \u00abCampa\u00f1a Presidencial\u00bb","block_context":{"text":"Campa\u00f1a Presidencial","link":"https:\/\/estrategica.com.co\/blog\/category\/temas\/campana-presidencial\/"},"img":{"alt_text":"","src":"https:\/\/i0.wp.com\/estrategica.com.co\/blog\/wp-content\/uploads\/2009\/04\/serpaymariaemma_thumb.png?fit=303%2C249&ssl=1&resize=350%2C200","width":350,"height":200},"classes":[]}],"jetpack_sharing_enabled":true,"_links":{"self":[{"href":"https:\/\/estrategica.com.co\/blog\/wp-json\/wp\/v2\/posts\/10157","targetHints":{"allow":["GET"]}}],"collection":[{"href":"https:\/\/estrategica.com.co\/blog\/wp-json\/wp\/v2\/posts"}],"about":[{"href":"https:\/\/estrategica.com.co\/blog\/wp-json\/wp\/v2\/types\/post"}],"author":[{"embeddable":true,"href":"https:\/\/estrategica.com.co\/blog\/wp-json\/wp\/v2\/users\/5"}],"replies":[{"embeddable":true,"href":"https:\/\/estrategica.com.co\/blog\/wp-json\/wp\/v2\/comments?post=10157"}],"version-history":[{"count":10,"href":"https:\/\/estrategica.com.co\/blog\/wp-json\/wp\/v2\/posts\/10157\/revisions"}],"predecessor-version":[{"id":47073,"href":"https:\/\/estrategica.com.co\/blog\/wp-json\/wp\/v2\/posts\/10157\/revisions\/47073"}],"wp:featuredmedia":[{"embeddable":true,"href":"https:\/\/estrategica.com.co\/blog\/wp-json\/wp\/v2\/media\/10158"}],"wp:attachment":[{"href":"https:\/\/estrategica.com.co\/blog\/wp-json\/wp\/v2\/media?parent=10157"}],"wp:term":[{"taxonomy":"category","embeddable":true,"href":"https:\/\/estrategica.com.co\/blog\/wp-json\/wp\/v2\/categories?post=10157"},{"taxonomy":"post_tag","embeddable":true,"href":"https:\/\/estrategica.com.co\/blog\/wp-json\/wp\/v2\/tags?post=10157"}],"curies":[{"name":"wp","href":"https:\/\/api.w.org\/{rel}","templated":true}]}}