{"id":1020,"date":"2009-01-13T02:58:09","date_gmt":"2009-01-13T02:58:09","guid":{"rendered":"http:\/\/estrategica.com.co\/blog\/?p=1020"},"modified":"2014-03-06T15:17:33","modified_gmt":"2014-03-06T20:17:33","slug":"victimas-de-la-moda","status":"publish","type":"post","link":"https:\/\/estrategica.com.co\/blog\/victimas-de-la-moda\/","title":{"rendered":"Victimas de la Moda"},"content":{"rendered":"<p><img loading=\"lazy\" decoding=\"async\" data-attachment-id=\"1019\" data-permalink=\"https:\/\/estrategica.com.co\/blog\/victimas-de-la-moda\/wwf\/\" data-orig-file=\"https:\/\/i0.wp.com\/estrategica.com.co\/blog\/wp-content\/uploads\/2009\/01\/wwf.jpg?fit=700%2C473&amp;ssl=1\" data-orig-size=\"700,473\" data-comments-opened=\"1\" data-image-meta=\"{&quot;aperture&quot;:&quot;0&quot;,&quot;credit&quot;:&quot;&quot;,&quot;camera&quot;:&quot;&quot;,&quot;caption&quot;:&quot;&quot;,&quot;created_timestamp&quot;:&quot;0&quot;,&quot;copyright&quot;:&quot;&quot;,&quot;focal_length&quot;:&quot;0&quot;,&quot;iso&quot;:&quot;0&quot;,&quot;shutter_speed&quot;:&quot;0&quot;,&quot;title&quot;:&quot;&quot;}\" data-image-title=\"wwf\" data-image-description=\"\" data-image-caption=\"\" data-medium-file=\"https:\/\/i0.wp.com\/estrategica.com.co\/blog\/wp-content\/uploads\/2009\/01\/wwf.jpg?fit=300%2C202&amp;ssl=1\" data-large-file=\"https:\/\/i0.wp.com\/estrategica.com.co\/blog\/wp-content\/uploads\/2009\/01\/wwf.jpg?fit=700%2C473&amp;ssl=1\" class=\"alignnone size-full wp-image-1019\" title=\"wwf\" alt=\"wwf\" src=\"https:\/\/i0.wp.com\/estrategica.com.co\/blog\/wp-content\/uploads\/2009\/01\/wwf.jpg?resize=560%2C378\" width=\"560\" height=\"378\" srcset=\"https:\/\/i0.wp.com\/estrategica.com.co\/blog\/wp-content\/uploads\/2009\/01\/wwf.jpg?w=700&amp;ssl=1 700w, https:\/\/i0.wp.com\/estrategica.com.co\/blog\/wp-content\/uploads\/2009\/01\/wwf.jpg?resize=300%2C202&amp;ssl=1 300w\" sizes=\"(max-width: 560px) 100vw, 560px\" data-recalc-dims=\"1\" \/><\/p>\n<p class=\"MsoNormal\" style=\"margin: 0cm 0cm 0pt; text-align: justify;\"><span style=\"font-size: small; font-family: Times New Roman;\">Afiche realizado para la WWF por la agencia Ogilvy y Mather en Bombay. La imagen muestra a dos tigres con las marcas de las tallas peque\u00f1as y extragrande sobre su lomo, presagiando el uso que tendr\u00e1n sus pieles. El texto dice: \u201cLa moda cobra m\u00e1s victimas de las que usted piensa\u201d<\/span><\/p>\n","protected":false},"excerpt":{"rendered":"<p>Afiche realizado para la WWF por la agencia Ogilvy y Mather en Bombay. La imagen muestra a dos tigres con las marcas de las tallas peque\u00f1as y extragrande sobre su lomo, presagiando el uso que tendr\u00e1n sus pieles. El texto dice: \u201cLa moda cobra m\u00e1s victimas de las que usted piensa\u201d<\/p>\n","protected":false},"author":4,"featured_media":1019,"comment_status":"open","ping_status":"open","sticky":false,"template":"","format":"standard","meta":{"_et_pb_use_builder":"","_et_pb_old_content":"","_et_gb_content_width":"","advanced_seo_description":"","jetpack_seo_html_title":"","jetpack_seo_noindex":false,"footnotes":""},"categories":[5,27,46,10,164,11],"tags":[147,158],"class_list":["post-1020","post","type-post","status-publish","format-standard","has-post-thumbnail","hentry","category-afiches","category-divulgacion-politica","category-fotograficos","category-geo","category-india","category-temas","tag-medio-ambiente","tag-wwf"],"jetpack_featured_media_url":"https:\/\/i0.wp.com\/estrategica.com.co\/blog\/wp-content\/uploads\/2009\/01\/wwf.jpg?fit=700%2C473&ssl=1","jetpack_shortlink":"https:\/\/wp.me\/p4wgsh-gs","jetpack-related-posts":[{"id":1634,"url":"https:\/\/estrategica.com.co\/blog\/luchamos-diariamente-por-nuestra-extincion\/","url_meta":{"origin":1020,"position":0},"title":"Luchamos diariamente por nuestra extinci\u00f3n","author":"estrategica.com","date":"enero 19, 2009","format":false,"excerpt":"Campa\u00f1a de la WWF realizada por Y&R de Roma, Italia. En la grafica aparece el s\u00edmbolo de WWF, el oso panda, diluy\u00e9ndose en el centro de un afiche con diferentes tonalidades de blanco. El texto dice: \u201cLuchamos diariamente por nuestra extinci\u00f3n\u201d y \u201cTenemos un sue\u00f1o: un planeta sin especies puestas\u2026","rel":"","context":"En \u00abAFICHES\u00bb","block_context":{"text":"AFICHES","link":"https:\/\/estrategica.com.co\/blog\/category\/afiches\/"},"img":{"alt_text":"","src":"https:\/\/i0.wp.com\/estrategica.com.co\/blog\/wp-content\/uploads\/2009\/01\/30.jpg?fit=497%2C663&ssl=1&resize=350%2C200","width":350,"height":200},"classes":[]},{"id":1593,"url":"https:\/\/estrategica.com.co\/blog\/hongos\/","url_meta":{"origin":1020,"position":1},"title":"Hongos","author":"estrategica.com","date":"enero 19, 2009","format":false,"excerpt":"Afiche de la WWF en donde se crea una sutil analog\u00eda entre los hongos que carcomen y destruyen las hojas de los \u00e1rboles y un mapa cartogr\u00e1fico de una ciudad que se extiende sobre las zonas verdes que la rodean. Una grafica interesante y sutil que sin embargo no es\u2026","rel":"","context":"En \u00abAFICHES\u00bb","block_context":{"text":"AFICHES","link":"https:\/\/estrategica.com.co\/blog\/category\/afiches\/"},"img":{"alt_text":"","src":"https:\/\/i0.wp.com\/estrategica.com.co\/blog\/wp-content\/uploads\/2009\/01\/12.jpg?fit=497%2C352&ssl=1&resize=350%2C200","width":350,"height":200},"classes":[]},{"id":1005,"url":"https:\/\/estrategica.com.co\/blog\/evolucion-marfil\/","url_meta":{"origin":1020,"position":2},"title":"Evoluci\u00f3n, Marfil","author":"estrategica.com","date":"enero 13, 2009","format":false,"excerpt":"Afiche realizado para la WWF por la agencia Ogilvy y Mather en China. La ilustraci\u00f3n muestra la evoluci\u00f3n del elefante como especie desde que era una ameba hasta que es despojada del marfil de su cuerno. Es una grafica creativa e impactante con un mensaje impl\u00edcito contundente.","rel":"","context":"En \u00abAFICHES\u00bb","block_context":{"text":"AFICHES","link":"https:\/\/estrategica.com.co\/blog\/category\/afiches\/"},"img":{"alt_text":"","src":"https:\/\/i0.wp.com\/estrategica.com.co\/blog\/wp-content\/uploads\/2009\/01\/wwf-3.jpg?fit=750%2C530&ssl=1&resize=350%2C200","width":350,"height":200},"classes":[]},{"id":1597,"url":"https:\/\/estrategica.com.co\/blog\/hongos-2\/","url_meta":{"origin":1020,"position":3},"title":"Hongos","author":"estrategica.com","date":"enero 19, 2009","format":false,"excerpt":"Afiche de la WWF en donde se crea una sutil analog\u00eda entre los hongos que carcomen y destruyen las hojas de los \u00e1rboles y un mapa cartogr\u00e1fico de una ciudad que se extiende sobre las zonas verdes que la rodean. Una grafica interesante y sutil que sin embargo no es\u2026","rel":"","context":"En \u00abAFICHES\u00bb","block_context":{"text":"AFICHES","link":"https:\/\/estrategica.com.co\/blog\/category\/afiches\/"},"img":{"alt_text":"","src":"https:\/\/i0.wp.com\/estrategica.com.co\/blog\/wp-content\/uploads\/2009\/01\/131.jpg?fit=497%2C351&ssl=1&resize=350%2C200","width":350,"height":200},"classes":[]},{"id":1011,"url":"https:\/\/estrategica.com.co\/blog\/evolucion-abrigo\/","url_meta":{"origin":1020,"position":4},"title":"Evoluci\u00f3n, abrigo","author":"estrategica.com","date":"enero 13, 2009","format":false,"excerpt":"Afiche realizado para la WWF por la agencia Ogilvy y Mather en China. La ilustraci\u00f3n muestra la evoluci\u00f3n del tigre como especie desde que era una ameba hasta que su piel es usada para hacer un abrigo. Es una grafica creativa e impactante con un mensaje impl\u00edcito contundente.","rel":"","context":"En \u00abAFICHES\u00bb","block_context":{"text":"AFICHES","link":"https:\/\/estrategica.com.co\/blog\/category\/afiches\/"},"img":{"alt_text":"","src":"https:\/\/i0.wp.com\/estrategica.com.co\/blog\/wp-content\/uploads\/2009\/01\/wwf-posters-bb007.jpg?fit=468%2C331&ssl=1&resize=350%2C200","width":350,"height":200},"classes":[]},{"id":1014,"url":"https:\/\/estrategica.com.co\/blog\/evolucion-sopa\/","url_meta":{"origin":1020,"position":5},"title":"Evoluci\u00f3n, sopa","author":"estrategica.com","date":"enero 13, 2009","format":false,"excerpt":"Afiche realizado para la WWF por la agencia Ogilvy y Mather en China. La ilustraci\u00f3n muestra la evoluci\u00f3n de la tortuga como especie desde que era una ameba hasta que termina convertida en un humeante taz\u00f3n de sopa. Es una grafica creativa e impactante con un mensaje impl\u00edcito contundente.","rel":"","context":"En \u00abAFICHES\u00bb","block_context":{"text":"AFICHES","link":"https:\/\/estrategica.com.co\/blog\/category\/afiches\/"},"img":{"alt_text":"","src":"https:\/\/i0.wp.com\/estrategica.com.co\/blog\/wp-content\/uploads\/2009\/01\/wwf-posters-bb008.jpg?fit=468%2C331&ssl=1&resize=350%2C200","width":350,"height":200},"classes":[]}],"jetpack_sharing_enabled":true,"_links":{"self":[{"href":"https:\/\/estrategica.com.co\/blog\/wp-json\/wp\/v2\/posts\/1020","targetHints":{"allow":["GET"]}}],"collection":[{"href":"https:\/\/estrategica.com.co\/blog\/wp-json\/wp\/v2\/posts"}],"about":[{"href":"https:\/\/estrategica.com.co\/blog\/wp-json\/wp\/v2\/types\/post"}],"author":[{"embeddable":true,"href":"https:\/\/estrategica.com.co\/blog\/wp-json\/wp\/v2\/users\/4"}],"replies":[{"embeddable":true,"href":"https:\/\/estrategica.com.co\/blog\/wp-json\/wp\/v2\/comments?post=1020"}],"version-history":[{"count":4,"href":"https:\/\/estrategica.com.co\/blog\/wp-json\/wp\/v2\/posts\/1020\/revisions"}],"predecessor-version":[{"id":40625,"href":"https:\/\/estrategica.com.co\/blog\/wp-json\/wp\/v2\/posts\/1020\/revisions\/40625"}],"wp:featuredmedia":[{"embeddable":true,"href":"https:\/\/estrategica.com.co\/blog\/wp-json\/wp\/v2\/media\/1019"}],"wp:attachment":[{"href":"https:\/\/estrategica.com.co\/blog\/wp-json\/wp\/v2\/media?parent=1020"}],"wp:term":[{"taxonomy":"category","embeddable":true,"href":"https:\/\/estrategica.com.co\/blog\/wp-json\/wp\/v2\/categories?post=1020"},{"taxonomy":"post_tag","embeddable":true,"href":"https:\/\/estrategica.com.co\/blog\/wp-json\/wp\/v2\/tags?post=1020"}],"curies":[{"name":"wp","href":"https:\/\/api.w.org\/{rel}","templated":true}]}}