{"id":10251,"date":"2009-04-04T18:26:48","date_gmt":"2009-04-04T18:26:48","guid":{"rendered":"http:\/\/estrategica.com.co\/blog\/?p=10251"},"modified":"2015-02-27T16:39:15","modified_gmt":"2015-02-27T21:39:15","slug":"yo-me-le-mido-samper","status":"publish","type":"post","link":"https:\/\/estrategica.com.co\/blog\/yo-me-le-mido-samper\/","title":{"rendered":"Yo me le mido &#8211; Samper"},"content":{"rendered":"<p> <script type='text\/javascript' src='https:\/\/estrategica.com.co\/blog\/wp-content\/plugins\/hana-flv-player\/flowplayer3\/example\/flowplayer-3.2.6.min.js'><\/script>\n<div >\n<div id='hana_flv_flow3_1' style='display:block;width:550px;height:413px;background-color:#555555;color:#ffffff;padding:0' title=\"*Video:yo me le mido - samper\"><\/div>\n<\/div>\n\n<script  type='text\/javascript'>\nif (typeof g_hanaFlash !== 'undefined' && !g_hanaFlash){\n    jQuery('#hana_flv_flow3_1').css( 'padding', '5px' );\n\tjQuery('#hana_flv_flow3_1').html(\"<span class='inactive_message' style='display:block'>Sorry, your browser does not support Flash Video Player<\/span> *Video:yo me le mido - samper\");\n}else{\t\t\t\n\t\tflowplayer('hana_flv_flow3_1', { src: 'https:\/\/estrategica.com.co\/blog\/wp-content\/plugins\/hana-flv-player\/flowplayer3\/flowplayer-3.2.7.swf', wmode: 'transparent' }, { \n\n\t\t\tcanvas: { backgroundColor: '#000000', backgroundGradient: 'none',},\n    \t\tclip:  { \n    \t\t\turl: '\/blog\/wp-content\/uploads\/2009\/01\/Colombianos\/yomelemido.flv',\n        \t\tscaling: 'fit', autoPlay: false, autoBuffering: true \n\t\t\t\t   , onFinish : function () { this.seek(0); }  \n\n\t        }\n\n\t\t});\n}\n<\/script><br \/>\n<\/br><\/p>\n<p>[icon color=\u00bbAccent-Color\u00bb size=\u00bbregular\u00bb image=\u00bbsteadysets-icon-chat\u00bb] <strong>Contexto<\/strong><\/br><\/br><\/p>\n<p style=\"text-align: justify;\">Spot de Gobierno de Ernesto Samper en donde se posiciona el mensaje que se traducir\u00eda en el Pacto Social donde los diferentes estamentos de la productividad hacen acuerdos que se traduzcan en productividad, empleo y generaci\u00f3n de recursos.<\/p><\/p>\n","protected":false},"excerpt":{"rendered":"<p>*Video: yo me le mido &#8211; samper [icon color=\u00bbAccent-Color\u00bb size=\u00bbregular\u00bb image=\u00bbsteadysets-icon-chat\u00bb] Contexto Spot de Gobierno de Ernesto Samper en donde se posiciona el mensaje que se traducir\u00eda en el Pacto Social donde los diferentes estamentos de la productividad hacen acuerdos que se traduzcan en productividad, empleo y generaci\u00f3n de recursos.<\/p>\n","protected":false},"author":5,"featured_media":10252,"comment_status":"open","ping_status":"open","sticky":false,"template":"","format":"standard","meta":{"_et_pb_use_builder":"","_et_pb_old_content":"","_et_gb_content_width":"","advanced_seo_description":"","jetpack_seo_html_title":"","jetpack_seo_noindex":false,"footnotes":""},"categories":[417,263,62,28,36,10,11,3],"tags":[401,402],"class_list":["post-10251","post","type-post","status-publish","format-standard","has-post-thumbnail","hentry","category-417","category-ano","category-colombia","category-comunicacion-gobierno","category-de-gobierno","category-geo","category-temas","category-video","tag-ernesto-samper","tag-francisco-ortiz"],"jetpack_featured_media_url":"https:\/\/i0.wp.com\/estrategica.com.co\/blog\/wp-content\/uploads\/2009\/04\/yomelemido_thumb.png?fit=277%2C216&ssl=1","jetpack_shortlink":"https:\/\/wp.me\/p4wgsh-2Fl","jetpack-related-posts":[{"id":10248,"url":"https:\/\/estrategica.com.co\/blog\/valores-igualdad-samper\/","url_meta":{"origin":10251,"position":0},"title":"Valores Igualdad &#8211; Samper","author":"Juliana","date":"abril 4, 2009","format":false,"excerpt":"[hana-flv-player video=\"\/blog\/wp-content\/uploads\/2009\/01\/Colombianos\/valoresigualdad.flv\" width=\"550\" height=\"\" description=\"Valores Igualdad - Samper\" clickurl=\"\" clicktarget=\"\" player=\"4\" autoplay=\"false\" loop=\"false\" autorewind=\"true\" splashimage=\"\" skin=\"\" \/] [icon color=\"Accent-Color\" size=\"regular\" image=\"steadysets-icon-chat\"] Contexto Spot de Gobierno de Ernesto Samper en donde se posiciona el mensaje emocional dirigido a la construcci\u00f3n de valores sociales como la igualdad y la tolerancia.","rel":"","context":"En \u00ab1995\u00bb","block_context":{"text":"1995","link":"https:\/\/estrategica.com.co\/blog\/category\/ano\/1995\/"},"img":{"alt_text":"","src":"https:\/\/i0.wp.com\/estrategica.com.co\/blog\/wp-content\/uploads\/2009\/04\/valoresigualdad_thumb.png?fit=280%2C255&ssl=1&resize=350%2C200","width":350,"height":200},"classes":[]},{"id":10176,"url":"https:\/\/estrategica.com.co\/blog\/pinocho-valores-para-vivir-en-sociedad-samper\/","url_meta":{"origin":10251,"position":1},"title":"Pinocho &#8211; Valores para vivir en sociedad &#8211; Samper","author":"Juliana","date":"abril 4, 2009","format":false,"excerpt":"[hana-flv-player video=\"\/blog\/wp-content\/uploads\/2009\/01\/Colombianos\/pinocho.flv\" width=\"550\" height=\"\" description=\"Pinocho - Valores para vivir en sociedad - Samper\" clickurl=\"\" clicktarget=\"\" player=\"4\" autoplay=\"false\" loop=\"false\" autorewind=\"true\" splashimage=\"\" skin=\"\" \/] [icon color=\"Accent-Color\" size=\"regular\" image=\"steadysets-icon-chat\"] Contexto Spot de Gobierno de Ernesto Samper en donde se posiciona el mensaje emocional dirigido a la construcci\u00f3n de valores sociales como la igualdad,\u2026","rel":"","context":"En \u00ab1995\u00bb","block_context":{"text":"1995","link":"https:\/\/estrategica.com.co\/blog\/category\/ano\/1995\/"},"img":{"alt_text":"","src":"https:\/\/i0.wp.com\/estrategica.com.co\/blog\/wp-content\/uploads\/2009\/04\/pinocho_thumb.png?fit=282%2C251&ssl=1&resize=350%2C200","width":350,"height":200},"classes":[]},{"id":10172,"url":"https:\/\/estrategica.com.co\/blog\/narcoterrorismo-samper\/","url_meta":{"origin":10251,"position":2},"title":"Narcoterrorismo &#8211; Samper","author":"Juliana","date":"abril 2, 2009","format":false,"excerpt":"[hana-flv-player video=\"\/blog\/wp-content\/uploads\/2009\/01\/Colombianos\/NARCOTERRORISMO.flv\" width=\"550\" height=\"\" description=\"Narcoterrorismo - Samper\" clickurl=\"\" clicktarget=\"\" player=\"4\" autoplay=\"false\" loop=\"false\" autorewind=\"true\" splashimage=\"\" skin=\"\" \/] [icon color=\"Accent-Color\" size=\"regular\" image=\"steadysets-icon-chat\"] Contexto Spot realizado por el gobierno de Colombia para sensibilizar la tragedia del narcotr\u00e1fico en algunos escenarios congresionales norteamericanos. La pieza es dram\u00e1tica y desarrolla a trav\u00e9s de una secuencia\u2026","rel":"","context":"En \u00abColombia\u00bb","block_context":{"text":"Colombia","link":"https:\/\/estrategica.com.co\/blog\/category\/geo\/america\/colombia\/"},"img":{"alt_text":"","src":"https:\/\/i0.wp.com\/estrategica.com.co\/blog\/wp-content\/uploads\/2009\/04\/narcoterrorismo_thumb.png?fit=330%2C248&ssl=1&resize=350%2C200","width":350,"height":200},"classes":[]},{"id":10183,"url":"https:\/\/estrategica.com.co\/blog\/nuestros-ninos-samper\/","url_meta":{"origin":10251,"position":3},"title":"Nuestros Ni\u00f1os &#8211; Samper","author":"Juliana","date":"abril 2, 2009","format":false,"excerpt":"[hana-flv-player video=\"\/blog\/wp-content\/uploads\/2009\/01\/Colombianos\/NINOSSAMPER.flv\" width=\"550\" height=\"\" description=\"Nuestros Ni\u00f1os - Samper\" clickurl=\"\" clicktarget=\"\" player=\"4\" autoplay=\"false\" loop=\"false\" autorewind=\"true\" splashimage=\"\" skin=\"\" \/] [icon color=\"Accent-Color\" size=\"regular\" image=\"steadysets-icon-chat\"] Contexto Spot de la campa\u00f1a de Ernesto Samper Pizano durante las elecciones de 1994.\u00a0 Fue realizado por Francisco Ortiz.\u00a0 En la campa\u00f1a se enfrentaban Samper y Andr\u00e9s Pastrana. El\u2026","rel":"","context":"En \u00abCampa\u00f1a Presidencial\u00bb","block_context":{"text":"Campa\u00f1a Presidencial","link":"https:\/\/estrategica.com.co\/blog\/category\/temas\/campana-presidencial\/"},"img":{"alt_text":"","src":"https:\/\/i0.wp.com\/estrategica.com.co\/blog\/wp-content\/uploads\/2009\/04\/plante_thumb.png?fit=281%2C247&ssl=1&resize=350%2C200","width":350,"height":200},"classes":[]},{"id":10200,"url":"https:\/\/estrategica.com.co\/blog\/el-pibe-samper\/","url_meta":{"origin":10251,"position":4},"title":"El Pibe &#8211; Samper","author":"Juliana","date":"abril 2, 2009","format":false,"excerpt":"[hana-flv-player video=\"\/blog\/wp-content\/uploads\/2009\/01\/Colombianos\/SAMPERYPIBE.flv\" width=\"550\" height=\"\" description=\"El Pibe - Samper\" clickurl=\"\" clicktarget=\"\" player=\"4\" autoplay=\"false\" loop=\"false\" autorewind=\"true\" splashimage=\"\" skin=\"\" \/] [icon color=\"Accent-Color\" size=\"regular\" image=\"steadysets-icon-chat\"] Contexto Spot de la campa\u00f1a de Ernesto Samper Pizano durante las elecciones de 1994.\u00a0 Fue realizado por Francisco Ortiz.\u00a0 En la campa\u00f1a se enfrentaban Samper y Andr\u00e9s Pastrana. El\u2026","rel":"","context":"En \u00abCampa\u00f1a Presidencial\u00bb","block_context":{"text":"Campa\u00f1a Presidencial","link":"https:\/\/estrategica.com.co\/blog\/category\/temas\/campana-presidencial\/"},"img":{"alt_text":"","src":"https:\/\/i0.wp.com\/estrategica.com.co\/blog\/wp-content\/uploads\/2009\/04\/samperypibe_thumb.png?fit=296%2C251&ssl=1&resize=350%2C200","width":350,"height":200},"classes":[]},{"id":10196,"url":"https:\/\/estrategica.com.co\/blog\/mama-samper\/","url_meta":{"origin":10251,"position":5},"title":"Mam\u00e1 &#8211; Samper","author":"Juliana","date":"abril 2, 2009","format":false,"excerpt":"[hana-flv-player video=\"\/blog\/wp-content\/uploads\/2009\/01\/Colombianos\/SAMPERMAMA.flv\" width=\"550\" height=\"\" description=\"Mam\u00e1 - Samper\" clickurl=\"\" clicktarget=\"\" player=\"4\" autoplay=\"false\" loop=\"false\" autorewind=\"true\" splashimage=\"\" skin=\"\" \/] [icon color=\"Accent-Color\" size=\"regular\" image=\"steadysets-icon-chat\"] Contexto Spot de la campa\u00f1a de Ernesto Samper Pizano durante las elecciones de 1994.\u00a0 Fue realizado por Francisco Ortiz.\u00a0 En la campa\u00f1a se enfrentaban Samper y Andr\u00e9s Pastrana. El primero\u2026","rel":"","context":"En \u00abCampa\u00f1a Presidencial\u00bb","block_context":{"text":"Campa\u00f1a Presidencial","link":"https:\/\/estrategica.com.co\/blog\/category\/temas\/campana-presidencial\/"},"img":{"alt_text":"","src":"https:\/\/i0.wp.com\/estrategica.com.co\/blog\/wp-content\/uploads\/2009\/04\/sampermama_thumb.png?fit=290%2C252&ssl=1&resize=350%2C200","width":350,"height":200},"classes":[]}],"jetpack_sharing_enabled":true,"_links":{"self":[{"href":"https:\/\/estrategica.com.co\/blog\/wp-json\/wp\/v2\/posts\/10251","targetHints":{"allow":["GET"]}}],"collection":[{"href":"https:\/\/estrategica.com.co\/blog\/wp-json\/wp\/v2\/posts"}],"about":[{"href":"https:\/\/estrategica.com.co\/blog\/wp-json\/wp\/v2\/types\/post"}],"author":[{"embeddable":true,"href":"https:\/\/estrategica.com.co\/blog\/wp-json\/wp\/v2\/users\/5"}],"replies":[{"embeddable":true,"href":"https:\/\/estrategica.com.co\/blog\/wp-json\/wp\/v2\/comments?post=10251"}],"version-history":[{"count":6,"href":"https:\/\/estrategica.com.co\/blog\/wp-json\/wp\/v2\/posts\/10251\/revisions"}],"predecessor-version":[{"id":46972,"href":"https:\/\/estrategica.com.co\/blog\/wp-json\/wp\/v2\/posts\/10251\/revisions\/46972"}],"wp:featuredmedia":[{"embeddable":true,"href":"https:\/\/estrategica.com.co\/blog\/wp-json\/wp\/v2\/media\/10252"}],"wp:attachment":[{"href":"https:\/\/estrategica.com.co\/blog\/wp-json\/wp\/v2\/media?parent=10251"}],"wp:term":[{"taxonomy":"category","embeddable":true,"href":"https:\/\/estrategica.com.co\/blog\/wp-json\/wp\/v2\/categories?post=10251"},{"taxonomy":"post_tag","embeddable":true,"href":"https:\/\/estrategica.com.co\/blog\/wp-json\/wp\/v2\/tags?post=10251"}],"curies":[{"name":"wp","href":"https:\/\/api.w.org\/{rel}","templated":true}]}}