{"id":10319,"date":"2009-04-04T17:58:18","date_gmt":"2009-04-04T17:58:18","guid":{"rendered":"http:\/\/estrategica.com.co\/blog\/?p=10319"},"modified":"2015-02-27T16:54:07","modified_gmt":"2015-02-27T21:54:07","slug":"postulate-partido-de-la-u","status":"publish","type":"post","link":"https:\/\/estrategica.com.co\/blog\/postulate-partido-de-la-u\/","title":{"rendered":"Post\u00falate &#8211; Partido de la U"},"content":{"rendered":"<p> <script type='text\/javascript' src='https:\/\/estrategica.com.co\/blog\/wp-content\/plugins\/hana-flv-player\/flowplayer3\/example\/flowplayer-3.2.6.min.js'><\/script>\n<div >\n<div id='hana_flv_flow3_1' style='display:block;width:550px;height:413px;background-color:#555555;color:#ffffff;padding:0' title=\"*Video:post\u00falate - partido de la u\"><\/div>\n<\/div>\n\n<script  type='text\/javascript'>\nif (typeof g_hanaFlash !== 'undefined' && !g_hanaFlash){\n    jQuery('#hana_flv_flow3_1').css( 'padding', '5px' );\n\tjQuery('#hana_flv_flow3_1').html(\"<span class='inactive_message' style='display:block'>Sorry, your browser does not support Flash Video Player<\/span> *Video:post\u00falate - partido de la u\");\n}else{\t\t\t\n\t\tflowplayer('hana_flv_flow3_1', { src: 'https:\/\/estrategica.com.co\/blog\/wp-content\/plugins\/hana-flv-player\/flowplayer3\/flowplayer-3.2.7.swf', wmode: 'transparent' }, { \n\n\t\t\tcanvas: { backgroundColor: '#000000', backgroundGradient: 'none',},\n    \t\tclip:  { \n    \t\t\turl: '\/blog\/wp-content\/uploads\/2009\/01\/FO_COLOMBIA\/2postulate2006.flv',\n        \t\tscaling: 'fit', autoPlay: false, autoBuffering: true \n\t\t\t\t   , onFinish : function () { this.seek(0); }  \n\n\t        }\n\n\t\t});\n}\n<\/script><br \/>\n<\/br><\/p>\n<p>[icon color=\u00bbAccent-Color\u00bb size=\u00bbregular\u00bb image=\u00bbsteadysets-icon-chat\u00bb] <strong>Contexto<\/strong><\/br><\/br><\/p>\n<p style=\"text-align: justify;\">Spot del Partido de la U para las elecciones parlamentarias de 2006. Las listas de los distintos partidos tienen la posibilidad de tener 100 aspirantes de los cales son muy pocos los que tienen opci\u00f3n real de ser elegidos.\u00a0 La mayor\u00eda de los partidos buscan nombres para llenar los cupos con la idea de aprovechar todos los espacios para sumar votos, as\u00ed sea en cantidades \u00ednfimas, al fin y al cabo, Voto es Voto. El Partido de la U dise\u00f1\u00f3 una estrategia para trasmitir mensaje de ser un partido democr\u00e1tico, con meritocracia y de puertas abiertas y puso un marcha una iniciativa en donde personas comunes y corrientes que quisieran ser candidatos pod\u00edan inscribirse y un jurado eleg\u00eda a los mejores. La estrategia buscaba posicionar al partido a trav\u00e9s de esa aspiraciones que no ten\u00edan posibilidad real de darse. La estrategia fue novedosa y exitosa pues los candidatos elegidos sumaron una cantidad apreciable de votos.<\/p><\/p>\n","protected":false},"excerpt":{"rendered":"<p>*Video: post\u00falate &#8211; partido de la u [icon color=\u00bbAccent-Color\u00bb size=\u00bbregular\u00bb image=\u00bbsteadysets-icon-chat\u00bb] Contexto Spot del Partido de la U para las elecciones parlamentarias de 2006. Las listas de los distintos partidos tienen la posibilidad de tener 100 aspirantes de los cales son muy pocos los que tienen opci\u00f3n real de ser elegidos.\u00a0 La mayor\u00eda de los [&hellip;]<\/p>\n","protected":false},"author":5,"featured_media":10320,"comment_status":"open","ping_status":"open","sticky":false,"template":"","format":"standard","meta":{"_et_pb_use_builder":"","_et_pb_old_content":"","_et_gb_content_width":"","advanced_seo_description":"","jetpack_seo_html_title":"","jetpack_seo_noindex":false,"footnotes":""},"categories":[58,62,34,10,11,3],"tags":[196,402,412],"class_list":["post-10319","post","type-post","status-publish","format-standard","has-post-thumbnail","hentry","category-campana-colegiada","category-colombia","category-electoral","category-geo","category-temas","category-video","tag-elecciones-2006","tag-francisco-ortiz","tag-partido-de-la-u"],"jetpack_featured_media_url":"https:\/\/i0.wp.com\/estrategica.com.co\/blog\/wp-content\/uploads\/2009\/04\/2-postulate-2006_thumb.png?fit=327%2C215&ssl=1","jetpack_shortlink":"https:\/\/wp.me\/p4wgsh-2Gr","jetpack-related-posts":[{"id":10506,"url":"https:\/\/estrategica.com.co\/blog\/postulate-a-la-u\/","url_meta":{"origin":10319,"position":0},"title":"Post\u00falate a la U","author":"Juliana","date":"abril 3, 2009","format":false,"excerpt":"[hana-flv-player video=\"\/blog\/wp-content\/uploads\/2009\/01\/FO_COLOMBIA\/Postulate2006.flv\" width=\"550\" height=\"\" description=\"Post\u00falate a la U\" clickurl=\"\" clicktarget=\"\" player=\"4\" autoplay=\"false\" loop=\"false\" autorewind=\"true\" splashimage=\"\" skin=\"\" \/] [icon color=\"Accent-Color\" size=\"regular\" image=\"steadysets-icon-chat\"] Contexto Spot del Partido de la U para las elecciones parlamentarias de 2006. Las listas de los distintos partidos tienen la posibilidad de tener 100 aspirantes de los cales\u2026","rel":"","context":"En \u00abCampa\u00f1a Cuerpo Colegiado\u00bb","block_context":{"text":"Campa\u00f1a Cuerpo Colegiado","link":"https:\/\/estrategica.com.co\/blog\/category\/temas\/campana-colegiada\/"},"img":{"alt_text":"","src":"https:\/\/i0.wp.com\/estrategica.com.co\/blog\/wp-content\/uploads\/2009\/04\/postulate2006_thumb.png?fit=313%2C211&ssl=1&resize=350%2C200","width":350,"height":200},"classes":[]},{"id":10331,"url":"https:\/\/estrategica.com.co\/blog\/postulate-partido-de-la-u-2\/","url_meta":{"origin":10319,"position":1},"title":"Post\u00falate &#8211; Partido de la U","author":"Juliana","date":"abril 4, 2009","format":false,"excerpt":"[hana-flv-player video=\"\/blog\/wp-content\/uploads\/2009\/01\/FO_COLOMBIA\/1Postulate2007.flv\" width=\"550\" height=\"\" description=\"Post\u00falate - Partido de la U\" clickurl=\"\" clicktarget=\"\" player=\"4\" autoplay=\"false\" loop=\"false\" autorewind=\"true\" splashimage=\"\" skin=\"\" \/] [icon color=\"Accent-Color\" size=\"regular\" image=\"steadysets-icon-chat\"] Contexto Spot del Partido de la U para las elecciones regionales de 2007. Se retoma la iniciativa de post\u00falate que se hab\u00eda implementado en 2006 con el\u2026","rel":"","context":"En \u00abCampa\u00f1a Cuerpo Colegiado\u00bb","block_context":{"text":"Campa\u00f1a Cuerpo Colegiado","link":"https:\/\/estrategica.com.co\/blog\/category\/temas\/campana-colegiada\/"},"img":{"alt_text":"","src":"https:\/\/i0.wp.com\/estrategica.com.co\/blog\/wp-content\/uploads\/2009\/04\/1postulate2007_thumb.png?fit=273%2C235&ssl=1&resize=350%2C200","width":350,"height":200},"classes":[]},{"id":10388,"url":"https:\/\/estrategica.com.co\/blog\/3-razones-para-sumarse-a-la-u-dilian-francisca-toro\/","url_meta":{"origin":10319,"position":2},"title":"3 Razones para Votar este 28 de Mayo &#8211; Dilian Francisca Toro","author":"Juliana","date":"abril 4, 2009","format":false,"excerpt":"[hana-flv-player video=\"\/blog\/wp-content\/uploads\/2009\/01\/FO_COLOMBIA\/dilianfranciscatoro2.flv\" width=\"550\" height=\"\" description=\"3 Razones para Votar este 28 de Mayo - Dilian Francisca Toro\" clickurl=\"\" clicktarget=\"\" player=\"4\" autoplay=\"false\" loop=\"false\" autorewind=\"true\" splashimage=\"\" skin=\"\" \/] [icon color=\"Accent-Color\" size=\"regular\" image=\"steadysets-icon-chat\"] Contexto Spot del Partido de la U para apoyar la reelecci\u00f3n del Presidente Uribe el 28 de mayo e 2006. La\u2026","rel":"","context":"En \u00abCampa\u00f1a Presidencial\u00bb","block_context":{"text":"Campa\u00f1a Presidencial","link":"https:\/\/estrategica.com.co\/blog\/category\/temas\/campana-presidencial\/"},"img":{"alt_text":"","src":"https:\/\/i0.wp.com\/estrategica.com.co\/blog\/wp-content\/uploads\/2009\/04\/dilianfranciscatoro2_thumb.png?fit=216%2C231&ssl=1&resize=350%2C200","width":350,"height":200},"classes":[]},{"id":10365,"url":"https:\/\/estrategica.com.co\/blog\/3-razones-para-votar-este-28-de-mayo-adriana-gutierrez\/","url_meta":{"origin":10319,"position":3},"title":"3 Razones para Votar este 28 de Mayo &#8211; Adriana Gutierrez","author":"Juliana","date":"abril 4, 2009","format":false,"excerpt":"[hana-flv-player video=\"\/blog\/wp-content\/uploads\/2009\/01\/FO_COLOMBIA\/AdrianGutierrez1.flv\" width=\"550\" height=\"\" description=\"3 Razones para Votar este 28 de Mayo - Adriana Gutierrez\" clickurl=\"\" clicktarget=\"\" player=\"4\" autoplay=\"false\" loop=\"false\" autorewind=\"true\" splashimage=\"\" skin=\"\" \/] [icon color=\"Accent-Color\" size=\"regular\" image=\"steadysets-icon-chat\"] Contexto Spot del Partido de la U para apoyar la reelecci\u00f3n del Presidente Uribe el 28 de mayo e 2006. La U\u2026","rel":"","context":"En \u00abCampa\u00f1a Presidencial\u00bb","block_context":{"text":"Campa\u00f1a Presidencial","link":"https:\/\/estrategica.com.co\/blog\/category\/temas\/campana-presidencial\/"},"img":{"alt_text":"","src":"","width":0,"height":0},"classes":[]},{"id":10373,"url":"https:\/\/estrategica.com.co\/blog\/3-razones-para-votar-este-28-de-mayo-carlos-cardenas-ortiz\/","url_meta":{"origin":10319,"position":4},"title":"3 Razones para Votar este 28 de Mayo &#8211; Carlos Cardenas Ortiz","author":"Juliana","date":"abril 4, 2009","format":false,"excerpt":"[hana-flv-player video=\"\/blog\/wp-content\/uploads\/2009\/01\/FO_COLOMBIA\/carloscardenasortiz.flv\" width=\"550\" height=\"\" description=\"3 Razones para Votar este 28 de Mayo - Carlos Cardenas Ortiz\" clickurl=\"\" clicktarget=\"\" player=\"4\" autoplay=\"false\" loop=\"false\" autorewind=\"true\" splashimage=\"\" skin=\"\" \/] [icon color=\"Accent-Color\" size=\"regular\" image=\"steadysets-icon-chat\"] Contexto Spot del Partido de la U para apoyar la reelecci\u00f3n del Presidente Uribe el 28 de mayo e 2006. La\u2026","rel":"","context":"En \u00abCampa\u00f1a Presidencial\u00bb","block_context":{"text":"Campa\u00f1a Presidencial","link":"https:\/\/estrategica.com.co\/blog\/category\/temas\/campana-presidencial\/"},"img":{"alt_text":"","src":"https:\/\/i0.wp.com\/estrategica.com.co\/blog\/wp-content\/uploads\/2009\/04\/carloscardenasortiz_thumb.png?fit=215%2C215&ssl=1&resize=350%2C200","width":350,"height":200},"classes":[]},{"id":10396,"url":"https:\/\/estrategica.com.co\/blog\/porque-primero-esta-colombia-gina-parody\/","url_meta":{"origin":10319,"position":5},"title":"3 Razones para Votar es 28 de Mayo &#8211; Gina Parody","author":"Juliana","date":"abril 4, 2009","format":false,"excerpt":"[hana-flv-player video=\"\/blog\/wp-content\/uploads\/2009\/01\/FO_COLOMBIA\/ginaparody.flv\" width=\"550\" height=\"\" description=\"3 Razones para Votar es 28 de Mayo - Gina Parody\" clickurl=\"\" clicktarget=\"\" player=\"4\" autoplay=\"false\" loop=\"false\" autorewind=\"true\" splashimage=\"\" skin=\"\" \/] [icon color=\"Accent-Color\" size=\"regular\" image=\"steadysets-icon-chat\"] Contexto Spot del Partido de la U para apoyar la reelecci\u00f3n del Presidente Uribe el 28 de mayo e 2006. La U\u2026","rel":"","context":"En \u00abCampa\u00f1a Presidencial\u00bb","block_context":{"text":"Campa\u00f1a Presidencial","link":"https:\/\/estrategica.com.co\/blog\/category\/temas\/campana-presidencial\/"},"img":{"alt_text":"","src":"https:\/\/i0.wp.com\/estrategica.com.co\/blog\/wp-content\/uploads\/2009\/04\/ginaparody_thumb.png?fit=263%2C205&ssl=1&resize=350%2C200","width":350,"height":200},"classes":[]}],"jetpack_sharing_enabled":true,"_links":{"self":[{"href":"https:\/\/estrategica.com.co\/blog\/wp-json\/wp\/v2\/posts\/10319","targetHints":{"allow":["GET"]}}],"collection":[{"href":"https:\/\/estrategica.com.co\/blog\/wp-json\/wp\/v2\/posts"}],"about":[{"href":"https:\/\/estrategica.com.co\/blog\/wp-json\/wp\/v2\/types\/post"}],"author":[{"embeddable":true,"href":"https:\/\/estrategica.com.co\/blog\/wp-json\/wp\/v2\/users\/5"}],"replies":[{"embeddable":true,"href":"https:\/\/estrategica.com.co\/blog\/wp-json\/wp\/v2\/comments?post=10319"}],"version-history":[{"count":18,"href":"https:\/\/estrategica.com.co\/blog\/wp-json\/wp\/v2\/posts\/10319\/revisions"}],"predecessor-version":[{"id":46982,"href":"https:\/\/estrategica.com.co\/blog\/wp-json\/wp\/v2\/posts\/10319\/revisions\/46982"}],"wp:featuredmedia":[{"embeddable":true,"href":"https:\/\/estrategica.com.co\/blog\/wp-json\/wp\/v2\/media\/10320"}],"wp:attachment":[{"href":"https:\/\/estrategica.com.co\/blog\/wp-json\/wp\/v2\/media?parent=10319"}],"wp:term":[{"taxonomy":"category","embeddable":true,"href":"https:\/\/estrategica.com.co\/blog\/wp-json\/wp\/v2\/categories?post=10319"},{"taxonomy":"post_tag","embeddable":true,"href":"https:\/\/estrategica.com.co\/blog\/wp-json\/wp\/v2\/tags?post=10319"}],"curies":[{"name":"wp","href":"https:\/\/api.w.org\/{rel}","templated":true}]}}