{"id":10331,"date":"2009-04-04T18:07:04","date_gmt":"2009-04-04T18:07:04","guid":{"rendered":"http:\/\/estrategica.com.co\/blog\/?p=10331"},"modified":"2015-02-27T16:53:19","modified_gmt":"2015-02-27T21:53:19","slug":"postulate-partido-de-la-u-2","status":"publish","type":"post","link":"https:\/\/estrategica.com.co\/blog\/postulate-partido-de-la-u-2\/","title":{"rendered":"Post\u00falate &#8211; Partido de la U"},"content":{"rendered":"<p> <script type='text\/javascript' src='https:\/\/estrategica.com.co\/blog\/wp-content\/plugins\/hana-flv-player\/flowplayer3\/example\/flowplayer-3.2.6.min.js'><\/script>\n<div >\n<div id='hana_flv_flow3_1' style='display:block;width:550px;height:413px;background-color:#555555;color:#ffffff;padding:0' title=\"*Video:post\u00falate - partido de la u\"><\/div>\n<\/div>\n\n<script  type='text\/javascript'>\nif (typeof g_hanaFlash !== 'undefined' && !g_hanaFlash){\n    jQuery('#hana_flv_flow3_1').css( 'padding', '5px' );\n\tjQuery('#hana_flv_flow3_1').html(\"<span class='inactive_message' style='display:block'>Sorry, your browser does not support Flash Video Player<\/span> *Video:post\u00falate - partido de la u\");\n}else{\t\t\t\n\t\tflowplayer('hana_flv_flow3_1', { src: 'https:\/\/estrategica.com.co\/blog\/wp-content\/plugins\/hana-flv-player\/flowplayer3\/flowplayer-3.2.7.swf', wmode: 'transparent' }, { \n\n\t\t\tcanvas: { backgroundColor: '#000000', backgroundGradient: 'none',},\n    \t\tclip:  { \n    \t\t\turl: '\/blog\/wp-content\/uploads\/2009\/01\/FO_COLOMBIA\/1Postulate2007.flv',\n        \t\tscaling: 'fit', autoPlay: false, autoBuffering: true \n\t\t\t\t   , onFinish : function () { this.seek(0); }  \n\n\t        }\n\n\t\t});\n}\n<\/script><br \/>\n<\/br><\/p>\n<p>[icon color=\u00bbAccent-Color\u00bb size=\u00bbregular\u00bb image=\u00bbsteadysets-icon-chat\u00bb] <strong>Contexto<\/strong><\/br><\/br><\/p>\n<p style=\"text-align: justify;\">Spot del Partido de la U para las elecciones regionales de 2007. Se retoma la iniciativa de post\u00falate que se hab\u00eda implementado en 2006 con el fin de trasmitir nuevamente el mensaje de ser un partido democr\u00e1tico, con meritocracia y de puertas abiertas y se puso en marcha la iniciativa en donde personas comunes y corrientes que quisieran ser candidatos pod\u00edan inscribirse y un jurado eleg\u00eda a los mejores. La estrategia buscaba posicionar al partido a trav\u00e9s de esas aspiraciones que no ten\u00edan posibilidad real de darse pero sin embargo sumaban votos y daban una posibilidad de comunicaci\u00f3n y diferenciaci\u00f3n.<\/p><\/p>\n","protected":false},"excerpt":{"rendered":"<p>*Video: post\u00falate &#8211; partido de la u [icon color=\u00bbAccent-Color\u00bb size=\u00bbregular\u00bb image=\u00bbsteadysets-icon-chat\u00bb] Contexto Spot del Partido de la U para las elecciones regionales de 2007. Se retoma la iniciativa de post\u00falate que se hab\u00eda implementado en 2006 con el fin de trasmitir nuevamente el mensaje de ser un partido democr\u00e1tico, con meritocracia y de puertas abiertas [&hellip;]<\/p>\n","protected":false},"author":5,"featured_media":10336,"comment_status":"open","ping_status":"open","sticky":false,"template":"","format":"standard","meta":{"_et_pb_use_builder":"","_et_pb_old_content":"","_et_gb_content_width":"","advanced_seo_description":"","jetpack_seo_html_title":"","jetpack_seo_noindex":false,"footnotes":""},"categories":[58,62,34,10,11,3],"tags":[52,402,412],"class_list":["post-10331","post","type-post","status-publish","format-standard","has-post-thumbnail","hentry","category-campana-colegiada","category-colombia","category-electoral","category-geo","category-temas","category-video","tag-elecciones-2007","tag-francisco-ortiz","tag-partido-de-la-u"],"jetpack_featured_media_url":"https:\/\/i0.wp.com\/estrategica.com.co\/blog\/wp-content\/uploads\/2009\/04\/1postulate2007_thumb.png?fit=273%2C235&ssl=1","jetpack_shortlink":"https:\/\/wp.me\/p4wgsh-2GD","jetpack-related-posts":[{"id":10319,"url":"https:\/\/estrategica.com.co\/blog\/postulate-partido-de-la-u\/","url_meta":{"origin":10331,"position":0},"title":"Post\u00falate &#8211; Partido de la U","author":"Juliana","date":"abril 4, 2009","format":false,"excerpt":"[hana-flv-player video=\"\/blog\/wp-content\/uploads\/2009\/01\/FO_COLOMBIA\/2postulate2006.flv\" width=\"550\" height=\"\" description=\"Post\u00falate - Partido de la U\" clickurl=\"\" clicktarget=\"\" player=\"4\" autoplay=\"false\" loop=\"false\" autorewind=\"true\" splashimage=\"\" skin=\"\" \/] [icon color=\"Accent-Color\" size=\"regular\" image=\"steadysets-icon-chat\"] Contexto Spot del Partido de la U para las elecciones parlamentarias de 2006. Las listas de los distintos partidos tienen la posibilidad de tener 100 aspirantes de\u2026","rel":"","context":"En \u00abCampa\u00f1a Cuerpo Colegiado\u00bb","block_context":{"text":"Campa\u00f1a Cuerpo Colegiado","link":"https:\/\/estrategica.com.co\/blog\/category\/temas\/campana-colegiada\/"},"img":{"alt_text":"","src":"https:\/\/i0.wp.com\/estrategica.com.co\/blog\/wp-content\/uploads\/2009\/04\/2-postulate-2006_thumb.png?fit=327%2C215&ssl=1&resize=350%2C200","width":350,"height":200},"classes":[]},{"id":10506,"url":"https:\/\/estrategica.com.co\/blog\/postulate-a-la-u\/","url_meta":{"origin":10331,"position":1},"title":"Post\u00falate a la U","author":"Juliana","date":"abril 3, 2009","format":false,"excerpt":"[hana-flv-player video=\"\/blog\/wp-content\/uploads\/2009\/01\/FO_COLOMBIA\/Postulate2006.flv\" width=\"550\" height=\"\" description=\"Post\u00falate a la U\" clickurl=\"\" clicktarget=\"\" player=\"4\" autoplay=\"false\" loop=\"false\" autorewind=\"true\" splashimage=\"\" skin=\"\" \/] [icon color=\"Accent-Color\" size=\"regular\" image=\"steadysets-icon-chat\"] Contexto Spot del Partido de la U para las elecciones parlamentarias de 2006. Las listas de los distintos partidos tienen la posibilidad de tener 100 aspirantes de los cales\u2026","rel":"","context":"En \u00abCampa\u00f1a Cuerpo Colegiado\u00bb","block_context":{"text":"Campa\u00f1a Cuerpo Colegiado","link":"https:\/\/estrategica.com.co\/blog\/category\/temas\/campana-colegiada\/"},"img":{"alt_text":"","src":"https:\/\/i0.wp.com\/estrategica.com.co\/blog\/wp-content\/uploads\/2009\/04\/postulate2006_thumb.png?fit=313%2C211&ssl=1&resize=350%2C200","width":350,"height":200},"classes":[]},{"id":10471,"url":"https:\/\/estrategica.com.co\/blog\/en-colombia-la-u-soy-yo-cafetero\/","url_meta":{"origin":10331,"position":2},"title":"En Colombia la U soy Yo &#8211; Cafetero","author":"Juliana","date":"abril 4, 2009","format":false,"excerpt":"[hana-flv-player video=\"\/blog\/wp-content\/uploads\/2009\/01\/FO_COLOMBIA\/OrgullosamenteUribistacafe.flv\" width=\"550\" height=\"\" description=\"En Colombia la U soy Yo - Cafetero\" clickurl=\"\" clicktarget=\"\" player=\"4\" autoplay=\"false\" loop=\"false\" autorewind=\"true\" splashimage=\"\" skin=\"\" \/] [icon color=\"Accent-Color\" size=\"regular\" image=\"steadysets-icon-chat\"] Contexto Spot del Partido de la U para las elecciones municipales y departamentales de 2007. El Partido de U amarr\u00f3 su comunicaci\u00f3n, estrat\u00e9gicamente,\u00a0 a la\u2026","rel":"","context":"En \u00abCampa\u00f1a Cuerpo Colegiado\u00bb","block_context":{"text":"Campa\u00f1a Cuerpo Colegiado","link":"https:\/\/estrategica.com.co\/blog\/category\/temas\/campana-colegiada\/"},"img":{"alt_text":"","src":"","width":0,"height":0},"classes":[]},{"id":10479,"url":"https:\/\/estrategica.com.co\/blog\/en-colombia-la-u-soy-yo-campesino\/","url_meta":{"origin":10331,"position":3},"title":"En Colombia la U soy Yo &#8211; Campesino","author":"Juliana","date":"abril 4, 2009","format":false,"excerpt":"[hana-flv-player video=\"\/blog\/wp-content\/uploads\/2009\/01\/FO_COLOMBIA\/OrgullosamenteUribistacampesino.flv\" width=\"550\" height=\"\" description=\"En Colombia la U soy Yo - Campesino\" clickurl=\"\" clicktarget=\"\" player=\"4\" autoplay=\"false\" loop=\"false\" autorewind=\"true\" splashimage=\"\" skin=\"\" \/] [icon color=\"Accent-Color\" size=\"regular\" image=\"steadysets-icon-chat\"] Contexto Spot del Partido de la U para las elecciones municipales y departamentales de 2007. El Partido de U amarr\u00f3 su comunicaci\u00f3n, estrat\u00e9gicamente,\u00a0 a la\u2026","rel":"","context":"En \u00abCampa\u00f1a Cuerpo Colegiado\u00bb","block_context":{"text":"Campa\u00f1a Cuerpo Colegiado","link":"https:\/\/estrategica.com.co\/blog\/category\/temas\/campana-colegiada\/"},"img":{"alt_text":"","src":"","width":0,"height":0},"classes":[]},{"id":10483,"url":"https:\/\/estrategica.com.co\/blog\/en-colombia-la-u-soy-yo-canero\/","url_meta":{"origin":10331,"position":4},"title":"En Colombia la U soy Yo &#8211; Ca\u00f1ero","author":"Juliana","date":"abril 4, 2009","format":false,"excerpt":"[hana-flv-player video=\"\/blog\/wp-content\/uploads\/2009\/01\/FO_COLOMBIA\/OrgullosamenteUribistaingenio.flv\" width=\"550\" height=\"\" description=\"En Colombia la U soy Yo - Ca\u00f1ero\" clickurl=\"\" clicktarget=\"\" player=\"4\" autoplay=\"false\" loop=\"false\" autorewind=\"true\" splashimage=\"\" skin=\"\" \/] [icon color=\"Accent-Color\" size=\"regular\" image=\"steadysets-icon-chat\"] Contexto Spot del Partido de la U para las elecciones municipales y departamentales de 2007. El Partido de U amarr\u00f3 su comunicaci\u00f3n, estrat\u00e9gicamente,\u00a0 a la\u2026","rel":"","context":"En \u00abCampa\u00f1a Cuerpo Colegiado\u00bb","block_context":{"text":"Campa\u00f1a Cuerpo Colegiado","link":"https:\/\/estrategica.com.co\/blog\/category\/temas\/campana-colegiada\/"},"img":{"alt_text":"","src":"","width":0,"height":0},"classes":[]},{"id":10487,"url":"https:\/\/estrategica.com.co\/blog\/orgullosamente-uribista-modelos\/","url_meta":{"origin":10331,"position":5},"title":"En Colombia la U soy Yo &#8211; Modelos","author":"Juliana","date":"abril 4, 2009","format":false,"excerpt":"[hana-flv-player video=\"\/blog\/wp-content\/uploads\/2009\/01\/FO_COLOMBIA\/OrgullosamenteUribistamodelos.flv\" width=\"550\" height=\"\" description=\"En Colombia la U soy Yo - Modelos\" clickurl=\"\" clicktarget=\"\" player=\"4\" autoplay=\"false\" loop=\"false\" autorewind=\"true\" splashimage=\"\" skin=\"\" \/] [icon color=\"Accent-Color\" size=\"regular\" image=\"steadysets-icon-chat\"] Contexto Spot del Partido de la U para las elecciones municipales y departamentales de 2007. El Partido de U amarr\u00f3 su comunicaci\u00f3n, estrat\u00e9gicamente,\u00a0 a la\u2026","rel":"","context":"En \u00abCampa\u00f1a Cuerpo Colegiado\u00bb","block_context":{"text":"Campa\u00f1a Cuerpo Colegiado","link":"https:\/\/estrategica.com.co\/blog\/category\/temas\/campana-colegiada\/"},"img":{"alt_text":"","src":"","width":0,"height":0},"classes":[]}],"jetpack_sharing_enabled":true,"_links":{"self":[{"href":"https:\/\/estrategica.com.co\/blog\/wp-json\/wp\/v2\/posts\/10331","targetHints":{"allow":["GET"]}}],"collection":[{"href":"https:\/\/estrategica.com.co\/blog\/wp-json\/wp\/v2\/posts"}],"about":[{"href":"https:\/\/estrategica.com.co\/blog\/wp-json\/wp\/v2\/types\/post"}],"author":[{"embeddable":true,"href":"https:\/\/estrategica.com.co\/blog\/wp-json\/wp\/v2\/users\/5"}],"replies":[{"embeddable":true,"href":"https:\/\/estrategica.com.co\/blog\/wp-json\/wp\/v2\/comments?post=10331"}],"version-history":[{"count":10,"href":"https:\/\/estrategica.com.co\/blog\/wp-json\/wp\/v2\/posts\/10331\/revisions"}],"predecessor-version":[{"id":60633,"href":"https:\/\/estrategica.com.co\/blog\/wp-json\/wp\/v2\/posts\/10331\/revisions\/60633"}],"wp:featuredmedia":[{"embeddable":true,"href":"https:\/\/estrategica.com.co\/blog\/wp-json\/wp\/v2\/media\/10336"}],"wp:attachment":[{"href":"https:\/\/estrategica.com.co\/blog\/wp-json\/wp\/v2\/media?parent=10331"}],"wp:term":[{"taxonomy":"category","embeddable":true,"href":"https:\/\/estrategica.com.co\/blog\/wp-json\/wp\/v2\/categories?post=10331"},{"taxonomy":"post_tag","embeddable":true,"href":"https:\/\/estrategica.com.co\/blog\/wp-json\/wp\/v2\/tags?post=10331"}],"curies":[{"name":"wp","href":"https:\/\/api.w.org\/{rel}","templated":true}]}}