{"id":10377,"date":"2009-04-04T16:47:40","date_gmt":"2009-04-04T16:47:40","guid":{"rendered":"http:\/\/estrategica.com.co\/blog\/?p=10377"},"modified":"2015-02-27T16:55:53","modified_gmt":"2015-02-27T21:55:53","slug":"chocolate-espeso-partido-de-la-u","status":"publish","type":"post","link":"https:\/\/estrategica.com.co\/blog\/chocolate-espeso-partido-de-la-u\/","title":{"rendered":"Chocolate Espeso &#8211; Partido de la U"},"content":{"rendered":"<p> <script type='text\/javascript' src='https:\/\/estrategica.com.co\/blog\/wp-content\/plugins\/hana-flv-player\/flowplayer3\/example\/flowplayer-3.2.6.min.js'><\/script>\n<div >\n<div id='hana_flv_flow3_1' style='display:block;width:550px;height:413px;background-color:#555555;color:#ffffff;padding:0' title=\"*Video:chocolate espeso - partido de la u\"><\/div>\n<\/div>\n\n<script  type='text\/javascript'>\nif (typeof g_hanaFlash !== 'undefined' && !g_hanaFlash){\n    jQuery('#hana_flv_flow3_1').css( 'padding', '5px' );\n\tjQuery('#hana_flv_flow3_1').html(\"<span class='inactive_message' style='display:block'>Sorry, your browser does not support Flash Video Player<\/span> *Video:chocolate espeso - partido de la u\");\n}else{\t\t\t\n\t\tflowplayer('hana_flv_flow3_1', { src: 'https:\/\/estrategica.com.co\/blog\/wp-content\/plugins\/hana-flv-player\/flowplayer3\/flowplayer-3.2.7.swf', wmode: 'transparent' }, { \n\n\t\t\tcanvas: { backgroundColor: '#000000', backgroundGradient: 'none',},\n    \t\tclip:  { \n    \t\t\turl: '\/blog\/wp-content\/uploads\/2009\/01\/FO_COLOMBIA\/chocolate.flv',\n        \t\tscaling: 'fit', autoPlay: false, autoBuffering: true \n\t\t\t\t   , onFinish : function () { this.seek(0); }  \n\n\t        }\n\n\t\t});\n}\n<\/script><br \/>\n<\/br><\/p>\n<p>[icon color=\u00bbAccent-Color\u00bb size=\u00bbregular\u00bb image=\u00bbsteadysets-icon-chat\u00bb] <strong>Contexto<\/strong><\/br><\/br><\/p>\n<p style=\"text-align: justify;\">Spot del Partido de la U de cara a las elecciones parlamentarias se 2006. Se toma un dicho popular para posicionar un mensaje pol\u00edtico, sin embargo, es otro de esos esfuerzos estrat\u00e9gicos que quedaron como un esfuerzo aislado que hubiera podido ser m\u00e1s rentable en la comunicaci\u00f3n si se hubiera desarrollado con otras piezas.<\/p><\/p>\n","protected":false},"excerpt":{"rendered":"<p>*Video: chocolate espeso &#8211; partido de la u [icon color=\u00bbAccent-Color\u00bb size=\u00bbregular\u00bb image=\u00bbsteadysets-icon-chat\u00bb] Contexto Spot del Partido de la U de cara a las elecciones parlamentarias se 2006. Se toma un dicho popular para posicionar un mensaje pol\u00edtico, sin embargo, es otro de esos esfuerzos estrat\u00e9gicos que quedaron como un esfuerzo aislado que hubiera podido ser [&hellip;]<\/p>\n","protected":false},"author":5,"featured_media":10378,"comment_status":"open","ping_status":"open","sticky":false,"template":"","format":"standard","meta":{"_et_pb_use_builder":"","_et_pb_old_content":"","_et_gb_content_width":"","advanced_seo_description":"","jetpack_seo_html_title":"","jetpack_seo_noindex":false,"footnotes":""},"categories":[58,62,34,10,11,3],"tags":[196,402,412],"class_list":["post-10377","post","type-post","status-publish","format-standard","has-post-thumbnail","hentry","category-campana-colegiada","category-colombia","category-electoral","category-geo","category-temas","category-video","tag-elecciones-2006","tag-francisco-ortiz","tag-partido-de-la-u"],"jetpack_featured_media_url":"https:\/\/i0.wp.com\/estrategica.com.co\/blog\/wp-content\/uploads\/2009\/04\/chocolate_thumb.png?fit=325%2C224&ssl=1","jetpack_shortlink":"https:\/\/wp.me\/p4wgsh-2Hn","jetpack-related-posts":[{"id":10380,"url":"https:\/\/estrategica.com.co\/blog\/los-colores-de-la-u\/","url_meta":{"origin":10377,"position":0},"title":"Los Colores de la U","author":"Juliana","date":"abril 4, 2009","format":false,"excerpt":"[hana-flv-player video=\"\/blog\/wp-content\/uploads\/2009\/01\/FO_COLOMBIA\/colores.flv\" width=\"550\" height=\"\" description=\"Los Colores de la U\" clickurl=\"\" clicktarget=\"\" player=\"4\" autoplay=\"false\" loop=\"false\" autorewind=\"true\" splashimage=\"\" skin=\"\" \/] [icon color=\"Accent-Color\" size=\"regular\" image=\"steadysets-icon-chat\"] Contexto Spot emocional del Partido de la U de cara a las elecciones parlamentarias se 2006. Se trata de darle un contenido tem\u00e1tico a los colores del logos\u00edmbolo\u2026","rel":"","context":"En \u00abCampa\u00f1a Cuerpo Colegiado\u00bb","block_context":{"text":"Campa\u00f1a Cuerpo Colegiado","link":"https:\/\/estrategica.com.co\/blog\/category\/temas\/campana-colegiada\/"},"img":{"alt_text":"","src":"https:\/\/i0.wp.com\/estrategica.com.co\/blog\/wp-content\/uploads\/2009\/04\/colores_thumb.png?fit=305%2C227&ssl=1&resize=350%2C200","width":350,"height":200},"classes":[]},{"id":10514,"url":"https:\/\/estrategica.com.co\/blog\/seguridad-partido-de-la-u\/","url_meta":{"origin":10377,"position":1},"title":"Seguridad &#8211; Partido de la U","author":"Juliana","date":"abril 4, 2009","format":false,"excerpt":"[hana-flv-player video=\"\/blog\/wp-content\/uploads\/2009\/01\/FO_COLOMBIA\/Seguridadu.flv\" width=\"550\" height=\"\" description=\"Seguridad - Partido de la U\" clickurl=\"\" clicktarget=\"\" player=\"4\" autoplay=\"false\" loop=\"false\" autorewind=\"true\" splashimage=\"\" skin=\"\" \/] [icon color=\"Accent-Color\" size=\"regular\" image=\"steadysets-icon-chat\"] Contexto Spot del Partido de la U para las elecciones parlamentarias de 2006. El Partido de U amarr\u00f3 su comunicaci\u00f3n, estrat\u00e9gicamente,\u00a0 a la figura del Presidente \u00c1lvaro\u2026","rel":"","context":"En \u00abCampa\u00f1a Cuerpo Colegiado\u00bb","block_context":{"text":"Campa\u00f1a Cuerpo Colegiado","link":"https:\/\/estrategica.com.co\/blog\/category\/temas\/campana-colegiada\/"},"img":{"alt_text":"","src":"https:\/\/i0.wp.com\/estrategica.com.co\/blog\/wp-content\/uploads\/2009\/04\/seguridadu_thumb.png?fit=299%2C214&ssl=1&resize=350%2C200","width":350,"height":200},"classes":[]},{"id":10518,"url":"https:\/\/estrategica.com.co\/blog\/uribe-y-santos-partido-de-la-u\/","url_meta":{"origin":10377,"position":2},"title":"Uribe y Santos &#8211; Partido de la U","author":"Juliana","date":"abril 3, 2009","format":false,"excerpt":"[hana-flv-player video=\"\/blog\/wp-content\/uploads\/2009\/01\/FO_COLOMBIA\/UribeySantos.flv\" width=\"550\" height=\"\" description=\"Uribe y Santos - Partido de la U\" clickurl=\"\" clicktarget=\"\" player=\"4\" autoplay=\"false\" loop=\"false\" autorewind=\"true\" splashimage=\"\" skin=\"\" \/] [icon color=\"Accent-Color\" size=\"regular\" image=\"steadysets-icon-chat\"] Contexto Spot del Partido de la U para las elecciones parlamentarias de 2006. El Partido de U amarr\u00f3 su comunicaci\u00f3n, estrat\u00e9gicamente,\u00a0 a la figura del\u2026","rel":"","context":"En \u00abCampa\u00f1a Cuerpo Colegiado\u00bb","block_context":{"text":"Campa\u00f1a Cuerpo Colegiado","link":"https:\/\/estrategica.com.co\/blog\/category\/temas\/campana-colegiada\/"},"img":{"alt_text":"","src":"https:\/\/i0.wp.com\/estrategica.com.co\/blog\/wp-content\/uploads\/2009\/04\/uribeysantos_thumb.png?fit=312%2C226&ssl=1&resize=350%2C200","width":350,"height":200},"classes":[]},{"id":10319,"url":"https:\/\/estrategica.com.co\/blog\/postulate-partido-de-la-u\/","url_meta":{"origin":10377,"position":3},"title":"Post\u00falate &#8211; Partido de la U","author":"Juliana","date":"abril 4, 2009","format":false,"excerpt":"[hana-flv-player video=\"\/blog\/wp-content\/uploads\/2009\/01\/FO_COLOMBIA\/2postulate2006.flv\" width=\"550\" height=\"\" description=\"Post\u00falate - Partido de la U\" clickurl=\"\" clicktarget=\"\" player=\"4\" autoplay=\"false\" loop=\"false\" autorewind=\"true\" splashimage=\"\" skin=\"\" \/] [icon color=\"Accent-Color\" size=\"regular\" image=\"steadysets-icon-chat\"] Contexto Spot del Partido de la U para las elecciones parlamentarias de 2006. Las listas de los distintos partidos tienen la posibilidad de tener 100 aspirantes de\u2026","rel":"","context":"En \u00abCampa\u00f1a Cuerpo Colegiado\u00bb","block_context":{"text":"Campa\u00f1a Cuerpo Colegiado","link":"https:\/\/estrategica.com.co\/blog\/category\/temas\/campana-colegiada\/"},"img":{"alt_text":"","src":"https:\/\/i0.wp.com\/estrategica.com.co\/blog\/wp-content\/uploads\/2009\/04\/2-postulate-2006_thumb.png?fit=327%2C215&ssl=1&resize=350%2C200","width":350,"height":200},"classes":[]},{"id":10391,"url":"https:\/\/estrategica.com.co\/blog\/el-silencio-nos-estaba-matando-uribe\/","url_meta":{"origin":10377,"position":4},"title":"El Silencio nos estaba Matando &#8211; Uribe","author":"Juliana","date":"abril 4, 2009","format":false,"excerpt":"[hana-flv-player video=\"\/blog\/wp-content\/uploads\/2009\/01\/FO_COLOMBIA\/elsilencionosestabamatando.flv\" width=\"550\" height=\"\" description=\"El Silencio nos estaba Matando - Uribe\" clickurl=\"\" clicktarget=\"\" player=\"4\" autoplay=\"false\" loop=\"false\" autorewind=\"true\" splashimage=\"\" skin=\"\" \/] [icon color=\"Accent-Color\" size=\"regular\" image=\"steadysets-icon-chat\"] Contexto Spot del Partido de la U para apoyar la reelecci\u00f3n del Presidente Uribe el 28 de mayo e 2006. La U buscaba encarnar ante la\u2026","rel":"","context":"En \u00abCampa\u00f1a Presidencial\u00bb","block_context":{"text":"Campa\u00f1a Presidencial","link":"https:\/\/estrategica.com.co\/blog\/category\/temas\/campana-presidencial\/"},"img":{"alt_text":"","src":"https:\/\/i0.wp.com\/estrategica.com.co\/blog\/wp-content\/uploads\/2009\/04\/elsilencionosestabamatando_thumb.png?fit=276%2C216&ssl=1&resize=350%2C200","width":350,"height":200},"classes":[]},{"id":10506,"url":"https:\/\/estrategica.com.co\/blog\/postulate-a-la-u\/","url_meta":{"origin":10377,"position":5},"title":"Post\u00falate a la U","author":"Juliana","date":"abril 3, 2009","format":false,"excerpt":"[hana-flv-player video=\"\/blog\/wp-content\/uploads\/2009\/01\/FO_COLOMBIA\/Postulate2006.flv\" width=\"550\" height=\"\" description=\"Post\u00falate a la U\" clickurl=\"\" clicktarget=\"\" player=\"4\" autoplay=\"false\" loop=\"false\" autorewind=\"true\" splashimage=\"\" skin=\"\" \/] [icon color=\"Accent-Color\" size=\"regular\" image=\"steadysets-icon-chat\"] Contexto Spot del Partido de la U para las elecciones parlamentarias de 2006. Las listas de los distintos partidos tienen la posibilidad de tener 100 aspirantes de los cales\u2026","rel":"","context":"En \u00abCampa\u00f1a Cuerpo Colegiado\u00bb","block_context":{"text":"Campa\u00f1a Cuerpo Colegiado","link":"https:\/\/estrategica.com.co\/blog\/category\/temas\/campana-colegiada\/"},"img":{"alt_text":"","src":"https:\/\/i0.wp.com\/estrategica.com.co\/blog\/wp-content\/uploads\/2009\/04\/postulate2006_thumb.png?fit=313%2C211&ssl=1&resize=350%2C200","width":350,"height":200},"classes":[]}],"jetpack_sharing_enabled":true,"_links":{"self":[{"href":"https:\/\/estrategica.com.co\/blog\/wp-json\/wp\/v2\/posts\/10377","targetHints":{"allow":["GET"]}}],"collection":[{"href":"https:\/\/estrategica.com.co\/blog\/wp-json\/wp\/v2\/posts"}],"about":[{"href":"https:\/\/estrategica.com.co\/blog\/wp-json\/wp\/v2\/types\/post"}],"author":[{"embeddable":true,"href":"https:\/\/estrategica.com.co\/blog\/wp-json\/wp\/v2\/users\/5"}],"replies":[{"embeddable":true,"href":"https:\/\/estrategica.com.co\/blog\/wp-json\/wp\/v2\/comments?post=10377"}],"version-history":[{"count":4,"href":"https:\/\/estrategica.com.co\/blog\/wp-json\/wp\/v2\/posts\/10377\/revisions"}],"predecessor-version":[{"id":46986,"href":"https:\/\/estrategica.com.co\/blog\/wp-json\/wp\/v2\/posts\/10377\/revisions\/46986"}],"wp:featuredmedia":[{"embeddable":true,"href":"https:\/\/estrategica.com.co\/blog\/wp-json\/wp\/v2\/media\/10378"}],"wp:attachment":[{"href":"https:\/\/estrategica.com.co\/blog\/wp-json\/wp\/v2\/media?parent=10377"}],"wp:term":[{"taxonomy":"category","embeddable":true,"href":"https:\/\/estrategica.com.co\/blog\/wp-json\/wp\/v2\/categories?post=10377"},{"taxonomy":"post_tag","embeddable":true,"href":"https:\/\/estrategica.com.co\/blog\/wp-json\/wp\/v2\/tags?post=10377"}],"curies":[{"name":"wp","href":"https:\/\/api.w.org\/{rel}","templated":true}]}}