{"id":10380,"date":"2009-04-04T16:44:02","date_gmt":"2009-04-04T16:44:02","guid":{"rendered":"http:\/\/estrategica.com.co\/blog\/?p=10380"},"modified":"2015-02-27T16:56:43","modified_gmt":"2015-02-27T21:56:43","slug":"los-colores-de-la-u","status":"publish","type":"post","link":"https:\/\/estrategica.com.co\/blog\/los-colores-de-la-u\/","title":{"rendered":"Los Colores de la U"},"content":{"rendered":"<p> <script type='text\/javascript' src='https:\/\/estrategica.com.co\/blog\/wp-content\/plugins\/hana-flv-player\/flowplayer3\/example\/flowplayer-3.2.6.min.js'><\/script>\n<div >\n<div id='hana_flv_flow3_1' style='display:block;width:550px;height:413px;background-color:#555555;color:#ffffff;padding:0' title=\"*Video:los colores de la u\"><\/div>\n<\/div>\n\n<script  type='text\/javascript'>\nif (typeof g_hanaFlash !== 'undefined' && !g_hanaFlash){\n    jQuery('#hana_flv_flow3_1').css( 'padding', '5px' );\n\tjQuery('#hana_flv_flow3_1').html(\"<span class='inactive_message' style='display:block'>Sorry, your browser does not support Flash Video Player<\/span> *Video:los colores de la u\");\n}else{\t\t\t\n\t\tflowplayer('hana_flv_flow3_1', { src: 'https:\/\/estrategica.com.co\/blog\/wp-content\/plugins\/hana-flv-player\/flowplayer3\/flowplayer-3.2.7.swf', wmode: 'transparent' }, { \n\n\t\t\tcanvas: { backgroundColor: '#000000', backgroundGradient: 'none',},\n    \t\tclip:  { \n    \t\t\turl: '\/blog\/wp-content\/uploads\/2009\/01\/FO_COLOMBIA\/colores.flv',\n        \t\tscaling: 'fit', autoPlay: false, autoBuffering: true \n\t\t\t\t   , onFinish : function () { this.seek(0); }  \n\n\t        }\n\n\t\t});\n}\n<\/script><br \/>\n<\/br><\/p>\n<p>[icon color=\u00bbAccent-Color\u00bb size=\u00bbregular\u00bb image=\u00bbsteadysets-icon-chat\u00bb] <strong>Contexto<\/strong><\/br><\/br><\/p>\n<p style=\"text-align: justify;\">Spot emocional del Partido de la U de cara a las elecciones parlamentarias se 2006. Se trata de darle un contenido tem\u00e1tico a los colores del logos\u00edmbolo de la U, sin embargo, no se desarrollo el concepto con otras piezas y quedo como un esfuerzo aislado que hubiera podido ser m\u00e1s rentable en la comunicaci\u00f3n si se hubiera desarrollado a trav\u00e9s de otras piezas.<\/p><\/p>\n","protected":false},"excerpt":{"rendered":"<p>*Video: los colores de la u [icon color=\u00bbAccent-Color\u00bb size=\u00bbregular\u00bb image=\u00bbsteadysets-icon-chat\u00bb] Contexto Spot emocional del Partido de la U de cara a las elecciones parlamentarias se 2006. Se trata de darle un contenido tem\u00e1tico a los colores del logos\u00edmbolo de la U, sin embargo, no se desarrollo el concepto con otras piezas y quedo como un [&hellip;]<\/p>\n","protected":false},"author":5,"featured_media":10381,"comment_status":"open","ping_status":"open","sticky":false,"template":"","format":"standard","meta":{"_et_pb_use_builder":"","_et_pb_old_content":"","_et_gb_content_width":"","advanced_seo_description":"","jetpack_seo_html_title":"","jetpack_seo_noindex":false,"footnotes":""},"categories":[58,62,34,10,11,3],"tags":[196,402,412],"class_list":["post-10380","post","type-post","status-publish","format-standard","has-post-thumbnail","hentry","category-campana-colegiada","category-colombia","category-electoral","category-geo","category-temas","category-video","tag-elecciones-2006","tag-francisco-ortiz","tag-partido-de-la-u"],"jetpack_featured_media_url":"https:\/\/i0.wp.com\/estrategica.com.co\/blog\/wp-content\/uploads\/2009\/04\/colores_thumb.png?fit=305%2C227&ssl=1","jetpack_shortlink":"https:\/\/wp.me\/p4wgsh-2Hq","jetpack-related-posts":[{"id":10377,"url":"https:\/\/estrategica.com.co\/blog\/chocolate-espeso-partido-de-la-u\/","url_meta":{"origin":10380,"position":0},"title":"Chocolate Espeso &#8211; Partido de la U","author":"Juliana","date":"abril 4, 2009","format":false,"excerpt":"[hana-flv-player video=\"\/blog\/wp-content\/uploads\/2009\/01\/FO_COLOMBIA\/chocolate.flv\" width=\"550\" height=\"\" description=\"Chocolate Espeso - Partido de la U\" clickurl=\"\" clicktarget=\"\" player=\"4\" autoplay=\"false\" loop=\"false\" autorewind=\"true\" splashimage=\"\" skin=\"\" \/] [icon color=\"Accent-Color\" size=\"regular\" image=\"steadysets-icon-chat\"] Contexto Spot del Partido de la U de cara a las elecciones parlamentarias se 2006. Se toma un dicho popular para posicionar un mensaje pol\u00edtico, sin\u2026","rel":"","context":"En \u00abCampa\u00f1a Cuerpo Colegiado\u00bb","block_context":{"text":"Campa\u00f1a Cuerpo Colegiado","link":"https:\/\/estrategica.com.co\/blog\/category\/temas\/campana-colegiada\/"},"img":{"alt_text":"","src":"https:\/\/i0.wp.com\/estrategica.com.co\/blog\/wp-content\/uploads\/2009\/04\/chocolate_thumb.png?fit=325%2C224&ssl=1&resize=350%2C200","width":350,"height":200},"classes":[]},{"id":10460,"url":"https:\/\/estrategica.com.co\/blog\/optometra-partido-de-la-u\/","url_meta":{"origin":10380,"position":1},"title":"Optometra &#8211; Partido de la U","author":"Juliana","date":"abril 4, 2009","format":false,"excerpt":"[hana-flv-player video=\"\/blog\/wp-content\/uploads\/2009\/01\/FO_COLOMBIA\/OptometraU.flv\" width=\"550\" height=\"\" description=\"Optometra - Partido de la U\" clickurl=\"\" clicktarget=\"\" player=\"4\" autoplay=\"false\" loop=\"false\" autorewind=\"true\" splashimage=\"\" skin=\"\" \/] [icon color=\"Accent-Color\" size=\"regular\" image=\"steadysets-icon-chat\"] Contexto Spot del Partido de la U para las elecciones parlamentarias de 2006. El Partido de U amarr\u00f3 su comunicaci\u00f3n, estrat\u00e9gicamente,\u00a0 a la figura del Presidente \u00c1lvaro\u2026","rel":"","context":"En \u00abCampa\u00f1a Cuerpo Colegiado\u00bb","block_context":{"text":"Campa\u00f1a Cuerpo Colegiado","link":"https:\/\/estrategica.com.co\/blog\/category\/temas\/campana-colegiada\/"},"img":{"alt_text":"","src":"https:\/\/i0.wp.com\/estrategica.com.co\/blog\/wp-content\/uploads\/2009\/04\/optometrau_thumb.png?fit=321%2C228&ssl=1&resize=350%2C200","width":350,"height":200},"classes":[]},{"id":10456,"url":"https:\/\/estrategica.com.co\/blog\/nombres-partido-de-la-u\/","url_meta":{"origin":10380,"position":2},"title":"Nombres &#8211; Partido de la U","author":"Juliana","date":"abril 4, 2009","format":false,"excerpt":"[hana-flv-player video=\"\/blog\/wp-content\/uploads\/2009\/01\/FO_COLOMBIA\/nombres2006.flv\" width=\"550\" height=\"\" description=\"Nombres - Partido de la U\" clickurl=\"\" clicktarget=\"\" player=\"4\" autoplay=\"false\" loop=\"false\" autorewind=\"true\" splashimage=\"\" skin=\"\" \/] [icon color=\"Accent-Color\" size=\"regular\" image=\"steadysets-icon-chat\"] Contexto Spot del Partido de la U para las elecciones parlamentarias de 2006. El Partido de U amarr\u00f3 su comunicaci\u00f3n, estrat\u00e9gicamente,\u00a0 a la figura del Presidente \u00c1lvaro\u2026","rel":"","context":"En \u00abCampa\u00f1a Cuerpo Colegiado\u00bb","block_context":{"text":"Campa\u00f1a Cuerpo Colegiado","link":"https:\/\/estrategica.com.co\/blog\/category\/temas\/campana-colegiada\/"},"img":{"alt_text":"","src":"https:\/\/i0.wp.com\/estrategica.com.co\/blog\/wp-content\/uploads\/2009\/04\/nombres2006_thumb.png?fit=307%2C222&ssl=1&resize=350%2C200","width":350,"height":200},"classes":[]},{"id":10348,"url":"https:\/\/estrategica.com.co\/blog\/3-razones-para-sumarse-a-la-u-mixto-3\/","url_meta":{"origin":10380,"position":3},"title":"3 Razones para Sumarse a la U &#8211; Mixto","author":"Juliana","date":"abril 4, 2009","format":false,"excerpt":"[hana-flv-player video=\"\/blog\/wp-content\/uploads\/2009\/01\/FO_COLOMBIA\/3razonescombiando3.flv\" width=\"550\" height=\"\" description=\"3 Razones para Sumarse a la U - Mixto\" clickurl=\"\" clicktarget=\"\" player=\"4\" autoplay=\"false\" loop=\"false\" autorewind=\"true\" splashimage=\"\" skin=\"\" \/] [icon color=\"Accent-Color\" size=\"regular\" image=\"steadysets-icon-chat\"] Contexto Spot del Partido de la U para las elecciones parlamentarias de 2006. El Partido de U amarr\u00f3 su comunicaci\u00f3n, estrat\u00e9gicamente,\u00a0 a la figura\u2026","rel":"","context":"En \u00abCampa\u00f1a Cuerpo Colegiado\u00bb","block_context":{"text":"Campa\u00f1a Cuerpo Colegiado","link":"https:\/\/estrategica.com.co\/blog\/category\/temas\/campana-colegiada\/"},"img":{"alt_text":"","src":"https:\/\/i0.wp.com\/estrategica.com.co\/blog\/wp-content\/uploads\/2009\/04\/3razonescombiando3_thumb.png?fit=270%2C206&ssl=1&resize=350%2C200","width":350,"height":200},"classes":[]},{"id":10352,"url":"https:\/\/estrategica.com.co\/blog\/3-razones-para-sumarse-a-la-u-mixto-2\/","url_meta":{"origin":10380,"position":4},"title":"3 Razones para Sumarse a la U &#8211; Mixto","author":"Juliana","date":"abril 4, 2009","format":false,"excerpt":"[hana-flv-player video=\"\/blog\/wp-content\/uploads\/2009\/01\/FO_COLOMBIA\/3razonescombinado.flv\" width=\"550\" height=\"\" description=\"3 Razones para Sumarse a la U - Mixto\" clickurl=\"\" clicktarget=\"\" player=\"4\" autoplay=\"false\" loop=\"false\" autorewind=\"true\" splashimage=\"\" skin=\"\" \/] [icon color=\"Accent-Color\" size=\"regular\" image=\"steadysets-icon-chat\"] Contexto Spot del Partido de la U para las elecciones parlamentarias de 2006. El Partido de U amarr\u00f3 su comunicaci\u00f3n, estrat\u00e9gicamente,\u00a0 a la figura\u2026","rel":"","context":"En \u00abCampa\u00f1a Cuerpo Colegiado\u00bb","block_context":{"text":"Campa\u00f1a Cuerpo Colegiado","link":"https:\/\/estrategica.com.co\/blog\/category\/temas\/campana-colegiada\/"},"img":{"alt_text":"","src":"https:\/\/i0.wp.com\/estrategica.com.co\/blog\/wp-content\/uploads\/2009\/04\/3razonescombinado_thumb.png?fit=338%2C208&ssl=1&resize=350%2C200","width":350,"height":200},"classes":[]},{"id":10357,"url":"https:\/\/estrategica.com.co\/blog\/3-razones-para-sumarse-a-la-u-mixto\/","url_meta":{"origin":10380,"position":5},"title":"3 Razones para Sumarse a la U &#8211; Mixto","author":"Juliana","date":"abril 4, 2009","format":false,"excerpt":"[hana-flv-player video=\"\/blog\/wp-content\/uploads\/2009\/01\/FO_COLOMBIA\/3razonescombinado2.flv\" width=\"550\" height=\"\" description=\"3 Razones para Sumarse a la U - Mixto\" clickurl=\"\" clicktarget=\"\" player=\"4\" autoplay=\"false\" loop=\"false\" autorewind=\"true\" splashimage=\"\" skin=\"\" \/] [icon color=\"Accent-Color\" size=\"regular\" image=\"steadysets-icon-chat\"] Contexto Spot del Partido de la U para las elecciones parlamentarias de 2006. El Partido de U amarr\u00f3 su comunicaci\u00f3n, estrat\u00e9gicamente,\u00a0 a la figura\u2026","rel":"","context":"En \u00abCampa\u00f1a Cuerpo Colegiado\u00bb","block_context":{"text":"Campa\u00f1a Cuerpo Colegiado","link":"https:\/\/estrategica.com.co\/blog\/category\/temas\/campana-colegiada\/"},"img":{"alt_text":"","src":"https:\/\/i0.wp.com\/estrategica.com.co\/blog\/wp-content\/uploads\/2009\/04\/3razonescombinado2_thumb.png?fit=289%2C205&ssl=1&resize=350%2C200","width":350,"height":200},"classes":[]}],"jetpack_sharing_enabled":true,"_links":{"self":[{"href":"https:\/\/estrategica.com.co\/blog\/wp-json\/wp\/v2\/posts\/10380","targetHints":{"allow":["GET"]}}],"collection":[{"href":"https:\/\/estrategica.com.co\/blog\/wp-json\/wp\/v2\/posts"}],"about":[{"href":"https:\/\/estrategica.com.co\/blog\/wp-json\/wp\/v2\/types\/post"}],"author":[{"embeddable":true,"href":"https:\/\/estrategica.com.co\/blog\/wp-json\/wp\/v2\/users\/5"}],"replies":[{"embeddable":true,"href":"https:\/\/estrategica.com.co\/blog\/wp-json\/wp\/v2\/comments?post=10380"}],"version-history":[{"count":6,"href":"https:\/\/estrategica.com.co\/blog\/wp-json\/wp\/v2\/posts\/10380\/revisions"}],"predecessor-version":[{"id":46988,"href":"https:\/\/estrategica.com.co\/blog\/wp-json\/wp\/v2\/posts\/10380\/revisions\/46988"}],"wp:featuredmedia":[{"embeddable":true,"href":"https:\/\/estrategica.com.co\/blog\/wp-json\/wp\/v2\/media\/10381"}],"wp:attachment":[{"href":"https:\/\/estrategica.com.co\/blog\/wp-json\/wp\/v2\/media?parent=10380"}],"wp:term":[{"taxonomy":"category","embeddable":true,"href":"https:\/\/estrategica.com.co\/blog\/wp-json\/wp\/v2\/categories?post=10380"},{"taxonomy":"post_tag","embeddable":true,"href":"https:\/\/estrategica.com.co\/blog\/wp-json\/wp\/v2\/tags?post=10380"}],"curies":[{"name":"wp","href":"https:\/\/api.w.org\/{rel}","templated":true}]}}