{"id":10400,"date":"2009-04-04T14:07:40","date_gmt":"2009-04-04T14:07:40","guid":{"rendered":"http:\/\/estrategica.com.co\/blog\/?p=10400"},"modified":"2015-03-04T16:48:27","modified_gmt":"2015-03-04T21:48:27","slug":"como-votar-gina-parody","status":"publish","type":"post","link":"https:\/\/estrategica.com.co\/blog\/como-votar-gina-parody\/","title":{"rendered":"C\u00f3mo Votar &#8211; Gina Parody"},"content":{"rendered":"<p> <script type='text\/javascript' src='https:\/\/estrategica.com.co\/blog\/wp-content\/plugins\/hana-flv-player\/flowplayer3\/example\/flowplayer-3.2.6.min.js'><\/script>\n<div >\n<div id='hana_flv_flow3_1' style='display:block;width:550px;height:413px;background-color:#555555;color:#ffffff;padding:0' title=\"*Video:c\u00f3mo votar - gina parody\"><\/div>\n<\/div>\n\n<script  type='text\/javascript'>\nif (typeof g_hanaFlash !== 'undefined' && !g_hanaFlash){\n    jQuery('#hana_flv_flow3_1').css( 'padding', '5px' );\n\tjQuery('#hana_flv_flow3_1').html(\"<span class='inactive_message' style='display:block'>Sorry, your browser does not support Flash Video Player<\/span> *Video:c\u00f3mo votar - gina parody\");\n}else{\t\t\t\n\t\tflowplayer('hana_flv_flow3_1', { src: 'https:\/\/estrategica.com.co\/blog\/wp-content\/plugins\/hana-flv-player\/flowplayer3\/flowplayer-3.2.7.swf', wmode: 'transparent' }, { \n\n\t\t\tcanvas: { backgroundColor: '#000000', backgroundGradient: 'none',},\n    \t\tclip:  { \n    \t\t\turl: '\/blog\/wp-content\/uploads\/2009\/01\/FO_COLOMBIA\/ginaparodychat.flv',\n        \t\tscaling: 'fit', autoPlay: false, autoBuffering: true \n\t\t\t\t   , onFinish : function () { this.seek(0); }  \n\n\t        }\n\n\t\t});\n}\n<\/script><br \/>\n<\/br><\/p>\n<p>[icon color=\u00bbAccent-Color\u00bb size=\u00bbregular\u00bb image=\u00bbsteadysets-icon-chat\u00bb] <strong>Contexto<\/strong><\/br><\/br><\/p>\n<p style=\"text-align: justify;\">Spot del Partido de la U para las elecciones parlamentarias de 2006. El Partido de U amarr\u00f3 su comunicaci\u00f3n, estrat\u00e9gicamente,\u00a0 a la figura del Presidente \u00c1lvaro Uribe, aprovechando los altos \u00edndices de popularidad del mandatario. La U buscaba la conexi\u00f3n subliminal con Uribe. Los instrumentos de persuasi\u00f3n estaban dirigidos a comunicar esa conexi\u00f3n quit\u00e1ndole a las dem\u00e1s coaliciones pol\u00edticas que apoyaban al gobierno la legitimidad del uribismo. Y se logr\u00f3. El Partido de la U obtuvo las mayor\u00edas del Senado de la Rep\u00fablica y se convirti\u00f3 en la sorpresa de esas elecciones, sobre todo, teniendo en cuenta que era una coalici\u00f3n con apenas unos meses de fundada sin nivel de conocimiento en la opini\u00f3n p\u00fablica. Los estrategas de U, luego de estudiar la legislaci\u00f3n electoral, vieron que a los candidatos les estaba prohibido promocionar su aspiraci\u00f3n por televisi\u00f3n, lo \u00fanico permitido era la publicidad institucional del partido, entonces, con buen sentido t\u00e1ctico, nombraron voceros del partido a algunos candidatos y pudieron salir por televisi\u00f3n posicionando \u201c3 Razones para sumarse a la U\u201d, y ah\u00ed hablaban de seguridad, educaci\u00f3n y de mensajes discretamente dirigidos a su electorado seg\u00fan fuera de la costa, el valle o el lugar especifico al que se dirigiera la aspiraci\u00f3n del candidato. En ning\u00fan lugar se dec\u00eda que fueran candidatos,<span style=\"mso-spacerun: yes;\">\u00a0 <\/span>a lo m\u00e1s se dec\u00eda que eran exministros, o senadores o exgobernadores o exalcaldes. Una estrategia bien dise\u00f1ada y bien lograda. Las piezas fueron desarrolladas por Francisco Ortiz.\u00a0<\/p><\/p>\n","protected":false},"excerpt":{"rendered":"<p>*Video: c\u00f3mo votar &#8211; gina parody [icon color=\u00bbAccent-Color\u00bb size=\u00bbregular\u00bb image=\u00bbsteadysets-icon-chat\u00bb] Contexto Spot del Partido de la U para las elecciones parlamentarias de 2006. El Partido de U amarr\u00f3 su comunicaci\u00f3n, estrat\u00e9gicamente,\u00a0 a la figura del Presidente \u00c1lvaro Uribe, aprovechando los altos \u00edndices de popularidad del mandatario. La U buscaba la conexi\u00f3n subliminal con Uribe. Los [&hellip;]<\/p>\n","protected":false},"author":5,"featured_media":10401,"comment_status":"open","ping_status":"open","sticky":false,"template":"","format":"standard","meta":{"_et_pb_use_builder":"","_et_pb_old_content":"","_et_gb_content_width":"","advanced_seo_description":"","jetpack_seo_html_title":"","jetpack_seo_noindex":false,"footnotes":""},"categories":[58,62,34,10,11,3],"tags":[196,402,412],"class_list":["post-10400","post","type-post","status-publish","format-standard","has-post-thumbnail","hentry","category-campana-colegiada","category-colombia","category-electoral","category-geo","category-temas","category-video","tag-elecciones-2006","tag-francisco-ortiz","tag-partido-de-la-u"],"jetpack_featured_media_url":"https:\/\/i0.wp.com\/estrategica.com.co\/blog\/wp-content\/uploads\/2009\/04\/ginaparodychat_thumb.png?fit=322%2C231&ssl=1","jetpack_shortlink":"https:\/\/wp.me\/p4wgsh-2HK","jetpack-related-posts":[{"id":10396,"url":"https:\/\/estrategica.com.co\/blog\/porque-primero-esta-colombia-gina-parody\/","url_meta":{"origin":10400,"position":0},"title":"3 Razones para Votar es 28 de Mayo &#8211; Gina Parody","author":"Juliana","date":"abril 4, 2009","format":false,"excerpt":"[hana-flv-player video=\"\/blog\/wp-content\/uploads\/2009\/01\/FO_COLOMBIA\/ginaparody.flv\" width=\"550\" height=\"\" description=\"3 Razones para Votar es 28 de Mayo - Gina Parody\" clickurl=\"\" clicktarget=\"\" player=\"4\" autoplay=\"false\" loop=\"false\" autorewind=\"true\" splashimage=\"\" skin=\"\" \/] [icon color=\"Accent-Color\" size=\"regular\" image=\"steadysets-icon-chat\"] Contexto Spot del Partido de la U para apoyar la reelecci\u00f3n del Presidente Uribe el 28 de mayo e 2006. La U\u2026","rel":"","context":"En \u00abCampa\u00f1a Presidencial\u00bb","block_context":{"text":"Campa\u00f1a Presidencial","link":"https:\/\/estrategica.com.co\/blog\/category\/temas\/campana-presidencial\/"},"img":{"alt_text":"","src":"https:\/\/i0.wp.com\/estrategica.com.co\/blog\/wp-content\/uploads\/2009\/04\/ginaparody_thumb.png?fit=263%2C205&ssl=1&resize=350%2C200","width":350,"height":200},"classes":[]},{"id":10518,"url":"https:\/\/estrategica.com.co\/blog\/uribe-y-santos-partido-de-la-u\/","url_meta":{"origin":10400,"position":1},"title":"Uribe y Santos &#8211; Partido de la U","author":"Juliana","date":"abril 3, 2009","format":false,"excerpt":"[hana-flv-player video=\"\/blog\/wp-content\/uploads\/2009\/01\/FO_COLOMBIA\/UribeySantos.flv\" width=\"550\" height=\"\" description=\"Uribe y Santos - Partido de la U\" clickurl=\"\" clicktarget=\"\" player=\"4\" autoplay=\"false\" loop=\"false\" autorewind=\"true\" splashimage=\"\" skin=\"\" \/] [icon color=\"Accent-Color\" size=\"regular\" image=\"steadysets-icon-chat\"] Contexto Spot del Partido de la U para las elecciones parlamentarias de 2006. El Partido de U amarr\u00f3 su comunicaci\u00f3n, estrat\u00e9gicamente,\u00a0 a la figura del\u2026","rel":"","context":"En \u00abCampa\u00f1a Cuerpo Colegiado\u00bb","block_context":{"text":"Campa\u00f1a Cuerpo Colegiado","link":"https:\/\/estrategica.com.co\/blog\/category\/temas\/campana-colegiada\/"},"img":{"alt_text":"","src":"https:\/\/i0.wp.com\/estrategica.com.co\/blog\/wp-content\/uploads\/2009\/04\/uribeysantos_thumb.png?fit=312%2C226&ssl=1&resize=350%2C200","width":350,"height":200},"classes":[]},{"id":10514,"url":"https:\/\/estrategica.com.co\/blog\/seguridad-partido-de-la-u\/","url_meta":{"origin":10400,"position":2},"title":"Seguridad &#8211; Partido de la U","author":"Juliana","date":"abril 4, 2009","format":false,"excerpt":"[hana-flv-player video=\"\/blog\/wp-content\/uploads\/2009\/01\/FO_COLOMBIA\/Seguridadu.flv\" width=\"550\" height=\"\" description=\"Seguridad - Partido de la U\" clickurl=\"\" clicktarget=\"\" player=\"4\" autoplay=\"false\" loop=\"false\" autorewind=\"true\" splashimage=\"\" skin=\"\" \/] [icon color=\"Accent-Color\" size=\"regular\" image=\"steadysets-icon-chat\"] Contexto Spot del Partido de la U para las elecciones parlamentarias de 2006. El Partido de U amarr\u00f3 su comunicaci\u00f3n, estrat\u00e9gicamente,\u00a0 a la figura del Presidente \u00c1lvaro\u2026","rel":"","context":"En \u00abCampa\u00f1a Cuerpo Colegiado\u00bb","block_context":{"text":"Campa\u00f1a Cuerpo Colegiado","link":"https:\/\/estrategica.com.co\/blog\/category\/temas\/campana-colegiada\/"},"img":{"alt_text":"","src":"https:\/\/i0.wp.com\/estrategica.com.co\/blog\/wp-content\/uploads\/2009\/04\/seguridadu_thumb.png?fit=299%2C214&ssl=1&resize=350%2C200","width":350,"height":200},"classes":[]},{"id":10343,"url":"https:\/\/estrategica.com.co\/blog\/3-razones-para-sumarse-a-la-u-alvaro-uribe\/","url_meta":{"origin":10400,"position":3},"title":"3 Razones para Sumarse a la U &#8211; Alvaro uribe","author":"Juliana","date":"abril 4, 2009","format":false,"excerpt":"[hana-flv-player video=\"\/blog\/wp-content\/uploads\/2009\/01\/FO_COLOMBIA\/3razonesAlvaroUribe.flv\" width=\"550\" height=\"\" description=\"3 Razones para Sumarse a la U - Alvaro uribe\" clickurl=\"\" clicktarget=\"\" player=\"4\" autoplay=\"false\" loop=\"false\" autorewind=\"true\" splashimage=\"\" skin=\"\" \/] [icon color=\"Accent-Color\" size=\"regular\" image=\"steadysets-icon-chat\"] Contexto Spot del Partido de la U para las elecciones parlamentarias de 2006. El Partido de U amarr\u00f3 su comunicaci\u00f3n, estrat\u00e9gicamente,\u00a0 a la\u2026","rel":"","context":"En \u00abCampa\u00f1a Cuerpo Colegiado\u00bb","block_context":{"text":"Campa\u00f1a Cuerpo Colegiado","link":"https:\/\/estrategica.com.co\/blog\/category\/temas\/campana-colegiada\/"},"img":{"alt_text":"","src":"https:\/\/i0.wp.com\/estrategica.com.co\/blog\/wp-content\/uploads\/2009\/04\/3razonesalvarouribe_thumb.png?fit=302%2C226&ssl=1&resize=350%2C200","width":350,"height":200},"classes":[]},{"id":10456,"url":"https:\/\/estrategica.com.co\/blog\/nombres-partido-de-la-u\/","url_meta":{"origin":10400,"position":4},"title":"Nombres &#8211; Partido de la U","author":"Juliana","date":"abril 4, 2009","format":false,"excerpt":"[hana-flv-player video=\"\/blog\/wp-content\/uploads\/2009\/01\/FO_COLOMBIA\/nombres2006.flv\" width=\"550\" height=\"\" description=\"Nombres - Partido de la U\" clickurl=\"\" clicktarget=\"\" player=\"4\" autoplay=\"false\" loop=\"false\" autorewind=\"true\" splashimage=\"\" skin=\"\" \/] [icon color=\"Accent-Color\" size=\"regular\" image=\"steadysets-icon-chat\"] Contexto Spot del Partido de la U para las elecciones parlamentarias de 2006. El Partido de U amarr\u00f3 su comunicaci\u00f3n, estrat\u00e9gicamente,\u00a0 a la figura del Presidente \u00c1lvaro\u2026","rel":"","context":"En \u00abCampa\u00f1a Cuerpo Colegiado\u00bb","block_context":{"text":"Campa\u00f1a Cuerpo Colegiado","link":"https:\/\/estrategica.com.co\/blog\/category\/temas\/campana-colegiada\/"},"img":{"alt_text":"","src":"https:\/\/i0.wp.com\/estrategica.com.co\/blog\/wp-content\/uploads\/2009\/04\/nombres2006_thumb.png?fit=307%2C222&ssl=1&resize=350%2C200","width":350,"height":200},"classes":[]},{"id":10365,"url":"https:\/\/estrategica.com.co\/blog\/3-razones-para-votar-este-28-de-mayo-adriana-gutierrez\/","url_meta":{"origin":10400,"position":5},"title":"3 Razones para Votar este 28 de Mayo &#8211; Adriana Gutierrez","author":"Juliana","date":"abril 4, 2009","format":false,"excerpt":"[hana-flv-player video=\"\/blog\/wp-content\/uploads\/2009\/01\/FO_COLOMBIA\/AdrianGutierrez1.flv\" width=\"550\" height=\"\" description=\"3 Razones para Votar este 28 de Mayo - Adriana Gutierrez\" clickurl=\"\" clicktarget=\"\" player=\"4\" autoplay=\"false\" loop=\"false\" autorewind=\"true\" splashimage=\"\" skin=\"\" \/] [icon color=\"Accent-Color\" size=\"regular\" image=\"steadysets-icon-chat\"] Contexto Spot del Partido de la U para apoyar la reelecci\u00f3n del Presidente Uribe el 28 de mayo e 2006. La U\u2026","rel":"","context":"En \u00abCampa\u00f1a Presidencial\u00bb","block_context":{"text":"Campa\u00f1a Presidencial","link":"https:\/\/estrategica.com.co\/blog\/category\/temas\/campana-presidencial\/"},"img":{"alt_text":"","src":"","width":0,"height":0},"classes":[]}],"jetpack_sharing_enabled":true,"_links":{"self":[{"href":"https:\/\/estrategica.com.co\/blog\/wp-json\/wp\/v2\/posts\/10400","targetHints":{"allow":["GET"]}}],"collection":[{"href":"https:\/\/estrategica.com.co\/blog\/wp-json\/wp\/v2\/posts"}],"about":[{"href":"https:\/\/estrategica.com.co\/blog\/wp-json\/wp\/v2\/types\/post"}],"author":[{"embeddable":true,"href":"https:\/\/estrategica.com.co\/blog\/wp-json\/wp\/v2\/users\/5"}],"replies":[{"embeddable":true,"href":"https:\/\/estrategica.com.co\/blog\/wp-json\/wp\/v2\/comments?post=10400"}],"version-history":[{"count":5,"href":"https:\/\/estrategica.com.co\/blog\/wp-json\/wp\/v2\/posts\/10400\/revisions"}],"predecessor-version":[{"id":47045,"href":"https:\/\/estrategica.com.co\/blog\/wp-json\/wp\/v2\/posts\/10400\/revisions\/47045"}],"wp:featuredmedia":[{"embeddable":true,"href":"https:\/\/estrategica.com.co\/blog\/wp-json\/wp\/v2\/media\/10401"}],"wp:attachment":[{"href":"https:\/\/estrategica.com.co\/blog\/wp-json\/wp\/v2\/media?parent=10400"}],"wp:term":[{"taxonomy":"category","embeddable":true,"href":"https:\/\/estrategica.com.co\/blog\/wp-json\/wp\/v2\/categories?post=10400"},{"taxonomy":"post_tag","embeddable":true,"href":"https:\/\/estrategica.com.co\/blog\/wp-json\/wp\/v2\/tags?post=10400"}],"curies":[{"name":"wp","href":"https:\/\/api.w.org\/{rel}","templated":true}]}}