{"id":10420,"date":"2009-04-04T13:38:52","date_gmt":"2009-04-04T13:38:52","guid":{"rendered":"http:\/\/estrategica.com.co\/blog\/?p=10420"},"modified":"2015-03-06T10:11:08","modified_gmt":"2015-03-06T15:11:08","slug":"3-razones-para-sumarse-a-la-u-juan-manuel-santos","status":"publish","type":"post","link":"https:\/\/estrategica.com.co\/blog\/3-razones-para-sumarse-a-la-u-juan-manuel-santos\/","title":{"rendered":"3 Razones para Votar este 28 de Mayo &#8211; Juan Manuel Santos"},"content":{"rendered":"<p> <script type='text\/javascript' src='https:\/\/estrategica.com.co\/blog\/wp-content\/plugins\/hana-flv-player\/flowplayer3\/example\/flowplayer-3.2.6.min.js'><\/script>\n<div >\n<div id='hana_flv_flow3_1' style='display:block;width:550px;height:413px;background-color:#555555;color:#ffffff;padding:0' title=\"*Video:3 razones para votar este 28 de mayo - juan manuel santos\"><\/div>\n<\/div>\n\n<script  type='text\/javascript'>\nif (typeof g_hanaFlash !== 'undefined' && !g_hanaFlash){\n    jQuery('#hana_flv_flow3_1').css( 'padding', '5px' );\n\tjQuery('#hana_flv_flow3_1').html(\"<span class='inactive_message' style='display:block'>Sorry, your browser does not support Flash Video Player<\/span> *Video:3 razones para votar este 28 de mayo - juan manuel santos\");\n}else{\t\t\t\n\t\tflowplayer('hana_flv_flow3_1', { src: 'https:\/\/estrategica.com.co\/blog\/wp-content\/plugins\/hana-flv-player\/flowplayer3\/flowplayer-3.2.7.swf', wmode: 'transparent' }, { \n\n\t\t\tcanvas: { backgroundColor: '#000000', backgroundGradient: 'none',},\n    \t\tclip:  { \n    \t\t\turl: '\/blog\/wp-content\/uploads\/2009\/01\/FO_COLOMBIA\/juanmanuelsantos.flv',\n        \t\tscaling: 'fit', autoPlay: false, autoBuffering: true \n\t\t\t\t   , onFinish : function () { this.seek(0); }  \n\n\t        }\n\n\t\t});\n}\n<\/script><br \/>\n<\/br><\/p>\n<p>[icon color=\u00bbAccent-Color\u00bb size=\u00bbregular\u00bb image=\u00bbsteadysets-icon-chat\u00bb] <strong>Contexto<\/strong><\/br><\/br><\/p>\n<p style=\"text-align: justify;\">Spot del Partido de la U para apoyar la reelecci\u00f3n del Presidente Uribe el 28 de mayo e 2006. La U buscaba encarnar ante la opini\u00f3n p\u00fablica la legitimidad del legado de Uribe. Los spot que vemos ponen a algunos de los senadores reci\u00e9n elegidos a impulsar la aspiraci\u00f3n presidencia desde el formato del Partido de la U. Es importante precisar que el Presidente Uribe se presentaba con el movimiento Primero Colombia y por eso en los mensajes se juega con \u201cPorque Primero esta Colombia\u201d.<\/p><\/p>\n","protected":false},"excerpt":{"rendered":"<p>*Video: 3 razones para votar este 28 de mayo &#8211; juan manuel santos [icon color=\u00bbAccent-Color\u00bb size=\u00bbregular\u00bb image=\u00bbsteadysets-icon-chat\u00bb] Contexto Spot del Partido de la U para apoyar la reelecci\u00f3n del Presidente Uribe el 28 de mayo e 2006. La U buscaba encarnar ante la opini\u00f3n p\u00fablica la legitimidad del legado de Uribe. Los spot que vemos [&hellip;]<\/p>\n","protected":false},"author":5,"featured_media":10421,"comment_status":"open","ping_status":"open","sticky":false,"template":"","format":"standard","meta":{"_et_pb_use_builder":"","_et_pb_old_content":"","_et_gb_content_width":"","advanced_seo_description":"","jetpack_seo_html_title":"","jetpack_seo_noindex":false,"footnotes":""},"categories":[58,62,34,10,11,3],"tags":[196,402,412],"class_list":["post-10420","post","type-post","status-publish","format-standard","has-post-thumbnail","hentry","category-campana-colegiada","category-colombia","category-electoral","category-geo","category-temas","category-video","tag-elecciones-2006","tag-francisco-ortiz","tag-partido-de-la-u"],"jetpack_featured_media_url":"https:\/\/i0.wp.com\/estrategica.com.co\/blog\/wp-content\/uploads\/2009\/04\/juanmanuelsantos_thumb.png?fit=211%2C227&ssl=1","jetpack_shortlink":"https:\/\/wp.me\/p4wgsh-2I4","jetpack-related-posts":[{"id":10365,"url":"https:\/\/estrategica.com.co\/blog\/3-razones-para-votar-este-28-de-mayo-adriana-gutierrez\/","url_meta":{"origin":10420,"position":0},"title":"3 Razones para Votar este 28 de Mayo &#8211; Adriana Gutierrez","author":"Juliana","date":"abril 4, 2009","format":false,"excerpt":"[hana-flv-player video=\"\/blog\/wp-content\/uploads\/2009\/01\/FO_COLOMBIA\/AdrianGutierrez1.flv\" width=\"550\" height=\"\" description=\"3 Razones para Votar este 28 de Mayo - Adriana Gutierrez\" clickurl=\"\" clicktarget=\"\" player=\"4\" autoplay=\"false\" loop=\"false\" autorewind=\"true\" splashimage=\"\" skin=\"\" \/] [icon color=\"Accent-Color\" size=\"regular\" image=\"steadysets-icon-chat\"] Contexto Spot del Partido de la U para apoyar la reelecci\u00f3n del Presidente Uribe el 28 de mayo e 2006. La U\u2026","rel":"","context":"En \u00abCampa\u00f1a Presidencial\u00bb","block_context":{"text":"Campa\u00f1a Presidencial","link":"https:\/\/estrategica.com.co\/blog\/category\/temas\/campana-presidencial\/"},"img":{"alt_text":"","src":"","width":0,"height":0},"classes":[]},{"id":10373,"url":"https:\/\/estrategica.com.co\/blog\/3-razones-para-votar-este-28-de-mayo-carlos-cardenas-ortiz\/","url_meta":{"origin":10420,"position":1},"title":"3 Razones para Votar este 28 de Mayo &#8211; Carlos Cardenas Ortiz","author":"Juliana","date":"abril 4, 2009","format":false,"excerpt":"[hana-flv-player video=\"\/blog\/wp-content\/uploads\/2009\/01\/FO_COLOMBIA\/carloscardenasortiz.flv\" width=\"550\" height=\"\" description=\"3 Razones para Votar este 28 de Mayo - Carlos Cardenas Ortiz\" clickurl=\"\" clicktarget=\"\" player=\"4\" autoplay=\"false\" loop=\"false\" autorewind=\"true\" splashimage=\"\" skin=\"\" \/] [icon color=\"Accent-Color\" size=\"regular\" image=\"steadysets-icon-chat\"] Contexto Spot del Partido de la U para apoyar la reelecci\u00f3n del Presidente Uribe el 28 de mayo e 2006. La\u2026","rel":"","context":"En \u00abCampa\u00f1a Presidencial\u00bb","block_context":{"text":"Campa\u00f1a Presidencial","link":"https:\/\/estrategica.com.co\/blog\/category\/temas\/campana-presidencial\/"},"img":{"alt_text":"","src":"https:\/\/i0.wp.com\/estrategica.com.co\/blog\/wp-content\/uploads\/2009\/04\/carloscardenasortiz_thumb.png?fit=215%2C215&ssl=1&resize=350%2C200","width":350,"height":200},"classes":[]},{"id":10388,"url":"https:\/\/estrategica.com.co\/blog\/3-razones-para-sumarse-a-la-u-dilian-francisca-toro\/","url_meta":{"origin":10420,"position":2},"title":"3 Razones para Votar este 28 de Mayo &#8211; Dilian Francisca Toro","author":"Juliana","date":"abril 4, 2009","format":false,"excerpt":"[hana-flv-player video=\"\/blog\/wp-content\/uploads\/2009\/01\/FO_COLOMBIA\/dilianfranciscatoro2.flv\" width=\"550\" height=\"\" description=\"3 Razones para Votar este 28 de Mayo - Dilian Francisca Toro\" clickurl=\"\" clicktarget=\"\" player=\"4\" autoplay=\"false\" loop=\"false\" autorewind=\"true\" splashimage=\"\" skin=\"\" \/] [icon color=\"Accent-Color\" size=\"regular\" image=\"steadysets-icon-chat\"] Contexto Spot del Partido de la U para apoyar la reelecci\u00f3n del Presidente Uribe el 28 de mayo e 2006. La\u2026","rel":"","context":"En \u00abCampa\u00f1a Presidencial\u00bb","block_context":{"text":"Campa\u00f1a Presidencial","link":"https:\/\/estrategica.com.co\/blog\/category\/temas\/campana-presidencial\/"},"img":{"alt_text":"","src":"https:\/\/i0.wp.com\/estrategica.com.co\/blog\/wp-content\/uploads\/2009\/04\/dilianfranciscatoro2_thumb.png?fit=216%2C231&ssl=1&resize=350%2C200","width":350,"height":200},"classes":[]},{"id":10396,"url":"https:\/\/estrategica.com.co\/blog\/porque-primero-esta-colombia-gina-parody\/","url_meta":{"origin":10420,"position":3},"title":"3 Razones para Votar es 28 de Mayo &#8211; Gina Parody","author":"Juliana","date":"abril 4, 2009","format":false,"excerpt":"[hana-flv-player video=\"\/blog\/wp-content\/uploads\/2009\/01\/FO_COLOMBIA\/ginaparody.flv\" width=\"550\" height=\"\" description=\"3 Razones para Votar es 28 de Mayo - Gina Parody\" clickurl=\"\" clicktarget=\"\" player=\"4\" autoplay=\"false\" loop=\"false\" autorewind=\"true\" splashimage=\"\" skin=\"\" \/] [icon color=\"Accent-Color\" size=\"regular\" image=\"steadysets-icon-chat\"] Contexto Spot del Partido de la U para apoyar la reelecci\u00f3n del Presidente Uribe el 28 de mayo e 2006. La U\u2026","rel":"","context":"En \u00abCampa\u00f1a Presidencial\u00bb","block_context":{"text":"Campa\u00f1a Presidencial","link":"https:\/\/estrategica.com.co\/blog\/category\/temas\/campana-presidencial\/"},"img":{"alt_text":"","src":"https:\/\/i0.wp.com\/estrategica.com.co\/blog\/wp-content\/uploads\/2009\/04\/ginaparody_thumb.png?fit=263%2C205&ssl=1&resize=350%2C200","width":350,"height":200},"classes":[]},{"id":10391,"url":"https:\/\/estrategica.com.co\/blog\/el-silencio-nos-estaba-matando-uribe\/","url_meta":{"origin":10420,"position":4},"title":"El Silencio nos estaba Matando &#8211; Uribe","author":"Juliana","date":"abril 4, 2009","format":false,"excerpt":"[hana-flv-player video=\"\/blog\/wp-content\/uploads\/2009\/01\/FO_COLOMBIA\/elsilencionosestabamatando.flv\" width=\"550\" height=\"\" description=\"El Silencio nos estaba Matando - Uribe\" clickurl=\"\" clicktarget=\"\" player=\"4\" autoplay=\"false\" loop=\"false\" autorewind=\"true\" splashimage=\"\" skin=\"\" \/] [icon color=\"Accent-Color\" size=\"regular\" image=\"steadysets-icon-chat\"] Contexto Spot del Partido de la U para apoyar la reelecci\u00f3n del Presidente Uribe el 28 de mayo e 2006. La U buscaba encarnar ante la\u2026","rel":"","context":"En \u00abCampa\u00f1a Presidencial\u00bb","block_context":{"text":"Campa\u00f1a Presidencial","link":"https:\/\/estrategica.com.co\/blog\/category\/temas\/campana-presidencial\/"},"img":{"alt_text":"","src":"https:\/\/i0.wp.com\/estrategica.com.co\/blog\/wp-content\/uploads\/2009\/04\/elsilencionosestabamatando_thumb.png?fit=276%2C216&ssl=1&resize=350%2C200","width":350,"height":200},"classes":[]},{"id":10343,"url":"https:\/\/estrategica.com.co\/blog\/3-razones-para-sumarse-a-la-u-alvaro-uribe\/","url_meta":{"origin":10420,"position":5},"title":"3 Razones para Sumarse a la U &#8211; Alvaro uribe","author":"Juliana","date":"abril 4, 2009","format":false,"excerpt":"[hana-flv-player video=\"\/blog\/wp-content\/uploads\/2009\/01\/FO_COLOMBIA\/3razonesAlvaroUribe.flv\" width=\"550\" height=\"\" description=\"3 Razones para Sumarse a la U - Alvaro uribe\" clickurl=\"\" clicktarget=\"\" player=\"4\" autoplay=\"false\" loop=\"false\" autorewind=\"true\" splashimage=\"\" skin=\"\" \/] [icon color=\"Accent-Color\" size=\"regular\" image=\"steadysets-icon-chat\"] Contexto Spot del Partido de la U para las elecciones parlamentarias de 2006. El Partido de U amarr\u00f3 su comunicaci\u00f3n, estrat\u00e9gicamente,\u00a0 a la\u2026","rel":"","context":"En \u00abCampa\u00f1a Cuerpo Colegiado\u00bb","block_context":{"text":"Campa\u00f1a Cuerpo Colegiado","link":"https:\/\/estrategica.com.co\/blog\/category\/temas\/campana-colegiada\/"},"img":{"alt_text":"","src":"https:\/\/i0.wp.com\/estrategica.com.co\/blog\/wp-content\/uploads\/2009\/04\/3razonesalvarouribe_thumb.png?fit=302%2C226&ssl=1&resize=350%2C200","width":350,"height":200},"classes":[]}],"jetpack_sharing_enabled":true,"_links":{"self":[{"href":"https:\/\/estrategica.com.co\/blog\/wp-json\/wp\/v2\/posts\/10420","targetHints":{"allow":["GET"]}}],"collection":[{"href":"https:\/\/estrategica.com.co\/blog\/wp-json\/wp\/v2\/posts"}],"about":[{"href":"https:\/\/estrategica.com.co\/blog\/wp-json\/wp\/v2\/types\/post"}],"author":[{"embeddable":true,"href":"https:\/\/estrategica.com.co\/blog\/wp-json\/wp\/v2\/users\/5"}],"replies":[{"embeddable":true,"href":"https:\/\/estrategica.com.co\/blog\/wp-json\/wp\/v2\/comments?post=10420"}],"version-history":[{"count":7,"href":"https:\/\/estrategica.com.co\/blog\/wp-json\/wp\/v2\/posts\/10420\/revisions"}],"predecessor-version":[{"id":47049,"href":"https:\/\/estrategica.com.co\/blog\/wp-json\/wp\/v2\/posts\/10420\/revisions\/47049"}],"wp:featuredmedia":[{"embeddable":true,"href":"https:\/\/estrategica.com.co\/blog\/wp-json\/wp\/v2\/media\/10421"}],"wp:attachment":[{"href":"https:\/\/estrategica.com.co\/blog\/wp-json\/wp\/v2\/media?parent=10420"}],"wp:term":[{"taxonomy":"category","embeddable":true,"href":"https:\/\/estrategica.com.co\/blog\/wp-json\/wp\/v2\/categories?post=10420"},{"taxonomy":"post_tag","embeddable":true,"href":"https:\/\/estrategica.com.co\/blog\/wp-json\/wp\/v2\/tags?post=10420"}],"curies":[{"name":"wp","href":"https:\/\/api.w.org\/{rel}","templated":true}]}}