{"id":10475,"date":"2009-04-04T15:38:27","date_gmt":"2009-04-04T15:38:27","guid":{"rendered":"http:\/\/estrategica.com.co\/blog\/?p=10475"},"modified":"2009-04-04T15:38:46","modified_gmt":"2009-04-04T15:38:46","slug":"en-colombia-la-u-soy-yo-camioneros","status":"publish","type":"post","link":"https:\/\/estrategica.com.co\/blog\/en-colombia-la-u-soy-yo-camioneros\/","title":{"rendered":"En Colombia la U soy Yo &#8211; Camioneros"},"content":{"rendered":"<p><img loading=\"lazy\" decoding=\"async\" data-attachment-id=\"10476\" data-permalink=\"https:\/\/estrategica.com.co\/blog\/en-colombia-la-u-soy-yo-camioneros\/orgullosamenteuribistacamioneros_thumb\/\" data-orig-file=\"https:\/\/i0.wp.com\/estrategica.com.co\/blog\/wp-content\/uploads\/2009\/04\/orgullosamenteuribistacamioneros_thumb.png?fit=293%2C175&amp;ssl=1\" data-orig-size=\"293,175\" data-comments-opened=\"1\" data-image-meta=\"{&quot;aperture&quot;:&quot;0&quot;,&quot;credit&quot;:&quot;&quot;,&quot;camera&quot;:&quot;&quot;,&quot;caption&quot;:&quot;&quot;,&quot;created_timestamp&quot;:&quot;0&quot;,&quot;copyright&quot;:&quot;&quot;,&quot;focal_length&quot;:&quot;0&quot;,&quot;iso&quot;:&quot;0&quot;,&quot;shutter_speed&quot;:&quot;0&quot;,&quot;title&quot;:&quot;&quot;}\" data-image-title=\"orgullosamenteuribistacamioneros_thumb\" data-image-description=\"\" data-image-caption=\"\" data-medium-file=\"https:\/\/i0.wp.com\/estrategica.com.co\/blog\/wp-content\/uploads\/2009\/04\/orgullosamenteuribistacamioneros_thumb.png?fit=293%2C175&amp;ssl=1\" data-large-file=\"https:\/\/i0.wp.com\/estrategica.com.co\/blog\/wp-content\/uploads\/2009\/04\/orgullosamenteuribistacamioneros_thumb.png?fit=293%2C175&amp;ssl=1\" class=\"alignnone size-full wp-image-10476\" title=\"orgullosamenteuribistacamioneros_thumb\" src=\"https:\/\/i0.wp.com\/estrategica.com.co\/blog\/wp-content\/uploads\/2009\/04\/orgullosamenteuribistacamioneros_thumb.png?resize=293%2C175\" alt=\"orgullosamenteuribistacamioneros_thumb\" width=\"293\" height=\"175\" data-recalc-dims=\"1\" \/><\/p>\n<p><object width=\"425\" height=\"344\" data=\"http:\/\/estrategica.com.co\/blog\/videop.swf\" type=\"application\/x-shockwave-flash\"><param name=\"FlashVars\" value=\"flvSource=\/blog\/wp-content\/uploads\/2009\/01\/OrgullosamenteUribistacamioneros.flv\" \/><param name=\"allowScriptAccess\" value=\"sameDomain\" \/><param name=\"flashvars\" value=\"flvSource=\/blog\/wp-content\/uploads\/2009\/01\/FO_COLOMBIA\/OrgullosamenteUribistacamioneros.flv\" \/><param name=\"src\" value=\"http:\/\/estrategica.com.co\/blog\/videop.swf\" \/><param name=\"allowfullscreen\" value=\"true\" \/><\/object><\/p>\n<p class=\"MsoNormal\" style=\"margin: 0cm 0cm 0pt; text-align: justify;\"><span style=\"font-size: small; font-family: Times New Roman;\">Spot del Partido de la U para las elecciones municipales y departamentales de 2007. El Partido de U amarr\u00f3 su comunicaci\u00f3n, estrat\u00e9gicamente,\u00a0 a la figura del Presidente \u00c1lvaro Uribe, aprovechando los altos \u00edndices de popularidad del mandatario. La U buscaba la conexi\u00f3n subliminal con Uribe. Los instrumentos de persuasi\u00f3n estaban dirigidos a comunicar esa conexi\u00f3n quit\u00e1ndole a las dem\u00e1s coaliciones pol\u00edticas que apoyaban al gobierno la legitimidad del uribismo. Los estrategas de U, luego de estudiar la legislaci\u00f3n electoral, vieron que a los candidatos les estaba prohibido promocionar su aspiraci\u00f3n por televisi\u00f3n, lo \u00fanico permitido era la publicidad institucional del partido, entonces, con buen sentido t\u00e1ctico se desarrollaron las siguientes acciones t\u00e1cticas: hacer piezas con gente com\u00fan y corriente que se hubiera visto beneficiada con las pol\u00edticas del Presidente Uribe y los pusieron a decir que la U eran ellos, en segundo lugar se hicieron algunos spot tem\u00e1ticos sobre maltrato dirigidos a posicionar a la candidata Marta Ord\u00f3\u00f1ez que lideraba la lista al Concejo de Bogot\u00e1 o Andr\u00e9s Gonz\u00e1lez que era el candidato a la Gobernaci\u00f3n de Cundinamarca y en tercer lugar se repiti\u00f3 la estrategia de poner candidatos como voceros del partido para que dijeran tres razones para sumarse a la U. Como siempre se tenia cuidado en no decir que eran candidatos. Una estrategia bien dise\u00f1ada y bien lograda. Las piezas fueron desarrolladas por Francisco Ortiz. <\/span><\/p>\n","protected":false},"excerpt":{"rendered":"<p>Spot del Partido de la U para las elecciones municipales y departamentales de 2007. El Partido de U amarr\u00f3 su comunicaci\u00f3n, estrat\u00e9gicamente,\u00a0 a la figura del Presidente \u00c1lvaro Uribe, aprovechando los altos \u00edndices de popularidad del mandatario. La U buscaba la conexi\u00f3n subliminal con Uribe. Los instrumentos de persuasi\u00f3n estaban dirigidos a comunicar esa conexi\u00f3n [&hellip;]<\/p>\n","protected":false},"author":5,"featured_media":0,"comment_status":"open","ping_status":"open","sticky":false,"template":"","format":"standard","meta":{"_et_pb_use_builder":"","_et_pb_old_content":"","_et_gb_content_width":"","advanced_seo_description":"","jetpack_seo_html_title":"","jetpack_seo_noindex":false,"footnotes":""},"categories":[58,62,34,10,11,3],"tags":[52,402,412],"class_list":["post-10475","post","type-post","status-publish","format-standard","hentry","category-campana-colegiada","category-colombia","category-electoral","category-geo","category-temas","category-video","tag-elecciones-2007","tag-francisco-ortiz","tag-partido-de-la-u"],"jetpack_featured_media_url":"","jetpack_shortlink":"https:\/\/wp.me\/p4wgsh-2IX","jetpack-related-posts":[{"id":10471,"url":"https:\/\/estrategica.com.co\/blog\/en-colombia-la-u-soy-yo-cafetero\/","url_meta":{"origin":10475,"position":0},"title":"En Colombia la U soy Yo &#8211; Cafetero","author":"Juliana","date":"abril 4, 2009","format":false,"excerpt":"[hana-flv-player video=\"\/blog\/wp-content\/uploads\/2009\/01\/FO_COLOMBIA\/OrgullosamenteUribistacafe.flv\" width=\"550\" height=\"\" description=\"En Colombia la U soy Yo - Cafetero\" clickurl=\"\" clicktarget=\"\" player=\"4\" autoplay=\"false\" loop=\"false\" autorewind=\"true\" splashimage=\"\" skin=\"\" \/] [icon color=\"Accent-Color\" size=\"regular\" image=\"steadysets-icon-chat\"] Contexto Spot del Partido de la U para las elecciones municipales y departamentales de 2007. El Partido de U amarr\u00f3 su comunicaci\u00f3n, estrat\u00e9gicamente,\u00a0 a la\u2026","rel":"","context":"En \u00abCampa\u00f1a Cuerpo Colegiado\u00bb","block_context":{"text":"Campa\u00f1a Cuerpo Colegiado","link":"https:\/\/estrategica.com.co\/blog\/category\/temas\/campana-colegiada\/"},"img":{"alt_text":"","src":"","width":0,"height":0},"classes":[]},{"id":10479,"url":"https:\/\/estrategica.com.co\/blog\/en-colombia-la-u-soy-yo-campesino\/","url_meta":{"origin":10475,"position":1},"title":"En Colombia la U soy Yo &#8211; Campesino","author":"Juliana","date":"abril 4, 2009","format":false,"excerpt":"[hana-flv-player video=\"\/blog\/wp-content\/uploads\/2009\/01\/FO_COLOMBIA\/OrgullosamenteUribistacampesino.flv\" width=\"550\" height=\"\" description=\"En Colombia la U soy Yo - Campesino\" clickurl=\"\" clicktarget=\"\" player=\"4\" autoplay=\"false\" loop=\"false\" autorewind=\"true\" splashimage=\"\" skin=\"\" \/] [icon color=\"Accent-Color\" size=\"regular\" image=\"steadysets-icon-chat\"] Contexto Spot del Partido de la U para las elecciones municipales y departamentales de 2007. El Partido de U amarr\u00f3 su comunicaci\u00f3n, estrat\u00e9gicamente,\u00a0 a la\u2026","rel":"","context":"En \u00abCampa\u00f1a Cuerpo Colegiado\u00bb","block_context":{"text":"Campa\u00f1a Cuerpo Colegiado","link":"https:\/\/estrategica.com.co\/blog\/category\/temas\/campana-colegiada\/"},"img":{"alt_text":"","src":"","width":0,"height":0},"classes":[]},{"id":10483,"url":"https:\/\/estrategica.com.co\/blog\/en-colombia-la-u-soy-yo-canero\/","url_meta":{"origin":10475,"position":2},"title":"En Colombia la U soy Yo &#8211; Ca\u00f1ero","author":"Juliana","date":"abril 4, 2009","format":false,"excerpt":"[hana-flv-player video=\"\/blog\/wp-content\/uploads\/2009\/01\/FO_COLOMBIA\/OrgullosamenteUribistaingenio.flv\" width=\"550\" height=\"\" description=\"En Colombia la U soy Yo - Ca\u00f1ero\" clickurl=\"\" clicktarget=\"\" player=\"4\" autoplay=\"false\" loop=\"false\" autorewind=\"true\" splashimage=\"\" skin=\"\" \/] [icon color=\"Accent-Color\" size=\"regular\" image=\"steadysets-icon-chat\"] Contexto Spot del Partido de la U para las elecciones municipales y departamentales de 2007. El Partido de U amarr\u00f3 su comunicaci\u00f3n, estrat\u00e9gicamente,\u00a0 a la\u2026","rel":"","context":"En \u00abCampa\u00f1a Cuerpo Colegiado\u00bb","block_context":{"text":"Campa\u00f1a Cuerpo Colegiado","link":"https:\/\/estrategica.com.co\/blog\/category\/temas\/campana-colegiada\/"},"img":{"alt_text":"","src":"","width":0,"height":0},"classes":[]},{"id":10464,"url":"https:\/\/estrategica.com.co\/blog\/en-colombia-la-u-soy-yo-orgullosamente-caribe-estudiante\/","url_meta":{"origin":10475,"position":3},"title":"En Colombia la U soy Yo &#8211; Orgullosamente Caribe &#8211; Estudiante","author":"Juliana","date":"abril 4, 2009","format":false,"excerpt":"[hana-flv-player video=\"\/blog\/wp-content\/uploads\/2009\/01\/FO_COLOMBIA\/orgullosamentecaribeESTUDIANTE.flv\" width=\"550\" height=\"\" description=\"En Colombia la U soy Yo - Orgullosamente Caribe - Estudiante\" clickurl=\"\" clicktarget=\"\" player=\"4\" autoplay=\"false\" loop=\"false\" autorewind=\"true\" splashimage=\"\" skin=\"\" \/] [icon color=\"Accent-Color\" size=\"regular\" image=\"steadysets-icon-chat\"] Contexto Spot del Partido de la U para las elecciones municipales y departamentales de 2007. El Partido de U amarr\u00f3 su comunicaci\u00f3n,\u2026","rel":"","context":"En \u00abCampa\u00f1a Cuerpo Colegiado\u00bb","block_context":{"text":"Campa\u00f1a Cuerpo Colegiado","link":"https:\/\/estrategica.com.co\/blog\/category\/temas\/campana-colegiada\/"},"img":{"alt_text":"","src":"","width":0,"height":0},"classes":[]},{"id":10467,"url":"https:\/\/estrategica.com.co\/blog\/en-colombia-la-u-soy-yo-orgullosamente-caribe-vendedora-de-frutas\/","url_meta":{"origin":10475,"position":4},"title":"En Colombia la U soy Yo &#8211; Orgullosamente Caribe &#8211; Vendedora de Frutas","author":"Juliana","date":"abril 4, 2009","format":false,"excerpt":"[hana-flv-player video=\"\/blog\/wp-content\/uploads\/2009\/01\/FO_COLOMBIA\/orgullosamentecaribevendedorafrutas.flv\" width=\"550\" height=\"\" description=\"En Colombia la U soy Yo - Orgullosamente Caribe - Vendedora de Frutas\" clickurl=\"\" clicktarget=\"\" player=\"4\" autoplay=\"false\" loop=\"false\" autorewind=\"true\" splashimage=\"\" skin=\"\" \/] [icon color=\"Accent-Color\" size=\"regular\" image=\"steadysets-icon-chat\"] Contexto Spot del Partido de la U para las elecciones municipales y departamentales de 2007. El Partido de U amarr\u00f3\u2026","rel":"","context":"En \u00abCampa\u00f1a Cuerpo Colegiado\u00bb","block_context":{"text":"Campa\u00f1a Cuerpo Colegiado","link":"https:\/\/estrategica.com.co\/blog\/category\/temas\/campana-colegiada\/"},"img":{"alt_text":"","src":"","width":0,"height":0},"classes":[]},{"id":10487,"url":"https:\/\/estrategica.com.co\/blog\/orgullosamente-uribista-modelos\/","url_meta":{"origin":10475,"position":5},"title":"En Colombia la U soy Yo &#8211; Modelos","author":"Juliana","date":"abril 4, 2009","format":false,"excerpt":"[hana-flv-player video=\"\/blog\/wp-content\/uploads\/2009\/01\/FO_COLOMBIA\/OrgullosamenteUribistamodelos.flv\" width=\"550\" height=\"\" description=\"En Colombia la U soy Yo - Modelos\" clickurl=\"\" clicktarget=\"\" player=\"4\" autoplay=\"false\" loop=\"false\" autorewind=\"true\" splashimage=\"\" skin=\"\" \/] [icon color=\"Accent-Color\" size=\"regular\" image=\"steadysets-icon-chat\"] Contexto Spot del Partido de la U para las elecciones municipales y departamentales de 2007. El Partido de U amarr\u00f3 su comunicaci\u00f3n, estrat\u00e9gicamente,\u00a0 a la\u2026","rel":"","context":"En \u00abCampa\u00f1a Cuerpo Colegiado\u00bb","block_context":{"text":"Campa\u00f1a Cuerpo Colegiado","link":"https:\/\/estrategica.com.co\/blog\/category\/temas\/campana-colegiada\/"},"img":{"alt_text":"","src":"","width":0,"height":0},"classes":[]}],"jetpack_sharing_enabled":true,"_links":{"self":[{"href":"https:\/\/estrategica.com.co\/blog\/wp-json\/wp\/v2\/posts\/10475","targetHints":{"allow":["GET"]}}],"collection":[{"href":"https:\/\/estrategica.com.co\/blog\/wp-json\/wp\/v2\/posts"}],"about":[{"href":"https:\/\/estrategica.com.co\/blog\/wp-json\/wp\/v2\/types\/post"}],"author":[{"embeddable":true,"href":"https:\/\/estrategica.com.co\/blog\/wp-json\/wp\/v2\/users\/5"}],"replies":[{"embeddable":true,"href":"https:\/\/estrategica.com.co\/blog\/wp-json\/wp\/v2\/comments?post=10475"}],"version-history":[{"count":4,"href":"https:\/\/estrategica.com.co\/blog\/wp-json\/wp\/v2\/posts\/10475\/revisions"}],"predecessor-version":[{"id":10644,"href":"https:\/\/estrategica.com.co\/blog\/wp-json\/wp\/v2\/posts\/10475\/revisions\/10644"}],"wp:attachment":[{"href":"https:\/\/estrategica.com.co\/blog\/wp-json\/wp\/v2\/media?parent=10475"}],"wp:term":[{"taxonomy":"category","embeddable":true,"href":"https:\/\/estrategica.com.co\/blog\/wp-json\/wp\/v2\/categories?post=10475"},{"taxonomy":"post_tag","embeddable":true,"href":"https:\/\/estrategica.com.co\/blog\/wp-json\/wp\/v2\/tags?post=10475"}],"curies":[{"name":"wp","href":"https:\/\/api.w.org\/{rel}","templated":true}]}}