{"id":10487,"date":"2009-04-04T15:32:26","date_gmt":"2009-04-04T15:32:26","guid":{"rendered":"http:\/\/estrategica.com.co\/blog\/?p=10487"},"modified":"2015-03-03T16:43:44","modified_gmt":"2015-03-03T21:43:44","slug":"orgullosamente-uribista-modelos","status":"publish","type":"post","link":"https:\/\/estrategica.com.co\/blog\/orgullosamente-uribista-modelos\/","title":{"rendered":"En Colombia la U soy Yo &#8211; Modelos"},"content":{"rendered":"<p> <script type='text\/javascript' src='https:\/\/estrategica.com.co\/blog\/wp-content\/plugins\/hana-flv-player\/flowplayer3\/example\/flowplayer-3.2.6.min.js'><\/script>\n<div >\n<div id='hana_flv_flow3_1' style='display:block;width:550px;height:413px;background-color:#555555;color:#ffffff;padding:0' title=\"*Video:en colombia la u soy yo - modelos\"><\/div>\n<\/div>\n\n<script  type='text\/javascript'>\nif (typeof g_hanaFlash !== 'undefined' && !g_hanaFlash){\n    jQuery('#hana_flv_flow3_1').css( 'padding', '5px' );\n\tjQuery('#hana_flv_flow3_1').html(\"<span class='inactive_message' style='display:block'>Sorry, your browser does not support Flash Video Player<\/span> *Video:en colombia la u soy yo - modelos\");\n}else{\t\t\t\n\t\tflowplayer('hana_flv_flow3_1', { src: 'https:\/\/estrategica.com.co\/blog\/wp-content\/plugins\/hana-flv-player\/flowplayer3\/flowplayer-3.2.7.swf', wmode: 'transparent' }, { \n\n\t\t\tcanvas: { backgroundColor: '#000000', backgroundGradient: 'none',},\n    \t\tclip:  { \n    \t\t\turl: '\/blog\/wp-content\/uploads\/2009\/01\/FO_COLOMBIA\/OrgullosamenteUribistamodelos.flv',\n        \t\tscaling: 'fit', autoPlay: false, autoBuffering: true \n\t\t\t\t   , onFinish : function () { this.seek(0); }  \n\n\t        }\n\n\t\t});\n}\n<\/script><br \/>\n<\/br><\/p>\n<p>[icon color=\u00bbAccent-Color\u00bb size=\u00bbregular\u00bb image=\u00bbsteadysets-icon-chat\u00bb] <strong>Contexto<\/strong><\/br><\/br><\/p>\n<p style=\"text-align: justify;\">Spot del Partido de la U para las elecciones municipales y departamentales de 2007. El Partido de U amarr\u00f3 su comunicaci\u00f3n, estrat\u00e9gicamente,\u00a0 a la figura del Presidente \u00c1lvaro Uribe, aprovechando los altos \u00edndices de popularidad del mandatario. La U buscaba la conexi\u00f3n subliminal con Uribe. Los instrumentos de persuasi\u00f3n estaban dirigidos a comunicar esa conexi\u00f3n quit\u00e1ndole a las dem\u00e1s coaliciones pol\u00edticas que apoyaban al gobierno la legitimidad del uribismo. Los estrategas de U, luego de estudiar la legislaci\u00f3n electoral, vieron que a los candidatos les estaba prohibido promocionar su aspiraci\u00f3n por televisi\u00f3n, lo \u00fanico permitido era la publicidad institucional del partido, entonces, con buen sentido t\u00e1ctico se desarrollaron las siguientes acciones t\u00e1cticas: hacer piezas con gente com\u00fan y corriente que se hubiera visto beneficiada con las pol\u00edticas del Presidente Uribe y los pusieron a decir que la U eran ellos, en segundo lugar se hicieron algunos spot tem\u00e1ticos sobre maltrato dirigidos a posicionar a la candidata Marta Ord\u00f3\u00f1ez que lideraba la lista al Concejo de Bogot\u00e1 o Andr\u00e9s Gonz\u00e1lez que era el candidato a la Gobernaci\u00f3n de Cundinamarca y en tercer lugar se repiti\u00f3 la estrategia de poner candidatos como voceros del partido para que dijeran tres razones para sumarse a la U. Como siempre se tenia cuidado en no decir que eran candidatos. Una estrategia bien dise\u00f1ada y bien lograda. Las piezas fueron desarrolladas por Francisco Ortiz.<\/p><\/p>\n","protected":false},"excerpt":{"rendered":"<p>*Video: en colombia la u soy yo &#8211; modelos [icon color=\u00bbAccent-Color\u00bb size=\u00bbregular\u00bb image=\u00bbsteadysets-icon-chat\u00bb] Contexto Spot del Partido de la U para las elecciones municipales y departamentales de 2007. El Partido de U amarr\u00f3 su comunicaci\u00f3n, estrat\u00e9gicamente,\u00a0 a la figura del Presidente \u00c1lvaro Uribe, aprovechando los altos \u00edndices de popularidad del mandatario. La U buscaba la [&hellip;]<\/p>\n","protected":false},"author":5,"featured_media":10488,"comment_status":"open","ping_status":"open","sticky":false,"template":"","format":"standard","meta":{"_et_pb_use_builder":"","_et_pb_old_content":"","_et_gb_content_width":"","advanced_seo_description":"","jetpack_seo_html_title":"","jetpack_seo_noindex":false,"footnotes":""},"categories":[58,62,34,10,11,3],"tags":[52,402,412],"class_list":["post-10487","post","type-post","status-publish","format-standard","has-post-thumbnail","hentry","category-campana-colegiada","category-colombia","category-electoral","category-geo","category-temas","category-video","tag-elecciones-2007","tag-francisco-ortiz","tag-partido-de-la-u"],"jetpack_featured_media_url":"https:\/\/i0.wp.com\/estrategica.com.co\/blog\/wp-content\/uploads\/2009\/04\/orgullosamenteuribistamodelos_thumb.png?fit=248%2C197&ssl=1","jetpack_shortlink":"https:\/\/wp.me\/p4wgsh-2J9","jetpack-related-posts":[{"id":10471,"url":"https:\/\/estrategica.com.co\/blog\/en-colombia-la-u-soy-yo-cafetero\/","url_meta":{"origin":10487,"position":0},"title":"En Colombia la U soy Yo &#8211; Cafetero","author":"Juliana","date":"abril 4, 2009","format":false,"excerpt":"[hana-flv-player video=\"\/blog\/wp-content\/uploads\/2009\/01\/FO_COLOMBIA\/OrgullosamenteUribistacafe.flv\" width=\"550\" height=\"\" description=\"En Colombia la U soy Yo - Cafetero\" clickurl=\"\" clicktarget=\"\" player=\"4\" autoplay=\"false\" loop=\"false\" autorewind=\"true\" splashimage=\"\" skin=\"\" \/] [icon color=\"Accent-Color\" size=\"regular\" image=\"steadysets-icon-chat\"] Contexto Spot del Partido de la U para las elecciones municipales y departamentales de 2007. El Partido de U amarr\u00f3 su comunicaci\u00f3n, estrat\u00e9gicamente,\u00a0 a la\u2026","rel":"","context":"En \u00abCampa\u00f1a Cuerpo Colegiado\u00bb","block_context":{"text":"Campa\u00f1a Cuerpo Colegiado","link":"https:\/\/estrategica.com.co\/blog\/category\/temas\/campana-colegiada\/"},"img":{"alt_text":"","src":"","width":0,"height":0},"classes":[]},{"id":10479,"url":"https:\/\/estrategica.com.co\/blog\/en-colombia-la-u-soy-yo-campesino\/","url_meta":{"origin":10487,"position":1},"title":"En Colombia la U soy Yo &#8211; Campesino","author":"Juliana","date":"abril 4, 2009","format":false,"excerpt":"[hana-flv-player video=\"\/blog\/wp-content\/uploads\/2009\/01\/FO_COLOMBIA\/OrgullosamenteUribistacampesino.flv\" width=\"550\" height=\"\" description=\"En Colombia la U soy Yo - Campesino\" clickurl=\"\" clicktarget=\"\" player=\"4\" autoplay=\"false\" loop=\"false\" autorewind=\"true\" splashimage=\"\" skin=\"\" \/] [icon color=\"Accent-Color\" size=\"regular\" image=\"steadysets-icon-chat\"] Contexto Spot del Partido de la U para las elecciones municipales y departamentales de 2007. El Partido de U amarr\u00f3 su comunicaci\u00f3n, estrat\u00e9gicamente,\u00a0 a la\u2026","rel":"","context":"En \u00abCampa\u00f1a Cuerpo Colegiado\u00bb","block_context":{"text":"Campa\u00f1a Cuerpo Colegiado","link":"https:\/\/estrategica.com.co\/blog\/category\/temas\/campana-colegiada\/"},"img":{"alt_text":"","src":"","width":0,"height":0},"classes":[]},{"id":10483,"url":"https:\/\/estrategica.com.co\/blog\/en-colombia-la-u-soy-yo-canero\/","url_meta":{"origin":10487,"position":2},"title":"En Colombia la U soy Yo &#8211; Ca\u00f1ero","author":"Juliana","date":"abril 4, 2009","format":false,"excerpt":"[hana-flv-player video=\"\/blog\/wp-content\/uploads\/2009\/01\/FO_COLOMBIA\/OrgullosamenteUribistaingenio.flv\" width=\"550\" height=\"\" description=\"En Colombia la U soy Yo - Ca\u00f1ero\" clickurl=\"\" clicktarget=\"\" player=\"4\" autoplay=\"false\" loop=\"false\" autorewind=\"true\" splashimage=\"\" skin=\"\" \/] [icon color=\"Accent-Color\" size=\"regular\" image=\"steadysets-icon-chat\"] Contexto Spot del Partido de la U para las elecciones municipales y departamentales de 2007. El Partido de U amarr\u00f3 su comunicaci\u00f3n, estrat\u00e9gicamente,\u00a0 a la\u2026","rel":"","context":"En \u00abCampa\u00f1a Cuerpo Colegiado\u00bb","block_context":{"text":"Campa\u00f1a Cuerpo Colegiado","link":"https:\/\/estrategica.com.co\/blog\/category\/temas\/campana-colegiada\/"},"img":{"alt_text":"","src":"","width":0,"height":0},"classes":[]},{"id":10464,"url":"https:\/\/estrategica.com.co\/blog\/en-colombia-la-u-soy-yo-orgullosamente-caribe-estudiante\/","url_meta":{"origin":10487,"position":3},"title":"En Colombia la U soy Yo &#8211; Orgullosamente Caribe &#8211; Estudiante","author":"Juliana","date":"abril 4, 2009","format":false,"excerpt":"[hana-flv-player video=\"\/blog\/wp-content\/uploads\/2009\/01\/FO_COLOMBIA\/orgullosamentecaribeESTUDIANTE.flv\" width=\"550\" height=\"\" description=\"En Colombia la U soy Yo - Orgullosamente Caribe - Estudiante\" clickurl=\"\" clicktarget=\"\" player=\"4\" autoplay=\"false\" loop=\"false\" autorewind=\"true\" splashimage=\"\" skin=\"\" \/] [icon color=\"Accent-Color\" size=\"regular\" image=\"steadysets-icon-chat\"] Contexto Spot del Partido de la U para las elecciones municipales y departamentales de 2007. El Partido de U amarr\u00f3 su comunicaci\u00f3n,\u2026","rel":"","context":"En \u00abCampa\u00f1a Cuerpo Colegiado\u00bb","block_context":{"text":"Campa\u00f1a Cuerpo Colegiado","link":"https:\/\/estrategica.com.co\/blog\/category\/temas\/campana-colegiada\/"},"img":{"alt_text":"","src":"","width":0,"height":0},"classes":[]},{"id":10467,"url":"https:\/\/estrategica.com.co\/blog\/en-colombia-la-u-soy-yo-orgullosamente-caribe-vendedora-de-frutas\/","url_meta":{"origin":10487,"position":4},"title":"En Colombia la U soy Yo &#8211; Orgullosamente Caribe &#8211; Vendedora de Frutas","author":"Juliana","date":"abril 4, 2009","format":false,"excerpt":"[hana-flv-player video=\"\/blog\/wp-content\/uploads\/2009\/01\/FO_COLOMBIA\/orgullosamentecaribevendedorafrutas.flv\" width=\"550\" height=\"\" description=\"En Colombia la U soy Yo - Orgullosamente Caribe - Vendedora de Frutas\" clickurl=\"\" clicktarget=\"\" player=\"4\" autoplay=\"false\" loop=\"false\" autorewind=\"true\" splashimage=\"\" skin=\"\" \/] [icon color=\"Accent-Color\" size=\"regular\" image=\"steadysets-icon-chat\"] Contexto Spot del Partido de la U para las elecciones municipales y departamentales de 2007. El Partido de U amarr\u00f3\u2026","rel":"","context":"En \u00abCampa\u00f1a Cuerpo Colegiado\u00bb","block_context":{"text":"Campa\u00f1a Cuerpo Colegiado","link":"https:\/\/estrategica.com.co\/blog\/category\/temas\/campana-colegiada\/"},"img":{"alt_text":"","src":"","width":0,"height":0},"classes":[]},{"id":10518,"url":"https:\/\/estrategica.com.co\/blog\/uribe-y-santos-partido-de-la-u\/","url_meta":{"origin":10487,"position":5},"title":"Uribe y Santos &#8211; Partido de la U","author":"Juliana","date":"abril 3, 2009","format":false,"excerpt":"[hana-flv-player video=\"\/blog\/wp-content\/uploads\/2009\/01\/FO_COLOMBIA\/UribeySantos.flv\" width=\"550\" height=\"\" description=\"Uribe y Santos - Partido de la U\" clickurl=\"\" clicktarget=\"\" player=\"4\" autoplay=\"false\" loop=\"false\" autorewind=\"true\" splashimage=\"\" skin=\"\" \/] [icon color=\"Accent-Color\" size=\"regular\" image=\"steadysets-icon-chat\"] Contexto Spot del Partido de la U para las elecciones parlamentarias de 2006. El Partido de U amarr\u00f3 su comunicaci\u00f3n, estrat\u00e9gicamente,\u00a0 a la figura del\u2026","rel":"","context":"En \u00abCampa\u00f1a Cuerpo Colegiado\u00bb","block_context":{"text":"Campa\u00f1a Cuerpo Colegiado","link":"https:\/\/estrategica.com.co\/blog\/category\/temas\/campana-colegiada\/"},"img":{"alt_text":"","src":"https:\/\/i0.wp.com\/estrategica.com.co\/blog\/wp-content\/uploads\/2009\/04\/uribeysantos_thumb.png?fit=312%2C226&ssl=1&resize=350%2C200","width":350,"height":200},"classes":[]}],"jetpack_sharing_enabled":true,"_links":{"self":[{"href":"https:\/\/estrategica.com.co\/blog\/wp-json\/wp\/v2\/posts\/10487","targetHints":{"allow":["GET"]}}],"collection":[{"href":"https:\/\/estrategica.com.co\/blog\/wp-json\/wp\/v2\/posts"}],"about":[{"href":"https:\/\/estrategica.com.co\/blog\/wp-json\/wp\/v2\/types\/post"}],"author":[{"embeddable":true,"href":"https:\/\/estrategica.com.co\/blog\/wp-json\/wp\/v2\/users\/5"}],"replies":[{"embeddable":true,"href":"https:\/\/estrategica.com.co\/blog\/wp-json\/wp\/v2\/comments?post=10487"}],"version-history":[{"count":7,"href":"https:\/\/estrategica.com.co\/blog\/wp-json\/wp\/v2\/posts\/10487\/revisions"}],"predecessor-version":[{"id":47011,"href":"https:\/\/estrategica.com.co\/blog\/wp-json\/wp\/v2\/posts\/10487\/revisions\/47011"}],"wp:featuredmedia":[{"embeddable":true,"href":"https:\/\/estrategica.com.co\/blog\/wp-json\/wp\/v2\/media\/10488"}],"wp:attachment":[{"href":"https:\/\/estrategica.com.co\/blog\/wp-json\/wp\/v2\/media?parent=10487"}],"wp:term":[{"taxonomy":"category","embeddable":true,"href":"https:\/\/estrategica.com.co\/blog\/wp-json\/wp\/v2\/categories?post=10487"},{"taxonomy":"post_tag","embeddable":true,"href":"https:\/\/estrategica.com.co\/blog\/wp-json\/wp\/v2\/tags?post=10487"}],"curies":[{"name":"wp","href":"https:\/\/api.w.org\/{rel}","templated":true}]}}