{"id":11057,"date":"2011-01-25T12:28:01","date_gmt":"2011-01-25T17:28:01","guid":{"rendered":"http:\/\/estrategica.com.co\/blog\/?p=11057"},"modified":"2015-03-26T09:14:56","modified_gmt":"2015-03-26T14:14:56","slug":"boliviaevomorales02","status":"publish","type":"post","link":"https:\/\/estrategica.com.co\/blog\/boliviaevomorales02\/","title":{"rendered":"Cierre de Campa\u00f1a &#8211; Morales"},"content":{"rendered":"<p> <script type='text\/javascript' src='https:\/\/estrategica.com.co\/blog\/wp-content\/plugins\/hana-flv-player\/flowplayer3\/example\/flowplayer-3.2.6.min.js'><\/script>\n<div >\n<div id='hana_flv_flow3_1' style='display:block;width:550px;height:413px;background-color:#555555;color:#ffffff;padding:0' title=\"*Video:cierre de campa\u00f1a - morales\"><\/div>\n<\/div>\n\n<script  type='text\/javascript'>\nif (typeof g_hanaFlash !== 'undefined' && !g_hanaFlash){\n    jQuery('#hana_flv_flow3_1').css( 'padding', '5px' );\n\tjQuery('#hana_flv_flow3_1').html(\"<span class='inactive_message' style='display:block'>Sorry, your browser does not support Flash Video Player<\/span> *Video:cierre de campa\u00f1a - morales\");\n}else{\t\t\t\n\t\tflowplayer('hana_flv_flow3_1', { src: 'https:\/\/estrategica.com.co\/blog\/wp-content\/plugins\/hana-flv-player\/flowplayer3\/flowplayer-3.2.7.swf', wmode: 'transparent' }, { \n\n\t\t\tcanvas: { backgroundColor: '#000000', backgroundGradient: 'none',},\n    \t\tclip:  { \n    \t\t\turl: '\/blog\/wp-content\/uploads\/2009\/01\/carpeta_muchos_varios\/BoliviaEvoMorales02.flv',\n        \t\tscaling: 'fit', autoPlay: false, autoBuffering: true \n\t\t\t\t   , onFinish : function () { this.seek(0); }  \n\n\t        }\n\n\t\t});\n}\n<\/script><br \/>\n<\/br><\/p>\n<p>[icon color=\u00bbAccent-Color\u00bb size=\u00bbregular\u00bb image=\u00bbsteadysets-icon-chat\u00bb] <strong>Contexto<\/strong><\/br><\/br><\/p>\n<p style=\"text-align: justify;\">Spot de la campa\u00f1a de Evo Morales a la Presidencia de Bolivia, durante la contienda electoral de 2002, a nombre del Movimiento al Socialismo, MAS.\u00a0 Su discurso de campa\u00f1a fue nacionalista e indigenista. Las elecciones fueron ganadas por Gonzalo S\u00e1nchez de Lozada por s\u00f3lo 1,6% de diferencia con Morales. La pieza no tiene mayor atractivo y la persuasi\u00f3n radica en la vocer\u00eda del candidato mismo.<\/p><\/p>\n","protected":false},"excerpt":{"rendered":"<p>*Video: cierre de campa\u00f1a &#8211; morales [icon color=\u00bbAccent-Color\u00bb size=\u00bbregular\u00bb image=\u00bbsteadysets-icon-chat\u00bb] Contexto Spot de la campa\u00f1a de Evo Morales a la Presidencia de Bolivia, durante la contienda electoral de 2002, a nombre del Movimiento al Socialismo, MAS.\u00a0 Su discurso de campa\u00f1a fue nacionalista e indigenista. Las elecciones fueron ganadas por Gonzalo S\u00e1nchez de Lozada por s\u00f3lo [&hellip;]<\/p>\n","protected":false},"author":5,"featured_media":11058,"comment_status":"open","ping_status":"open","sticky":false,"template":"","format":"standard","meta":{"_et_pb_use_builder":"","_et_pb_old_content":"","_et_gb_content_width":"","advanced_seo_description":"","jetpack_seo_html_title":"","jetpack_seo_noindex":false,"footnotes":""},"categories":[870,263,793,57,34,10,11,3],"tags":[104,871,872],"class_list":["post-11057","post","type-post","status-publish","format-standard","has-post-thumbnail","hentry","category-870","category-ano","category-bolivia","category-campana-presidencial","category-electoral","category-geo","category-temas","category-video","tag-elecciones-2002","tag-evo-morales","tag-movimiento-al-socialismo"],"jetpack_featured_media_url":"https:\/\/i0.wp.com\/estrategica.com.co\/blog\/wp-content\/uploads\/2009\/04\/boliviaevomorales02_thumb.png?fit=334%2C240&ssl=1","jetpack_shortlink":"https:\/\/wp.me\/p4wgsh-2Sl","jetpack-related-posts":[{"id":35244,"url":"https:\/\/estrategica.com.co\/blog\/hulshofmoralclarity\/","url_meta":{"origin":11057,"position":0},"title":"Claridad Moral &#8211; Hulshof","author":"Juliana","date":"agosto 4, 2012","format":false,"excerpt":"[hana-flv-player video=\"\/blog\/wp-content\/uploads\/2009\/01\/20111213\/HulshofMoralClarity.flv\" width=\"550\" height=\"\" description=\"Claridad Moral - Hulshof\" clickurl=\"\" clicktarget=\"\" player=\"4\" autoplay=\"false\" loop=\"false\" autorewind=\"false\" splashimage=\"\" skin=\"\" \/] [icon color=\"Accent-Color\" size=\"regular\" image=\"steadysets-icon-chat\"] Contexto Spot de la Campa\u00f1a de Kenneth C. \"Kenny\" Hulshof a la Gobernaci\u00f3n de Missouri durante la contienda electoral de 2008, a nombre del Partido Republicano. Hulshof enfrent\u00f3 al\u2026","rel":"","context":"En \u00ab2008\u00bb","block_context":{"text":"2008","link":"https:\/\/estrategica.com.co\/blog\/category\/ano\/2008\/"},"img":{"alt_text":"","src":"https:\/\/i0.wp.com\/estrategica.com.co\/blog\/wp-content\/uploads\/2012\/08\/HulshofMoralClarity_thumb.png?fit=741%2C470&ssl=1&resize=350%2C200","width":350,"height":200},"classes":[]},{"id":30773,"url":"https:\/\/estrategica.com.co\/blog\/34programadetvmarconiperillohorarioeleitoralgratuito2709noite_0\/","url_meta":{"origin":11057,"position":1},"title":"Franja Electoral &#8211; Marconi","author":"Juliana","date":"junio 8, 2011","format":false,"excerpt":"[hana-flv-player video=\"\/blog\/wp-content\/uploads\/2009\/01\/20110228\/34ProgramadeTvMarconiPerillohorarioeleitoralgratuito2709noite_0.flv\" width=\"550\" height\"\" description= \"Franja Electoral - Marconi\" clickurl=\"\" clicktarget=\"\" player=\"4\" autoplay=\"false\" loop=\"false\" autorewind=\"false\" splashimage=\"\" skin=\"\" \/] [icon color=\"Accent-Color\" size=\"regular\" image=\"steadysets-icon-chat\"] Contexto Marconi Ferreira Perillo a la Gobernaci\u00f3n de Goi\u00e1s, durante la contienda de 2010 a nombre de la Social Democracia Brasilera. Perillo aspira a ser elegido gobernador por\u2026","rel":"","context":"En \u00ab2010\u00bb","block_context":{"text":"2010","link":"https:\/\/estrategica.com.co\/blog\/category\/ano\/2010\/"},"img":{"alt_text":"","src":"https:\/\/i0.wp.com\/estrategica.com.co\/blog\/wp-content\/uploads\/2011\/06\/Marconi52_thumb.png?fit=776%2C505&ssl=1&resize=350%2C200","width":350,"height":200},"classes":[]},{"id":19978,"url":"https:\/\/estrategica.com.co\/blog\/viene-un-mejor-pais-gomes\/","url_meta":{"origin":11057,"position":2},"title":"Viene un Mejor Pa\u00eds &#8211; Gomes","author":"Juliana","date":"mayo 16, 2010","format":false,"excerpt":"[hana-flv-player video=\"\/blog\/wp-content\/uploads\/2009\/01\/Videos2010\/Campanha_de_Ciro_Gomes_2002.flv\" width=\"550\" height=\"\" description=\"Viene un Mejor Pa\u00eds - Gomes\" clickurl=\"\" clicktarget=\"\" player=\"4\" autoplay=\"false\" loop=\"false\" autorewind=\"true\" splashimage=\"\" skin=\"\" \/] [icon color=\"Accent-Color\" size=\"regular\" image=\"steadysets-icon-chat\"] Contexto Spot de la campa\u00f1a de Ciro Gomes a la Presidencia de Brasil a nombre del Partido Socialista Brasile\u00f1o, durante la contienda electoral de 2002. Al final\u2026","rel":"","context":"En \u00abBrazil\u00bb","block_context":{"text":"Brazil","link":"https:\/\/estrategica.com.co\/blog\/category\/geo\/america\/brazil\/"},"img":{"alt_text":"","src":"https:\/\/i0.wp.com\/estrategica.com.co\/blog\/wp-content\/uploads\/2010\/01\/Campanha_de_Ciro_Gomes_2002_thumb.png?fit=451%2C386&ssl=1&resize=350%2C200","width":350,"height":200},"classes":[]},{"id":30722,"url":"https:\/\/estrategica.com.co\/blog\/17programadetvmarconiperillohorarioeleitoralgratuito0608almoco\/","url_meta":{"origin":11057,"position":3},"title":"Franja Electoral &#8211; Marconi","author":"Juliana","date":"junio 20, 2011","format":false,"excerpt":"[hana-flv-player video=\"\/blog\/wp-content\/uploads\/2009\/01\/20110228\/17ProgramadeTvMarconiPerillohorarioeleitoralgratuito0608almoco.flv\" width=\"550\" height\"\" description= \"Franja Electoral - Marconi\" clickurl=\"\" clicktarget=\"\" player=\"4\" autoplay=\"false\" loop=\"false\" autorewind=\"false\" splashimage=\"\" skin=\"\" \/] [icon color=\"Accent-Color\" size=\"regular\" image=\"steadysets-icon-chat\"] Contexto Marconi Ferreira Perillo a la Gobernaci\u00f3n de Goi\u00e1s, durante la contienda de 2010 a nombre de la Social Democracia Brasilera. Perillo aspira a ser elegido gobernador por\u2026","rel":"","context":"En \u00ab2010\u00bb","block_context":{"text":"2010","link":"https:\/\/estrategica.com.co\/blog\/category\/ano\/2010\/"},"img":{"alt_text":"","src":"https:\/\/i0.wp.com\/estrategica.com.co\/blog\/wp-content\/uploads\/2011\/06\/17ProgramadeTvMarconiPerillohorarioeleitoralgratuito0608almoco_thumb.png?fit=683%2C496&ssl=1&resize=350%2C200","width":350,"height":200},"classes":[]},{"id":30731,"url":"https:\/\/estrategica.com.co\/blog\/8programadetvmarconiperillohorarioeleitoralgratuito2508noite\/","url_meta":{"origin":11057,"position":4},"title":"Franja Electoral &#8211; Marconi","author":"Juliana","date":"junio 6, 2011","format":false,"excerpt":"[hana-flv-player video=\"\/blog\/wp-content\/uploads\/2009\/01\/20110228\/8ProgramadeTvMarconiPerillohorarioeleitoralgratuito2508noite.flv\" width=\"550\" height\"\" description= \"Franja Electoral - Marconi\" clickurl=\"\" clicktarget=\"\" player=\"4\" autoplay=\"false\" loop=\"false\" autorewind=\"false\" splashimage=\"\" skin=\"\" \/] [icon color=\"Accent-Color\" size=\"regular\" image=\"steadysets-icon-chat\"] Contexto Marconi Ferreira Perillo a la Gobernaci\u00f3n de Goi\u00e1s, durante la contienda de 2010 a nombre de la Social Democracia Brasilera. Perillo aspira a ser elegido gobernador por\u2026","rel":"","context":"En \u00ab2010\u00bb","block_context":{"text":"2010","link":"https:\/\/estrategica.com.co\/blog\/category\/ano\/2010\/"},"img":{"alt_text":"","src":"https:\/\/i0.wp.com\/estrategica.com.co\/blog\/wp-content\/uploads\/2011\/06\/8ProgramadeTvMarconiPerillohorarioeleitoralgratuito2508noite_thumb.png?fit=684%2C496&ssl=1&resize=350%2C200","width":350,"height":200},"classes":[]},{"id":30734,"url":"https:\/\/estrategica.com.co\/blog\/9programadetvmarconiperillohorareleitoralgratuito2708tarde\/","url_meta":{"origin":11057,"position":5},"title":"Franja Electoral &#8211; Marconi","author":"Juliana","date":"junio 20, 2011","format":false,"excerpt":"[hana-flv-player video=\"\/blog\/wp-content\/uploads\/2009\/01\/20110228\/9ProgramadeTvMarconiPerillohorareleitoralgratuito2708tarde.flv\" width=\"550\" height\"\" description= \"Franja Electoral - Marconi\" clickurl=\"\" clicktarget=\"\" player=\"4\" autoplay=\"false\" loop=\"false\" autorewind=\"false\" splashimage=\"\" skin=\"\" \/] [icon color=\"Accent-Color\" size=\"regular\" image=\"steadysets-icon-chat\"] Contexto Marconi Ferreira Perillo a la Gobernaci\u00f3n de Goi\u00e1s, durante la contienda de 2010 a nombre de la Social Democracia Brasilera. Perillo aspira a ser elegido gobernador por\u2026","rel":"","context":"En \u00ab2010\u00bb","block_context":{"text":"2010","link":"https:\/\/estrategica.com.co\/blog\/category\/ano\/2010\/"},"img":{"alt_text":"","src":"https:\/\/i0.wp.com\/estrategica.com.co\/blog\/wp-content\/uploads\/2011\/06\/9ProgramadeTvMarconiPerillohorareleitoralgratuito2708tarde_thumb.png?fit=832%2C504&ssl=1&resize=350%2C200","width":350,"height":200},"classes":[]}],"jetpack_sharing_enabled":true,"_links":{"self":[{"href":"https:\/\/estrategica.com.co\/blog\/wp-json\/wp\/v2\/posts\/11057","targetHints":{"allow":["GET"]}}],"collection":[{"href":"https:\/\/estrategica.com.co\/blog\/wp-json\/wp\/v2\/posts"}],"about":[{"href":"https:\/\/estrategica.com.co\/blog\/wp-json\/wp\/v2\/types\/post"}],"author":[{"embeddable":true,"href":"https:\/\/estrategica.com.co\/blog\/wp-json\/wp\/v2\/users\/5"}],"replies":[{"embeddable":true,"href":"https:\/\/estrategica.com.co\/blog\/wp-json\/wp\/v2\/comments?post=11057"}],"version-history":[{"count":9,"href":"https:\/\/estrategica.com.co\/blog\/wp-json\/wp\/v2\/posts\/11057\/revisions"}],"predecessor-version":[{"id":50349,"href":"https:\/\/estrategica.com.co\/blog\/wp-json\/wp\/v2\/posts\/11057\/revisions\/50349"}],"wp:featuredmedia":[{"embeddable":true,"href":"https:\/\/estrategica.com.co\/blog\/wp-json\/wp\/v2\/media\/11058"}],"wp:attachment":[{"href":"https:\/\/estrategica.com.co\/blog\/wp-json\/wp\/v2\/media?parent=11057"}],"wp:term":[{"taxonomy":"category","embeddable":true,"href":"https:\/\/estrategica.com.co\/blog\/wp-json\/wp\/v2\/categories?post=11057"},{"taxonomy":"post_tag","embeddable":true,"href":"https:\/\/estrategica.com.co\/blog\/wp-json\/wp\/v2\/tags?post=11057"}],"curies":[{"name":"wp","href":"https:\/\/api.w.org\/{rel}","templated":true}]}}