{"id":11104,"date":"2011-01-17T12:13:38","date_gmt":"2011-01-17T17:13:38","guid":{"rendered":"http:\/\/estrategica.com.co\/blog\/?p=11104"},"modified":"2015-03-26T09:50:04","modified_gmt":"2015-03-26T14:50:04","slug":"perucambio90fujimori90","status":"publish","type":"post","link":"https:\/\/estrategica.com.co\/blog\/perucambio90fujimori90\/","title":{"rendered":"Cambio 90 &#8211; Fujimori"},"content":{"rendered":"<p> <script type='text\/javascript' src='https:\/\/estrategica.com.co\/blog\/wp-content\/plugins\/hana-flv-player\/flowplayer3\/example\/flowplayer-3.2.6.min.js'><\/script>\n<div >\n<div id='hana_flv_flow3_1' style='display:block;width:550px;height:413px;background-color:#555555;color:#ffffff;padding:0' title=\"*Video:ni\u00f1o - dolor sin fronteras\"><\/div>\n<\/div>\n\n<script  type='text\/javascript'>\nif (typeof g_hanaFlash !== 'undefined' && !g_hanaFlash){\n    jQuery('#hana_flv_flow3_1').css( 'padding', '5px' );\n\tjQuery('#hana_flv_flow3_1').html(\"<span class='inactive_message' style='display:block'>Sorry, your browser does not support Flash Video Player<\/span> *Video:ni\u00f1o - dolor sin fronteras\");\n}else{\t\t\t\n\t\tflowplayer('hana_flv_flow3_1', { src: 'https:\/\/estrategica.com.co\/blog\/wp-content\/plugins\/hana-flv-player\/flowplayer3\/flowplayer-3.2.7.swf', wmode: 'transparent' }, { \n\n\t\t\tcanvas: { backgroundColor: '#000000', backgroundGradient: 'none',},\n    \t\tclip:  { \n    \t\t\turl: '\/blog\/wp-content\/uploads\/2009\/01\/20100708\/DouleursSansFrontresKid.flv',\n        \t\tscaling: 'fit', autoPlay: false, autoBuffering: true \n\t\t\t\t   , onFinish : function () { this.seek(0); }  \n\n\t        }\n\n\t\t});\n}\n<\/script><br \/>\n<\/br><\/p>\n<p>[icon color=\u00bbAccent-Color\u00bb size=\u00bbregular\u00bb image=\u00bbsteadysets-icon-chat\u00bb] <strong>Contexto<\/strong><\/br><\/br><\/p>\n<p style=\"text-align: justify;\">Spot de la Fundaci\u00f3n Dolor sin Fronteras, en el a\u00f1o 2008, para concientizar sobre la tragedia que afecta algunas zonas del mundo en donde el conflicto y la miseria sumerge a las personas, especialmente los ni\u00f1os, en interminables din\u00e1micas de dolor.<\/p><\/p>\n","protected":false},"excerpt":{"rendered":"<p>*Video: ni\u00f1o &#8211; dolor sin fronteras [icon color=\u00bbAccent-Color\u00bb size=\u00bbregular\u00bb image=\u00bbsteadysets-icon-chat\u00bb] Contexto Spot de la Fundaci\u00f3n Dolor sin Fronteras, en el a\u00f1o 2008, para concientizar sobre la tragedia que afecta algunas zonas del mundo en donde el conflicto y la miseria sumerge a las personas, especialmente los ni\u00f1os, en interminables din\u00e1micas de dolor.<\/p>\n","protected":false},"author":5,"featured_media":11105,"comment_status":"open","ping_status":"open","sticky":false,"template":"","format":"standard","meta":{"_et_pb_use_builder":"","_et_pb_old_content":"","_et_gb_content_width":"","advanced_seo_description":"","jetpack_seo_html_title":"","jetpack_seo_noindex":false,"footnotes":""},"categories":[864,263,57,34,10,247,11,3],"tags":[865,226],"class_list":["post-11104","post","type-post","status-publish","format-standard","has-post-thumbnail","hentry","category-864","category-ano","category-campana-presidencial","category-electoral","category-geo","category-peru","category-temas","category-video","tag-alberto-fujimori","tag-elecciones-1990"],"jetpack_featured_media_url":"https:\/\/i0.wp.com\/estrategica.com.co\/blog\/wp-content\/uploads\/2009\/04\/perucambio90fujimori90_thumb.png?fit=323%2C233&ssl=1","jetpack_shortlink":"https:\/\/wp.me\/p4wgsh-2T6","jetpack-related-posts":[{"id":23466,"url":"https:\/\/estrategica.com.co\/blog\/douleurssansfrontreskid\/","url_meta":{"origin":11104,"position":0},"title":"Ni\u00f1o &#8211; Dolor sin Fronteras","author":"Juliana","date":"enero 24, 2011","format":false,"excerpt":"[hana-flv-player video=\"\/blog\/wp-content\/uploads\/2009\/01\/20100708\/DouleursSansFrontresKid.flv\" width=\"550\" height=\"\" description=\"Ni\u00f1o - Dolor sin Fronteras\" clickurl=\"\" clicktarget=\"\" player=\"4\" autoplay=\"false\" loop=\"false\" autorewind=\"true\" splashimage=\"\" skin=\"\" \/] [icon color=\"Accent-Color\" size=\"regular\" image=\"steadysets-icon-chat\"] Contexto Spot de la Fundaci\u00f3n Dolor sin Fronteras, en el a\u00f1o 2008, para concientizar sobre la tragedia que afecta algunas zonas del mundo en donde el conflicto y\u2026","rel":"","context":"En \u00ab2008\u00bb","block_context":{"text":"2008","link":"https:\/\/estrategica.com.co\/blog\/category\/ano\/2008\/"},"img":{"alt_text":"","src":"https:\/\/i0.wp.com\/estrategica.com.co\/blog\/wp-content\/uploads\/2010\/07\/DouleursSansFrontresKid_thumb.png?fit=463%2C390&ssl=1&resize=350%2C200","width":350,"height":200},"classes":[]},{"id":14349,"url":"https:\/\/estrategica.com.co\/blog\/dolor-sin-fronteras\/","url_meta":{"origin":11104,"position":1},"title":"Dolor Sin Fronteras","author":"estrategica.com","date":"mayo 25, 2009","format":false,"excerpt":"[hana-flv-player video=\"\/blog\/wp-content\/uploads\/2009\/01\/videos_ultimos\/av111.flv\" width=\"550\" height=\"\" description=\"Dolor Sin Fronteras\" clickurl=\"\" clicktarget=\"\" player=\"4\" autoplay=\"false\" loop=\"false\" autorewind=\"true\" splashimage=\"\" skin=\"\" \/] [icon color=\"Accent-Color\" size=\"regular\" image=\"steadysets-icon-chat\"] Contexto Spot de la ONG francesa \u201cDolor Sin Fronteras\u201d en el a\u00f1o 2008. La organizaci\u00f3n, fundada en 1996 por m\u00e9dicos franceses, lucha en los lugares en conflicto por mitigar el\u2026","rel":"","context":"En \u00ab2008\u00bb","block_context":{"text":"2008","link":"https:\/\/estrategica.com.co\/blog\/category\/ano\/2008\/"},"img":{"alt_text":"","src":"https:\/\/i0.wp.com\/estrategica.com.co\/blog\/wp-content\/uploads\/2009\/05\/av111_thumb.png?fit=399%2C268&ssl=1&resize=350%2C200","width":350,"height":200},"classes":[]},{"id":23043,"url":"https:\/\/estrategica.com.co\/blog\/ritmo-del-chino-fujimori\/","url_meta":{"origin":11104,"position":2},"title":"Ritmo del Chino &#8211; Fujimori","author":"Juliana","date":"febrero 1, 2011","format":false,"excerpt":"[hana-flv-player video=\"\/blog\/wp-content\/uploads\/2009\/01\/20100708\/ALBERTOFUJIMORI1.flv\" width=\"550\" height=\"\" description=\"Ritmo del Chino - Fujimori\" clickurl=\"\" clicktarget=\"\" player=\"4\" autoplay=\"false\" loop=\"false\" autorewind=\"true\" splashimage=\"\" skin=\"\" \/] [icon color=\"Accent-Color\" size=\"regular\" image=\"steadysets-icon-chat\"] Contexto Spot de la Campa\u00f1a de Alberto Fujimori a la Presidencia de Per\u00fa, durante la contienda electoral de 2000, a nombre del movimiento Per\u00fa 2000. La pieza busca\u2026","rel":"","context":"En \u00ab2000\u00bb","block_context":{"text":"2000","link":"https:\/\/estrategica.com.co\/blog\/category\/ano\/2000\/"},"img":{"alt_text":"","src":"https:\/\/i0.wp.com\/estrategica.com.co\/blog\/wp-content\/uploads\/2010\/07\/ALBERTOFUJIMORI_thumb.png?fit=555%2C466&ssl=1&resize=350%2C200","width":350,"height":200},"classes":[]},{"id":23046,"url":"https:\/\/estrategica.com.co\/blog\/como-votar-fujimori\/","url_meta":{"origin":11104,"position":3},"title":"C\u00f3mo Votar &#8211; Fujimori","author":"Juliana","date":"febrero 1, 2011","format":false,"excerpt":"[hana-flv-player video=\"\/blog\/wp-content\/uploads\/2009\/01\/20100708\/ALBERTOFUJIMORI.flv\" width=\"550\" height=\"\" description=\"C\u00f3mo Votar - Fujimori\" clickurl=\"\" clicktarget=\"\" player=\"4\" autoplay=\"false\" loop=\"false\" autorewind=\"true\" splashimage=\"\" skin=\"\" \/] [icon color=\"Accent-Color\" size=\"regular\" image=\"steadysets-icon-chat\"] Contexto Spot de la Campa\u00f1a de Alberto Fujimori a la Presidencia de Per\u00fa, durante la contienda electoral de 2000, a nombre del movimiento Per\u00fa 2000. La pieza busca incentivar\u2026","rel":"","context":"En \u00ab2000\u00bb","block_context":{"text":"2000","link":"https:\/\/estrategica.com.co\/blog\/category\/ano\/2000\/"},"img":{"alt_text":"","src":"https:\/\/i0.wp.com\/estrategica.com.co\/blog\/wp-content\/uploads\/2010\/07\/ALBERTOFUJIMORI1_thumb.png?fit=549%2C402&ssl=1&resize=350%2C200","width":350,"height":200},"classes":[]},{"id":23052,"url":"https:\/\/estrategica.com.co\/blog\/cuando-los-turistas-preguntan-toledo\/","url_meta":{"origin":11104,"position":4},"title":"Cuando los Turistas Preguntan &#8211; Toledo","author":"Juliana","date":"agosto 25, 2010","format":false,"excerpt":"[hana-flv-player video=\"\/blog\/wp-content\/uploads\/2009\/01\/20100708\/ALEJANDROTOLEDO.flv\" width=\"550\" height=\"\" description=\"Cuando los Turistas Preguntan - Toledo\" clickurl=\"\" clicktarget=\"\" player=\"4\" autoplay=\"false\" loop=\"false\" autorewind=\"true\" splashimage=\"\" skin=\"\" \/] [icon color=\"Accent-Color\" size=\"regular\" image=\"steadysets-icon-chat\"] Contexto Spot de la campa\u00f1a de Alejandro Toledo a la Presidencia de Per\u00fa, durante la contienda electoral de 2001 a nombre de Per\u00fa Posible. Toledo hab\u00eda aspirado\u2026","rel":"","context":"En \u00ab2001\u00bb","block_context":{"text":"2001","link":"https:\/\/estrategica.com.co\/blog\/category\/ano\/2001\/"},"img":{"alt_text":"","src":"https:\/\/i0.wp.com\/estrategica.com.co\/blog\/wp-content\/uploads\/2010\/07\/ALEJANDROTOLEDO_thumb.png?fit=587%2C524&ssl=1&resize=350%2C200","width":350,"height":200},"classes":[]},{"id":23058,"url":"https:\/\/estrategica.com.co\/blog\/el-ritmo-del-pueblo-toledo\/","url_meta":{"origin":11104,"position":5},"title":"El Ritmo del Pueblo &#8211; Toledo","author":"Juliana","date":"agosto 25, 2010","format":false,"excerpt":"[hana-flv-player video=\"\/blog\/wp-content\/uploads\/2009\/01\/20100708\/ALEJANDROTOLEDO2.flv\" width=\"550\" height=\"\" description=\"El Ritmo del Pueblo - Toledo\" clickurl=\"\" clicktarget=\"\" player=\"4\" autoplay=\"false\" loop=\"false\" autorewind=\"true\" splashimage=\"\" skin=\"\" \/] [icon color=\"Accent-Color\" size=\"regular\" image=\"steadysets-icon-chat\"] Contexto Spot de la campa\u00f1a de Alejandro Toledo a la Presidencia de Per\u00fa, durante la contienda electoral de 2001 a nombre de Per\u00fa Posible. Toledo hab\u00eda aspirado\u2026","rel":"","context":"En \u00ab2001\u00bb","block_context":{"text":"2001","link":"https:\/\/estrategica.com.co\/blog\/category\/ano\/2001\/"},"img":{"alt_text":"","src":"https:\/\/i0.wp.com\/estrategica.com.co\/blog\/wp-content\/uploads\/2010\/07\/ALEJANDROTOLEDO2_thumb.png?fit=551%2C484&ssl=1&resize=350%2C200","width":350,"height":200},"classes":[]}],"jetpack_sharing_enabled":true,"_links":{"self":[{"href":"https:\/\/estrategica.com.co\/blog\/wp-json\/wp\/v2\/posts\/11104","targetHints":{"allow":["GET"]}}],"collection":[{"href":"https:\/\/estrategica.com.co\/blog\/wp-json\/wp\/v2\/posts"}],"about":[{"href":"https:\/\/estrategica.com.co\/blog\/wp-json\/wp\/v2\/types\/post"}],"author":[{"embeddable":true,"href":"https:\/\/estrategica.com.co\/blog\/wp-json\/wp\/v2\/users\/5"}],"replies":[{"embeddable":true,"href":"https:\/\/estrategica.com.co\/blog\/wp-json\/wp\/v2\/comments?post=11104"}],"version-history":[{"count":11,"href":"https:\/\/estrategica.com.co\/blog\/wp-json\/wp\/v2\/posts\/11104\/revisions"}],"predecessor-version":[{"id":50373,"href":"https:\/\/estrategica.com.co\/blog\/wp-json\/wp\/v2\/posts\/11104\/revisions\/50373"}],"wp:featuredmedia":[{"embeddable":true,"href":"https:\/\/estrategica.com.co\/blog\/wp-json\/wp\/v2\/media\/11105"}],"wp:attachment":[{"href":"https:\/\/estrategica.com.co\/blog\/wp-json\/wp\/v2\/media?parent=11104"}],"wp:term":[{"taxonomy":"category","embeddable":true,"href":"https:\/\/estrategica.com.co\/blog\/wp-json\/wp\/v2\/categories?post=11104"},{"taxonomy":"post_tag","embeddable":true,"href":"https:\/\/estrategica.com.co\/blog\/wp-json\/wp\/v2\/tags?post=11104"}],"curies":[{"name":"wp","href":"https:\/\/api.w.org\/{rel}","templated":true}]}}