{"id":12031,"date":"2009-04-22T14:49:24","date_gmt":"2009-04-22T14:49:24","guid":{"rendered":"http:\/\/estrategica.com.co\/blog\/?p=12031"},"modified":"2015-02-24T16:25:58","modified_gmt":"2015-02-24T21:25:58","slug":"jurados-electorales-oficina-nacional-de-procesos-electorales","status":"publish","type":"post","link":"https:\/\/estrategica.com.co\/blog\/jurados-electorales-oficina-nacional-de-procesos-electorales\/","title":{"rendered":"Jurados Electorales &#8211; Oficina Nacional de Procesos Electorales"},"content":{"rendered":"<p> <script type='text\/javascript' src='https:\/\/estrategica.com.co\/blog\/wp-content\/plugins\/hana-flv-player\/flowplayer3\/example\/flowplayer-3.2.6.min.js'><\/script>\n<div >\n<div id='hana_flv_flow3_1' style='display:block;width:550px;height:413px;background-color:#555555;color:#ffffff;padding:0' title=\"*Video:jurados electorales - oficina nacional de procesos electorales\"><\/div>\n<\/div>\n\n<script  type='text\/javascript'>\nif (typeof g_hanaFlash !== 'undefined' && !g_hanaFlash){\n    jQuery('#hana_flv_flow3_1').css( 'padding', '5px' );\n\tjQuery('#hana_flv_flow3_1').html(\"<span class='inactive_message' style='display:block'>Sorry, your browser does not support Flash Video Player<\/span> *Video:jurados electorales - oficina nacional de procesos electorales\");\n}else{\t\t\t\n\t\tflowplayer('hana_flv_flow3_1', { src: 'https:\/\/estrategica.com.co\/blog\/wp-content\/plugins\/hana-flv-player\/flowplayer3\/flowplayer-3.2.7.swf', wmode: 'transparent' }, { \n\n\t\t\tcanvas: { backgroundColor: '#000000', backgroundGradient: 'none',},\n    \t\tclip:  { \n    \t\t\turl: '\/blog\/wp-content\/uploads\/2009\/01\/carpeta_muchos_varios\/Peru02.flv',\n        \t\tscaling: 'fit', autoPlay: false, autoBuffering: true \n\t\t\t\t   , onFinish : function () { this.seek(0); }  \n\n\t        }\n\n\t\t});\n}\n<\/script><br \/>\n<\/br><\/p>\n<p>[icon color=\u00bbAccent-Color\u00bb size=\u00bbregular\u00bb image=\u00bbsteadysets-icon-chat\u00bb] <strong>Contexto<\/strong><\/br><\/br><\/p>\n<p style=\"text-align: justify;\">Spot de la Oficina Nacional de Procesos Electorales del Per\u00fa con el fin de persuadir a los jurados electorales de mesa de cumplir con su deber de cara a las elecciones regionales de 2002. El spot tiene un gui\u00f3n atractivo, genera recordaci\u00f3n y posiciona un mensaje claro con una sonrisa, lo cual es muy persuasivo..<\/p><\/p>\n","protected":false},"excerpt":{"rendered":"<p>*Video: jurados electorales &#8211; oficina nacional de procesos electorales [icon color=\u00bbAccent-Color\u00bb size=\u00bbregular\u00bb image=\u00bbsteadysets-icon-chat\u00bb] Contexto Spot de la Oficina Nacional de Procesos Electorales del Per\u00fa con el fin de persuadir a los jurados electorales de mesa de cumplir con su deber de cara a las elecciones regionales de 2002. El spot tiene un gui\u00f3n atractivo, genera [&hellip;]<\/p>\n","protected":false},"author":5,"featured_media":12032,"comment_status":"open","ping_status":"open","sticky":false,"template":"","format":"standard","meta":{"_et_pb_use_builder":"","_et_pb_old_content":"","_et_gb_content_width":"","advanced_seo_description":"","jetpack_seo_html_title":"","jetpack_seo_noindex":false,"footnotes":""},"categories":[28,36,10,247,11,3],"tags":[104,472],"class_list":["post-12031","post","type-post","status-publish","format-standard","has-post-thumbnail","hentry","category-comunicacion-gobierno","category-de-gobierno","category-geo","category-peru","category-temas","category-video","tag-elecciones-2002","tag-oficina-nacional-de-procesos-electorales"],"jetpack_featured_media_url":"https:\/\/i0.wp.com\/estrategica.com.co\/blog\/wp-content\/uploads\/2009\/04\/peru02_thumb.png?fit=278%2C201&ssl=1","jetpack_shortlink":"https:\/\/wp.me\/p4wgsh-383","jetpack-related-posts":[{"id":23680,"url":"https:\/\/estrategica.com.co\/blog\/candidato-en-la-calle-jurado-nacional-de-elecciones\/","url_meta":{"origin":12031,"position":0},"title":"Candidato en la Calle &#8211; Jurado Nacional de Elecciones","author":"Juliana","date":"diciembre 1, 2010","format":false,"excerpt":"[hana-flv-player video=\"\/blog\/wp-content\/uploads\/2009\/01\/20100708\/JURADONACIONALDEELECCIONES.flv\" width=\"550\" height=\"\" description=\"Candidato en la Calle - Jurado Nacional de Elecciones\" clickurl=\"\" clicktarget=\"\" player=\"4\" autoplay=\"false\" loop=\"false\" autorewind=\"true\" splashimage=\"\" skin=\"\" \/] [icon color=\"Accent-Color\" size=\"regular\" image=\"steadysets-icon-chat\"] Contexto Spot del Jurado Nacional de Elecciones del Per\u00fa para las elecciones 2006. Unas pieza interesante en la medida en que focaliza el mensaje\u2026","rel":"","context":"En \u00ab2006\u00bb","block_context":{"text":"2006","link":"https:\/\/estrategica.com.co\/blog\/category\/ano\/2006\/"},"img":{"alt_text":"","src":"https:\/\/i0.wp.com\/estrategica.com.co\/blog\/wp-content\/uploads\/2010\/07\/JURADONACIONALDEELECCIONES_thumb.png?fit=464%2C394&ssl=1&resize=350%2C200","width":350,"height":200},"classes":[]},{"id":11057,"url":"https:\/\/estrategica.com.co\/blog\/boliviaevomorales02\/","url_meta":{"origin":12031,"position":1},"title":"Cierre de Campa\u00f1a &#8211; Morales","author":"Juliana","date":"enero 25, 2011","format":false,"excerpt":"[hana-flv-player video=\"\/blog\/wp-content\/uploads\/2009\/01\/carpeta_muchos_varios\/BoliviaEvoMorales02.flv\" width=\"550\" height=\"\" description=\"Cierre de Campa\u00f1a - Morales\" clickurl=\"\" clicktarget=\"\" player=\"4\" autoplay=\"false\" loop=\"false\" autorewind=\"true\" splashimage=\"\" skin=\"\" \/] [icon color=\"Accent-Color\" size=\"regular\" image=\"steadysets-icon-chat\"] Contexto Spot de la campa\u00f1a de Evo Morales a la Presidencia de Bolivia, durante la contienda electoral de 2002, a nombre del Movimiento al Socialismo, MAS.\u00a0 Su discurso\u2026","rel":"","context":"En \u00ab2002\u00bb","block_context":{"text":"2002","link":"https:\/\/estrategica.com.co\/blog\/category\/ano\/2002\/"},"img":{"alt_text":"","src":"https:\/\/i0.wp.com\/estrategica.com.co\/blog\/wp-content\/uploads\/2009\/04\/boliviaevomorales02_thumb.png?fit=334%2C240&ssl=1&resize=350%2C200","width":350,"height":200},"classes":[]},{"id":32088,"url":"https:\/\/estrategica.com.co\/blog\/spotollantahumalapension65\/","url_meta":{"origin":12031,"position":2},"title":"Pensi\u00f3n &#8211; Humala","author":"Juliana","date":"diciembre 26, 2011","format":false,"excerpt":"[hana-flv-player video=\"\/blog\/wp-content\/uploads\/2009\/01\/20111213\/SpotOllantaHumalaPension65.flv\" width=\"550\" height=\"\" description=\"Pensi\u00f3n - Humala\" clickurl=\"\" clicktarget=\"\" player=\"4\" autoplay=\"false\" loop=\"false\" autorewind=\"false\" splashimage=\"\" skin=\"\" \/] [icon color=\"Accent-Color\" size=\"regular\" image=\"steadysets-icon-chat\"] Contexto Spot de la Campa\u00f1a de Ollanta Humala a la Presidencia de Per\u00fa, durante la contienda electoral de 2011 a nombre del partido Nacionalista Peruano. El desaf\u00edo de Ollanta durante\u2026","rel":"","context":"En \u00ab2011\u00bb","block_context":{"text":"2011","link":"https:\/\/estrategica.com.co\/blog\/category\/ano\/2011\/"},"img":{"alt_text":"","src":"https:\/\/i0.wp.com\/estrategica.com.co\/blog\/wp-content\/uploads\/2011\/12\/SpotOllantaHumalaPension65_thumb.png?fit=710%2C424&ssl=1&resize=350%2C200","width":350,"height":200},"classes":[]},{"id":23046,"url":"https:\/\/estrategica.com.co\/blog\/como-votar-fujimori\/","url_meta":{"origin":12031,"position":3},"title":"C\u00f3mo Votar &#8211; Fujimori","author":"Juliana","date":"febrero 1, 2011","format":false,"excerpt":"[hana-flv-player video=\"\/blog\/wp-content\/uploads\/2009\/01\/20100708\/ALBERTOFUJIMORI.flv\" width=\"550\" height=\"\" description=\"C\u00f3mo Votar - Fujimori\" clickurl=\"\" clicktarget=\"\" player=\"4\" autoplay=\"false\" loop=\"false\" autorewind=\"true\" splashimage=\"\" skin=\"\" \/] [icon color=\"Accent-Color\" size=\"regular\" image=\"steadysets-icon-chat\"] Contexto Spot de la Campa\u00f1a de Alberto Fujimori a la Presidencia de Per\u00fa, durante la contienda electoral de 2000, a nombre del movimiento Per\u00fa 2000. La pieza busca incentivar\u2026","rel":"","context":"En \u00ab2000\u00bb","block_context":{"text":"2000","link":"https:\/\/estrategica.com.co\/blog\/category\/ano\/2000\/"},"img":{"alt_text":"","src":"https:\/\/i0.wp.com\/estrategica.com.co\/blog\/wp-content\/uploads\/2010\/07\/ALBERTOFUJIMORI1_thumb.png?fit=549%2C402&ssl=1&resize=350%2C200","width":350,"height":200},"classes":[]},{"id":32064,"url":"https:\/\/estrategica.com.co\/blog\/spotollantaynadinesaludanalasmujeresperuanas\/","url_meta":{"origin":12031,"position":4},"title":"Saludo a las Mujeres &#8211; Humala","author":"Juliana","date":"diciembre 26, 2011","format":false,"excerpt":"[hana-flv-player video=\"\/blog\/wp-content\/uploads\/2009\/01\/20111213\/SpotOllantayNadinesaludanalasMujeresPeruanas..flv\" width=\"550\" height=\"\" description=\"Saludo a las Mujeres - Humala\" clickurl=\"\" clicktarget=\"\" player=\"4\" autoplay=\"false\" loop=\"false\" autorewind=\"false\" splashimage=\"\" skin=\"\" \/] [icon color=\"Accent-Color\" size=\"regular\" image=\"steadysets-icon-chat\"] Contexto Spot de la Campa\u00f1a de Ollanta Humala a la Presidencia de Per\u00fa, durante la contienda electoral de 2011 a nombre del partido Nacionalista Peruano. El desaf\u00edo\u2026","rel":"","context":"En \u00ab2011\u00bb","block_context":{"text":"2011","link":"https:\/\/estrategica.com.co\/blog\/category\/ano\/2011\/"},"img":{"alt_text":"","src":"https:\/\/i0.wp.com\/estrategica.com.co\/blog\/wp-content\/uploads\/2011\/12\/SpotOllantayNadinesaludanalasMujeresPeruanas._thumb.png?fit=702%2C412&ssl=1&resize=350%2C200","width":350,"height":200},"classes":[]},{"id":32025,"url":"https:\/\/estrategica.com.co\/blog\/spotvamosconollantahonestidadparahacerladiferenciahd\/","url_meta":{"origin":12031,"position":5},"title":"Honestidad &#8211; Ollanta","author":"Juliana","date":"enero 17, 2012","format":false,"excerpt":"[hana-flv-player video=\"\/blog\/wp-content\/uploads\/2009\/01\/20111213\/SpotVamosconOllantaHonestidadparahacerlaDiferenciaHD.flv\" width=\"550\" height=\"\" description=\"Honestidad - Ollanta\" clickurl=\"\" clicktarget=\"\" player=\"4\" autoplay=\"false\" loop=\"false\" autorewind=\"false\" splashimage=\"\" skin=\"\" \/] [icon color=\"Accent-Color\" size=\"regular\" image=\"steadysets-icon-chat\"] Contexto Spot de la Campa\u00f1a de Ollanta Humala a la Presidencia de Per\u00fa, durante la contienda electoral de 2011 a nombre del partido Nacionalista Peruano. El desaf\u00edo de Ollanta durante\u2026","rel":"","context":"En \u00ab2010\u00bb","block_context":{"text":"2010","link":"https:\/\/estrategica.com.co\/blog\/category\/ano\/2010\/"},"img":{"alt_text":"","src":"https:\/\/i0.wp.com\/estrategica.com.co\/blog\/wp-content\/uploads\/2011\/12\/SpotVamosconOllantaHonestidadparahacerlaDiferenciaHD_thumb.png?fit=802%2C561&ssl=1&resize=350%2C200","width":350,"height":200},"classes":[]}],"jetpack_sharing_enabled":true,"_links":{"self":[{"href":"https:\/\/estrategica.com.co\/blog\/wp-json\/wp\/v2\/posts\/12031","targetHints":{"allow":["GET"]}}],"collection":[{"href":"https:\/\/estrategica.com.co\/blog\/wp-json\/wp\/v2\/posts"}],"about":[{"href":"https:\/\/estrategica.com.co\/blog\/wp-json\/wp\/v2\/types\/post"}],"author":[{"embeddable":true,"href":"https:\/\/estrategica.com.co\/blog\/wp-json\/wp\/v2\/users\/5"}],"replies":[{"embeddable":true,"href":"https:\/\/estrategica.com.co\/blog\/wp-json\/wp\/v2\/comments?post=12031"}],"version-history":[{"count":5,"href":"https:\/\/estrategica.com.co\/blog\/wp-json\/wp\/v2\/posts\/12031\/revisions"}],"predecessor-version":[{"id":46618,"href":"https:\/\/estrategica.com.co\/blog\/wp-json\/wp\/v2\/posts\/12031\/revisions\/46618"}],"wp:featuredmedia":[{"embeddable":true,"href":"https:\/\/estrategica.com.co\/blog\/wp-json\/wp\/v2\/media\/12032"}],"wp:attachment":[{"href":"https:\/\/estrategica.com.co\/blog\/wp-json\/wp\/v2\/media?parent=12031"}],"wp:term":[{"taxonomy":"category","embeddable":true,"href":"https:\/\/estrategica.com.co\/blog\/wp-json\/wp\/v2\/categories?post=12031"},{"taxonomy":"post_tag","embeddable":true,"href":"https:\/\/estrategica.com.co\/blog\/wp-json\/wp\/v2\/tags?post=12031"}],"curies":[{"name":"wp","href":"https:\/\/api.w.org\/{rel}","templated":true}]}}