{"id":12149,"date":"2009-04-21T23:24:34","date_gmt":"2009-04-21T23:24:34","guid":{"rendered":"http:\/\/estrategica.com.co\/blog\/?p=12149"},"modified":"2015-02-24T16:33:57","modified_gmt":"2015-02-24T21:33:57","slug":"michael-j-fox-y-las-celulas-madre-ben-cardin","status":"publish","type":"post","link":"https:\/\/estrategica.com.co\/blog\/michael-j-fox-y-las-celulas-madre-ben-cardin\/","title":{"rendered":"Michael J Fox y las C\u00e9lulas Madre &#8211; Ben Cardin"},"content":{"rendered":"<p> <script type='text\/javascript' src='https:\/\/estrategica.com.co\/blog\/wp-content\/plugins\/hana-flv-player\/flowplayer3\/example\/flowplayer-3.2.6.min.js'><\/script>\n<div >\n<div id='hana_flv_flow3_1' style='display:block;width:550px;height:413px;background-color:#555555;color:#ffffff;padding:0' title=\"*Video:michael j fox y las c\u00e9lulas madre - ben cardin\"><\/div>\n<\/div>\n\n<script  type='text\/javascript'>\nif (typeof g_hanaFlash !== 'undefined' && !g_hanaFlash){\n    jQuery('#hana_flv_flow3_1').css( 'padding', '5px' );\n\tjQuery('#hana_flv_flow3_1').html(\"<span class='inactive_message' style='display:block'>Sorry, your browser does not support Flash Video Player<\/span> *Video:michael j fox y las c\u00e9lulas madre - ben cardin\");\n}else{\t\t\t\n\t\tflowplayer('hana_flv_flow3_1', { src: 'https:\/\/estrategica.com.co\/blog\/wp-content\/plugins\/hana-flv-player\/flowplayer3\/flowplayer-3.2.7.swf', wmode: 'transparent' }, { \n\n\t\t\tcanvas: { backgroundColor: '#000000', backgroundGradient: 'none',},\n    \t\tclip:  { \n    \t\t\turl: '\/blog\/wp-content\/uploads\/2009\/01\/carpeta_muchos_varios\/USADemocraticBenCardin06.flv',\n        \t\tscaling: 'fit', autoPlay: false, autoBuffering: true \n\t\t\t\t   , onFinish : function () { this.seek(0); }  \n\n\t        }\n\n\t\t});\n}\n<\/script><br \/>\n<\/br><\/p>\n<p>[icon color=\u00bbAccent-Color\u00bb size=\u00bbregular\u00bb image=\u00bbsteadysets-icon-chat\u00bb] <strong>Contexto<\/strong><\/br><\/br><\/p>\n<p style=\"text-align: justify;\">Spot de la campa\u00f1a al Senado de dem\u00f3crata Ben Cardin en las elecciones parlamentarias de 2006. El spot que vemos busca la vocer\u00eda del actor Michael J Fox para posicionar la problem\u00e1tica de las c\u00e9lulas madre. El gui\u00f3n, en espa\u00f1ol, afirma lo siguiente: Soy Ben Cardin y apruebo este mensaje. Michael J Fox: La investigaci\u00f3n con c\u00e9lulas madre ofrece esperanza a millones de americanos con enfermedades como la diabetes, Alzheimer o Parkinson. Pero George Bush y Michael Steele dificultan la investigaci\u00f3n m\u00e1s importante con c\u00e9lulas madre. Por fortuna, los ciudadanos de Maryland pueden votar por Ben Cardin quien apoya totalmente la investigaci\u00f3n con c\u00e9lulas madre. Por eso yo lo apoyo, y habiendo tanto en juego, yo les pido, con respeto, que hagan lo mismo..<\/p><\/p>\n","protected":false},"excerpt":{"rendered":"<p>*Video: michael j fox y las c\u00e9lulas madre &#8211; ben cardin [icon color=\u00bbAccent-Color\u00bb size=\u00bbregular\u00bb image=\u00bbsteadysets-icon-chat\u00bb] Contexto Spot de la campa\u00f1a al Senado de dem\u00f3crata Ben Cardin en las elecciones parlamentarias de 2006. El spot que vemos busca la vocer\u00eda del actor Michael J Fox para posicionar la problem\u00e1tica de las c\u00e9lulas madre. El gui\u00f3n, en [&hellip;]<\/p>\n","protected":false},"author":5,"featured_media":12150,"comment_status":"open","ping_status":"open","sticky":false,"template":"","format":"standard","meta":{"_et_pb_use_builder":"","_et_pb_old_content":"","_et_gb_content_width":"","advanced_seo_description":"","jetpack_seo_html_title":"","jetpack_seo_noindex":false,"footnotes":""},"categories":[58,34,64,10,11,3],"tags":[465,196,466,121],"class_list":["post-12149","post","type-post","status-publish","format-standard","has-post-thumbnail","hentry","category-campana-colegiada","category-electoral","category-estados-unidos","category-geo","category-temas","category-video","tag-ben-cardin","tag-elecciones-2006","tag-michael-j-fox","tag-partido-democrata"],"jetpack_featured_media_url":"https:\/\/i0.wp.com\/estrategica.com.co\/blog\/wp-content\/uploads\/2009\/04\/usademocraticbencardin06_thumb.png?fit=229%2C153&ssl=1","jetpack_shortlink":"https:\/\/wp.me\/p4wgsh-39X","jetpack-related-posts":[{"id":16726,"url":"https:\/\/estrategica.com.co\/blog\/2300-hospitales-fox\/","url_meta":{"origin":12149,"position":0},"title":"2300 Hospitales &#8211; Fox","author":"estrategica.com","date":"octubre 13, 2009","format":false,"excerpt":"[hana-flv-player video=\"\/blog\/wp-content\/uploads\/2009\/01\/videosultimosconver\/2300Hospitales.flv\" width=\"550\" height=\"\" description=\"2300 Hospitales - Fox\" clickurl=\"\" clicktarget=\"\" player=\"4\" autoplay=\"false\" loop=\"false\" autorewind=\"true\" splashimage=\"\" skin=\"\" \/] [icon color=\"Accent-Color\" size=\"regular\" image=\"steadysets-icon-chat\"] Contexto Spot del Gobierno Federal en el a\u00f1o 2006 en donde el Presidente Fox posiciona los logros de construir 2300 hospitales. La pieza es el t\u00edpico instrumento de propaganda\u2026","rel":"","context":"En \u00ab2006\u00bb","block_context":{"text":"2006","link":"https:\/\/estrategica.com.co\/blog\/category\/ano\/2006\/"},"img":{"alt_text":"","src":"https:\/\/i0.wp.com\/estrategica.com.co\/blog\/wp-content\/uploads\/2009\/06\/2300hospitales_thumb.png?fit=409%2C324&ssl=1&resize=350%2C200","width":350,"height":200},"classes":[]},{"id":2325,"url":"https:\/\/estrategica.com.co\/blog\/la-pobreza-se-combate-con-empleo-fox\/","url_meta":{"origin":12149,"position":1},"title":"La pobreza se combate con empleo &#8211; Felipe Calderon","author":"Juliana","date":"marzo 15, 2009","format":false,"excerpt":"[hana-flv-player video=\"\/blog\/wp-content\/uploads\/2009\/01\/mexico\/FOX_la_pobreza_se_combate_con_empleo.flv\" width=\"550\" height=\"\" description=\"La pobreza se combate con empleo - Felipe Calderon\" clickurl=\"\" clicktarget=\"\" player=\"4\" autoplay=\"false\" loop=\"false\" autorewind=\"true\" splashimage=\"\" skin=\"\" \/] [icon color=\"Accent-Color\" size=\"regular\" image=\"steadysets-icon-chat\"] Contexto Spot de campa\u00f1a de Felipe Calder\u00f3n a las elecciones de 2006.\u00a0 La estrategia, inicialmente, estuvo dirigida a aumentar el nivel de conocimiento pues\u2026","rel":"","context":"En \u00abCampa\u00f1a Presidencial\u00bb","block_context":{"text":"Campa\u00f1a Presidencial","link":"https:\/\/estrategica.com.co\/blog\/category\/temas\/campana-presidencial\/"},"img":{"alt_text":"","src":"","width":0,"height":0},"classes":[]},{"id":14783,"url":"https:\/\/estrategica.com.co\/blog\/labastida-me-tildan-fox\/","url_meta":{"origin":12149,"position":2},"title":"Labastida &#8211; Me tildan &#8211; Fox","author":"estrategica.com","date":"mayo 21, 2009","format":false,"excerpt":"[hana-flv-player video=\"\/blog\/wp-content\/uploads\/2009\/01\/videos_ultimos\/av170.flv\" width=\"550\" height=\"\" description=\"Labastida - Me tildan - Fox\" clickurl=\"\" clicktarget=\"\" player=\"4\" autoplay=\"false\" loop=\"false\" autorewind=\"true\" splashimage=\"\" skin=\"\" \/] [icon color=\"Accent-Color\" size=\"regular\" image=\"steadysets-icon-chat\"] Contexto Campa\u00f1a de Vicente Fox para las elecciones de 2000. La campa\u00f1a de Fox asumi\u00f3 el desaf\u00edo de derrotar al PRI el partido que manejaba los destinos\u2026","rel":"","context":"En \u00abCampa\u00f1a Presidencial\u00bb","block_context":{"text":"Campa\u00f1a Presidencial","link":"https:\/\/estrategica.com.co\/blog\/category\/temas\/campana-presidencial\/"},"img":{"alt_text":"","src":"https:\/\/i0.wp.com\/estrategica.com.co\/blog\/wp-content\/uploads\/2009\/05\/av170_thumb.png?fit=442%2C345&ssl=1&resize=350%2C200","width":350,"height":200},"classes":[]},{"id":23251,"url":"https:\/\/estrategica.com.co\/blog\/chespirito-fox\/","url_meta":{"origin":12149,"position":3},"title":"Chespirito &#8211; Fox","author":"Juliana","date":"octubre 25, 2010","format":false,"excerpt":"[hana-flv-player video=\"\/blog\/wp-content\/uploads\/2009\/01\/20100708\/chespirito21.flv\" width=\"550\" height=\"\" description=\"Chespirito - Fox\" clickurl=\"\" clicktarget=\"\" player=\"4\" autoplay=\"false\" loop=\"false\" autorewind=\"true\" splashimage=\"\" skin=\"\" \/] [icon color=\"Accent-Color\" size=\"regular\" image=\"steadysets-icon-chat\"] Contexto Campa\u00f1a de Vicente Fox para las elecciones de 2000. La campa\u00f1a de Fox asumi\u00f3 el desaf\u00edo de derrotar al PRI el partido que manejaba los destinos de M\u00e9xico desde\u2026","rel":"","context":"En \u00ab2000\u00bb","block_context":{"text":"2000","link":"https:\/\/estrategica.com.co\/blog\/category\/ano\/2000\/"},"img":{"alt_text":"","src":"https:\/\/i0.wp.com\/estrategica.com.co\/blog\/wp-content\/uploads\/2010\/07\/chespirito21_thumb.png?fit=502%2C470&ssl=1&resize=350%2C200","width":350,"height":200},"classes":[]},{"id":24169,"url":"https:\/\/estrategica.com.co\/blog\/seguridad-fox\/","url_meta":{"origin":12149,"position":4},"title":"Seguridad &#8211; Fox","author":"Juliana","date":"agosto 26, 2010","format":false,"excerpt":"[hana-flv-player video=\"\/blog\/wp-content\/uploads\/2009\/01\/20100708\/seguridad1.flv\" width=\"550\" height=\"\" description=\"Seguridad - Fox\" clickurl=\"\" clicktarget=\"\" player=\"4\" autoplay=\"false\" loop=\"false\" autorewind=\"true\" splashimage=\"\" skin=\"\" \/] [icon color=\"Accent-Color\" size=\"regular\" image=\"steadysets-icon-chat\"] Contexto Campa\u00f1a de Vicente Fox para las elecciones de 2000. La campa\u00f1a de Fox asumi\u00f3 el desaf\u00edo de derrotar al PRI el partido que manejaba los destinos de M\u00e9xico desde\u2026","rel":"","context":"En \u00ab2000\u00bb","block_context":{"text":"2000","link":"https:\/\/estrategica.com.co\/blog\/category\/ano\/2000\/"},"img":{"alt_text":"","src":"https:\/\/i0.wp.com\/estrategica.com.co\/blog\/wp-content\/uploads\/2010\/07\/seguridad1_thumb.png?fit=558%2C435&ssl=1&resize=350%2C200","width":350,"height":200},"classes":[]},{"id":24647,"url":"https:\/\/estrategica.com.co\/blog\/encuesta-ya-ganamos-fox\/","url_meta":{"origin":12149,"position":5},"title":"Encuesta &#8211; Ya Ganamos &#8211; Fox","author":"Juliana","date":"julio 23, 2010","format":false,"excerpt":"[hana-flv-player video=\"\/blog\/wp-content\/uploads\/2009\/01\/20100708\/VICENTEFOX1.flv\" width=\"550\" height=\"\" description=\"Encuesta - Ya Ganamos - Fox\" clickurl=\"\" clicktarget=\"\" player=\"4\" autoplay=\"false\" loop=\"false\" autorewind=\"true\" splashimage=\"\" skin=\"\" \/] [icon color=\"Accent-Color\" size=\"regular\" image=\"steadysets-icon-chat\"] Contexto Campa\u00f1a de Vicente Fox para las elecciones de 2000. La campa\u00f1a de Fox asumi\u00f3 el desaf\u00edo de derrotar al PRI el partido que manejaba los destinos\u2026","rel":"","context":"En \u00abCampa\u00f1a Presidencial\u00bb","block_context":{"text":"Campa\u00f1a Presidencial","link":"https:\/\/estrategica.com.co\/blog\/category\/temas\/campana-presidencial\/"},"img":{"alt_text":"","src":"https:\/\/i0.wp.com\/estrategica.com.co\/blog\/wp-content\/uploads\/2010\/07\/VICENTEFOX1_thumb.png?fit=641%2C471&ssl=1&resize=350%2C200","width":350,"height":200},"classes":[]}],"jetpack_sharing_enabled":true,"_links":{"self":[{"href":"https:\/\/estrategica.com.co\/blog\/wp-json\/wp\/v2\/posts\/12149","targetHints":{"allow":["GET"]}}],"collection":[{"href":"https:\/\/estrategica.com.co\/blog\/wp-json\/wp\/v2\/posts"}],"about":[{"href":"https:\/\/estrategica.com.co\/blog\/wp-json\/wp\/v2\/types\/post"}],"author":[{"embeddable":true,"href":"https:\/\/estrategica.com.co\/blog\/wp-json\/wp\/v2\/users\/5"}],"replies":[{"embeddable":true,"href":"https:\/\/estrategica.com.co\/blog\/wp-json\/wp\/v2\/comments?post=12149"}],"version-history":[{"count":5,"href":"https:\/\/estrategica.com.co\/blog\/wp-json\/wp\/v2\/posts\/12149\/revisions"}],"predecessor-version":[{"id":46630,"href":"https:\/\/estrategica.com.co\/blog\/wp-json\/wp\/v2\/posts\/12149\/revisions\/46630"}],"wp:featuredmedia":[{"embeddable":true,"href":"https:\/\/estrategica.com.co\/blog\/wp-json\/wp\/v2\/media\/12150"}],"wp:attachment":[{"href":"https:\/\/estrategica.com.co\/blog\/wp-json\/wp\/v2\/media?parent=12149"}],"wp:term":[{"taxonomy":"category","embeddable":true,"href":"https:\/\/estrategica.com.co\/blog\/wp-json\/wp\/v2\/categories?post=12149"},{"taxonomy":"post_tag","embeddable":true,"href":"https:\/\/estrategica.com.co\/blog\/wp-json\/wp\/v2\/tags?post=12149"}],"curies":[{"name":"wp","href":"https:\/\/api.w.org\/{rel}","templated":true}]}}