{"id":122,"date":"2008-12-30T16:43:27","date_gmt":"2008-12-30T16:43:27","guid":{"rendered":"http:\/\/estrategica.com.co\/blog\/?p=122"},"modified":"2015-07-08T11:10:41","modified_gmt":"2015-07-08T16:10:41","slug":"pour-que-ca-change-fort","status":"publish","type":"post","link":"https:\/\/estrategica.com.co\/blog\/pour-que-ca-change-fort\/","title":{"rendered":"Para Que el Cambio sea Fuerte"},"content":{"rendered":"<p><img loading=\"lazy\" decoding=\"async\" data-attachment-id=\"121\" data-permalink=\"https:\/\/estrategica.com.co\/blog\/pour-que-ca-change-fort\/afficheroyal2007_01\/\" data-orig-file=\"https:\/\/i0.wp.com\/estrategica.com.co\/blog\/wp-content\/uploads\/2008\/12\/afficheroyal2007_01.jpg?fit=452%2C600&amp;ssl=1\" data-orig-size=\"452,600\" data-comments-opened=\"1\" data-image-meta=\"{&quot;aperture&quot;:&quot;0&quot;,&quot;credit&quot;:&quot;&quot;,&quot;camera&quot;:&quot;&quot;,&quot;caption&quot;:&quot;&quot;,&quot;created_timestamp&quot;:&quot;0&quot;,&quot;copyright&quot;:&quot;&quot;,&quot;focal_length&quot;:&quot;0&quot;,&quot;iso&quot;:&quot;0&quot;,&quot;shutter_speed&quot;:&quot;0&quot;,&quot;title&quot;:&quot;&quot;}\" data-image-title=\"afficheroyal2007_01\" data-image-description=\"\" data-image-caption=\"\" data-medium-file=\"https:\/\/i0.wp.com\/estrategica.com.co\/blog\/wp-content\/uploads\/2008\/12\/afficheroyal2007_01.jpg?fit=226%2C300&amp;ssl=1\" data-large-file=\"https:\/\/i0.wp.com\/estrategica.com.co\/blog\/wp-content\/uploads\/2008\/12\/afficheroyal2007_01.jpg?fit=452%2C600&amp;ssl=1\" class=\"alignnone size-full wp-image-121\" title=\"afficheroyal2007_01\" src=\"https:\/\/i0.wp.com\/estrategica.com.co\/blog\/wp-content\/uploads\/2008\/12\/afficheroyal2007_01.jpg?resize=452%2C600\" alt=\"afficheroyal2007_01\" width=\"452\" height=\"600\" srcset=\"https:\/\/i0.wp.com\/estrategica.com.co\/blog\/wp-content\/uploads\/2008\/12\/afficheroyal2007_01.jpg?w=452&amp;ssl=1 452w, https:\/\/i0.wp.com\/estrategica.com.co\/blog\/wp-content\/uploads\/2008\/12\/afficheroyal2007_01.jpg?resize=226%2C300&amp;ssl=1 226w\" sizes=\"(max-width: 452px) 100vw, 452px\" data-recalc-dims=\"1\" \/><\/p>\n<p style=\"text-align: justify;\">S\u00e9gol\u00e8ne Royal pertenece a una generaci\u00f3n que no vivi\u00f3 la Segunda Guerra Mundial ni el pre\u00e1mbulo de la integraci\u00f3n europea. En el espectro pol\u00edtico de izquierda encarna el socialismo moderado. El esfuerzo electoral estuvo dirigido a persuadir el centro. La candidata era un fascinante desaf\u00edo para los estrategas y publicistas de la campa\u00f1a. Una mujer cautivante con un vocabulario que sab\u00eda como dirigirse a esos conservadores cat\u00f3licos que viven en los centros rurales de Francia. La hero\u00edna socialista que habla a nombre del pueblo tiene sus or\u00edgenes en un padre militar y una familia cat\u00f3lica con una moral casi puritana. Nada que ver con esos iconos de izquierda surgidos de la clase obrera o de las barricadas de la resistencia. Una sonrisa hermosa, una figura atractiva, car\u00e1cter y un apellido sonoro y con resonancia mon\u00e1rquica. El desaf\u00edo era modernizar un partido anquilosado, seducir el centro de la opini\u00f3n mientras sonaba cautivante a algunos conservadores rurales. Es la primera vez que una mujer llega a la segunda vuelta electoral. La campa\u00f1a no supo transformar los problemas de la sociedad francesa en un programa comunicable. La candidata se concentr\u00f3 en los valores de cambio de la sociedad pero una campa\u00f1a basada en valores no basta, la gente quiere cosas concretas: qu\u00e9 se va a hacer, cu\u00e1ndo se har\u00e1 y cu\u00e1nto cuesta hacerlo. S\u00e9gol\u00e8ne tampoco logr\u00f3 llegar a las elecciones con un partido s\u00f3lido y unificado. La fractura no fue en la base, que la sigui\u00f3, sino en la c\u00fapula tradicional, trasmitiendo a la poblaci\u00f3n una sensaci\u00f3n de vulnerabilidad que debilito el esp\u00edritu de triunfo y posiblemente hizo que migrara alg\u00fan voto blando hac\u00eda la derecha. La campa\u00f1a publicitaria de Royal oscila entre la vanguardia y la retaguardia, entre lo osado y lo prudente. La imagen central es una ilustraci\u00f3n en donde su rostro evoca a Marianne, la encarnaci\u00f3n de la Rep\u00fablica Francesa. Lamentablemente no fue la \u00fanica imagen de campa\u00f1a, hab\u00eda otras cinco, con igual n\u00famero de mensajes, es decir, el caos comunicativo. Esta parece ser la imagen para los socialistas, pues no solo tiene el s\u00edmbolo del partido sino el nombre de \u201cPartido Socialista\u201d con el termino partido muy peque\u00f1o y el socialista muy grande, lo cual deja traslucir el deseo de trascender la estructura partidista. Segolene en medio de la multitud, como una m\u00e1s, no en actitud de liderazgo sino de encuentro callejero. Las nubes encubren los dem\u00e1s rostros para que brille el de la candidata que se muestra jovial. Se da la sensaci\u00f3n de mitin pero para el ciudadano de la calle, que no va a concentraciones partidistas, seguramente le parece una aglomeraci\u00f3n. Curiosamente hay personas visualmente por encima de ella lo cual la hace ver como hundida, perdida en la multitud. Hay muchas tipograf\u00edas para tan poco espacio. El mensaje de cambio fuerte es peligros para sensibilizar al ciudadano de centro que no le gustan los estremecimientos. Es una imagen confusa en donde lo fuerte del cambio que se anuncia contrasta con la jovialidad de la mujer que muestra.<\/p>\n<p style=\"text-align: justify;\">\u00a0<\/p>\n","protected":false},"excerpt":{"rendered":"<p>S\u00e9gol\u00e8ne Royal pertenece a una generaci\u00f3n que no vivi\u00f3 la Segunda Guerra Mundial ni el pre\u00e1mbulo de la integraci\u00f3n europea. En el espectro pol\u00edtico de izquierda encarna el socialismo moderado. El esfuerzo electoral estuvo dirigido a persuadir el centro. La candidata era un fascinante desaf\u00edo para los estrategas y publicistas de la campa\u00f1a. Una mujer [&hellip;]<\/p>\n","protected":false},"author":2,"featured_media":59129,"comment_status":"open","ping_status":"open","sticky":false,"template":"","format":"standard","meta":{"_et_pb_use_builder":"","_et_pb_old_content":"","_et_gb_content_width":"","advanced_seo_description":"","jetpack_seo_html_title":"","jetpack_seo_noindex":false,"footnotes":""},"categories":[269,5,263,57,46,50,10,11],"tags":[52,65,53],"class_list":["post-122","post","type-post","status-publish","format-standard","has-post-thumbnail","hentry","category-269","category-afiches","category-ano","category-campana-presidencial","category-fotograficos","category-francia","category-geo","category-temas","tag-elecciones-2007","tag-partido-socialista-frances","tag-segolene-royal"],"jetpack_featured_media_url":"https:\/\/i0.wp.com\/estrategica.com.co\/blog\/wp-content\/uploads\/2008\/12\/Para-Que-el-Cambio-sea-Fuerte.jpg?fit=452%2C600&ssl=1","jetpack_shortlink":"https:\/\/wp.me\/p4wgsh-1Y","jetpack-related-posts":[{"id":126,"url":"https:\/\/estrategica.com.co\/blog\/segolene-royal-presidente\/","url_meta":{"origin":122,"position":0},"title":"S\u00e9gol\u00e9ne Royal Pr\u00e9sidente","author":"camilorojas","date":"diciembre 30, 2008","format":false,"excerpt":"S\u00e9gol\u00e8ne Royal pertenece a una generaci\u00f3n que no vivi\u00f3 la Segunda Guerra Mundial ni el pre\u00e1mbulo de la integraci\u00f3n europea. En el espectro pol\u00edtico de izquierda encarna el socialismo moderado. El esfuerzo electoral estuvo dirigido a persuadir el centro. La candidata era un fascinante desaf\u00edo para los estrategas y publicistas\u2026","rel":"","context":"En \u00ab2007\u00bb","block_context":{"text":"2007","link":"https:\/\/estrategica.com.co\/blog\/category\/ano\/2007\/"},"img":{"alt_text":"","src":"https:\/\/i0.wp.com\/estrategica.com.co\/blog\/wp-content\/uploads\/2008\/12\/S\u00e9gol\u00e9ne-Royal-Pr\u00e9sidente.jpg?fit=533%2C400&ssl=1&resize=350%2C200","width":350,"height":200},"classes":[]},{"id":7269,"url":"https:\/\/estrategica.com.co\/blog\/musica-de-campana-de-segolene-royal\/","url_meta":{"origin":122,"position":1},"title":"M\u00fasica de Campa\u00f1a de Segolene Royal","author":"Juliana","date":"marzo 21, 2009","format":false,"excerpt":"[hana-flv-player video=\"\/blog\/wp-content\/uploads\/2009\/01\/videos_varios_f\/Dailymotion2.flv\" width=\"550\" height=\"\" description=\"M\u00fasica de Campa\u00f1a de Segolene Royal\" clickurl=\"\" clicktarget=\"\" player=\"4\" autoplay=\"false\" loop=\"false\" autorewind=\"true\" splashimage=\"\" skin=\"\" \/] [icon color=\"Accent-Color\" size=\"regular\" image=\"steadysets-icon-chat\"] Contexto S\u00e9gol\u00e8ne Royal pertenece a una generaci\u00f3n que no vivi\u00f3 la Segunda Guerra Mundial ni el pre\u00e1mbulo de la integraci\u00f3n europea. En el espectro pol\u00edtico de izquierda\u2026","rel":"","context":"En \u00abCampa\u00f1a Presidencial\u00bb","block_context":{"text":"Campa\u00f1a Presidencial","link":"https:\/\/estrategica.com.co\/blog\/category\/temas\/campana-presidencial\/"},"img":{"alt_text":"","src":"https:\/\/i0.wp.com\/estrategica.com.co\/blog\/wp-content\/uploads\/2009\/03\/dailymotion2_thumb.png?fit=319%2C249&ssl=1&resize=350%2C200","width":350,"height":200},"classes":[]},{"id":153,"url":"https:\/\/estrategica.com.co\/blog\/la-presidente-de-francia\/","url_meta":{"origin":122,"position":2},"title":"La Presidente de Francia","author":"camilorojas","date":"diciembre 31, 2008","format":false,"excerpt":"S\u00e9gol\u00e8ne Royal pertenece a una generaci\u00f3n que no vivi\u00f3 la Segunda Guerra Mundial ni el pre\u00e1mbulo de la integraci\u00f3n europea. En el espectro pol\u00edtico de izquierda encarna el socialismo moderado. El esfuerzo electoral estuvo dirigido a persuadir el centro. La candidata era un fascinante desaf\u00edo para los estrategas y publicistas\u2026","rel":"","context":"En \u00ab2007\u00bb","block_context":{"text":"2007","link":"https:\/\/estrategica.com.co\/blog\/category\/ano\/2007\/"},"img":{"alt_text":"","src":"https:\/\/i0.wp.com\/estrategica.com.co\/blog\/wp-content\/uploads\/2008\/12\/La-Presidente-de-Francia.jpg?fit=278%2C374&ssl=1&resize=350%2C200","width":350,"height":200},"classes":[]},{"id":7277,"url":"https:\/\/estrategica.com.co\/blog\/dailymotion5\/","url_meta":{"origin":122,"position":3},"title":"Apelaci\u00f3n a los Socialistas &#8211; Segolene","author":"Juliana","date":"marzo 21, 2009","format":false,"excerpt":"[hana-flv-player video=\"\/blog\/wp-content\/uploads\/2009\/01\/videos_varios_f\/Dailymotion5.flv\" width=\"550\" height=\"\" description=\"Apelaci\u00f3n a los Socialistas - Segolene\" clickurl=\"\" clicktarget=\"\" player=\"4\" autoplay=\"false\" loop=\"false\" autorewind=\"true\" splashimage=\"\" skin=\"\" \/] [icon color=\"Accent-Color\" size=\"regular\" image=\"steadysets-icon-chat\"] Contexto S\u00e9gol\u00e8ne Royal pertenece a una generaci\u00f3n que no vivi\u00f3 la Segunda Guerra Mundial ni el pre\u00e1mbulo de la integraci\u00f3n europea. En el espectro pol\u00edtico de izquierda\u2026","rel":"","context":"En \u00abCampa\u00f1a Presidencial\u00bb","block_context":{"text":"Campa\u00f1a Presidencial","link":"https:\/\/estrategica.com.co\/blog\/category\/temas\/campana-presidencial\/"},"img":{"alt_text":"","src":"","width":0,"height":0},"classes":[]},{"id":118,"url":"https:\/\/estrategica.com.co\/blog\/le-changement\/","url_meta":{"origin":122,"position":4},"title":"El Cambio","author":"camilorojas","date":"diciembre 30, 2008","format":false,"excerpt":"S\u00e9gol\u00e8ne Royal pertenece a una generaci\u00f3n que no vivi\u00f3 la Segunda Guerra Mundial ni el pre\u00e1mbulo de la integraci\u00f3n europea. En el espectro pol\u00edtico de izquierda encarna el socialismo moderado. El esfuerzo electoral estuvo dirigido a persuadir el centro. La candidata era un fascinante desaf\u00edo para los estrategas y publicistas\u2026","rel":"","context":"En \u00ab2007\u00bb","block_context":{"text":"2007","link":"https:\/\/estrategica.com.co\/blog\/category\/ano\/2007\/"},"img":{"alt_text":"","src":"https:\/\/i0.wp.com\/estrategica.com.co\/blog\/wp-content\/uploads\/2008\/12\/El-Cambio.jpg?fit=227%2C300&ssl=1&resize=350%2C200","width":350,"height":200},"classes":[]},{"id":113,"url":"https:\/\/estrategica.com.co\/blog\/lavenir-de-tous-est-en-chacun-de-nous\/","url_meta":{"origin":122,"position":5},"title":"El Futuro de Todos esta en Nosotros Mismos","author":"camilorojas","date":"diciembre 30, 2008","format":false,"excerpt":"S\u00e9gol\u00e8ne Royal pertenece a una generaci\u00f3n que no vivi\u00f3 la Segunda Guerra Mundial ni el pre\u00e1mbulo de la integraci\u00f3n europea. En el espectro pol\u00edtico de izquierda encarna el socialismo moderado. El esfuerzo electoral estuvo dirigido a persuadir el centro. La candidata era un fascinante desaf\u00edo para los estrategas y publicistas\u2026","rel":"","context":"En \u00ab2007\u00bb","block_context":{"text":"2007","link":"https:\/\/estrategica.com.co\/blog\/category\/ano\/2007\/"},"img":{"alt_text":"","src":"https:\/\/i0.wp.com\/estrategica.com.co\/blog\/wp-content\/uploads\/2008\/12\/El-Futuro-de-Todos-esta-en-Nosotros-Mismos.jpg?fit=518%2C390&ssl=1&resize=350%2C200","width":350,"height":200},"classes":[]}],"jetpack_sharing_enabled":true,"_links":{"self":[{"href":"https:\/\/estrategica.com.co\/blog\/wp-json\/wp\/v2\/posts\/122","targetHints":{"allow":["GET"]}}],"collection":[{"href":"https:\/\/estrategica.com.co\/blog\/wp-json\/wp\/v2\/posts"}],"about":[{"href":"https:\/\/estrategica.com.co\/blog\/wp-json\/wp\/v2\/types\/post"}],"author":[{"embeddable":true,"href":"https:\/\/estrategica.com.co\/blog\/wp-json\/wp\/v2\/users\/2"}],"replies":[{"embeddable":true,"href":"https:\/\/estrategica.com.co\/blog\/wp-json\/wp\/v2\/comments?post=122"}],"version-history":[{"count":7,"href":"https:\/\/estrategica.com.co\/blog\/wp-json\/wp\/v2\/posts\/122\/revisions"}],"predecessor-version":[{"id":4018,"href":"https:\/\/estrategica.com.co\/blog\/wp-json\/wp\/v2\/posts\/122\/revisions\/4018"}],"wp:featuredmedia":[{"embeddable":true,"href":"https:\/\/estrategica.com.co\/blog\/wp-json\/wp\/v2\/media\/59129"}],"wp:attachment":[{"href":"https:\/\/estrategica.com.co\/blog\/wp-json\/wp\/v2\/media?parent=122"}],"wp:term":[{"taxonomy":"category","embeddable":true,"href":"https:\/\/estrategica.com.co\/blog\/wp-json\/wp\/v2\/categories?post=122"},{"taxonomy":"post_tag","embeddable":true,"href":"https:\/\/estrategica.com.co\/blog\/wp-json\/wp\/v2\/tags?post=122"}],"curies":[{"name":"wp","href":"https:\/\/api.w.org\/{rel}","templated":true}]}}