{"id":12205,"date":"2009-04-22T00:51:50","date_gmt":"2009-04-22T00:51:50","guid":{"rendered":"http:\/\/estrategica.com.co\/blog\/?p=12205"},"modified":"2015-02-24T16:32:24","modified_gmt":"2015-02-24T21:32:24","slug":"las-posiciones-de-jim-walsh-accion-mayoritaria","status":"publish","type":"post","link":"https:\/\/estrategica.com.co\/blog\/las-posiciones-de-jim-walsh-accion-mayoritaria\/","title":{"rendered":"Las posiciones de Jim Walsh &#8211; Acci\u00f3n Mayoritaria"},"content":{"rendered":"<p> <script type='text\/javascript' src='https:\/\/estrategica.com.co\/blog\/wp-content\/plugins\/hana-flv-player\/flowplayer3\/example\/flowplayer-3.2.6.min.js'><\/script>\n<div >\n<div id='hana_flv_flow3_1' style='display:block;width:550px;height:413px;background-color:#555555;color:#ffffff;padding:0' title=\"*Video:las posiciones de jim walsh - acci\u00f3n mayoritaria\"><\/div>\n<\/div>\n\n<script  type='text\/javascript'>\nif (typeof g_hanaFlash !== 'undefined' && !g_hanaFlash){\n    jQuery('#hana_flv_flow3_1').css( 'padding', '5px' );\n\tjQuery('#hana_flv_flow3_1').html(\"<span class='inactive_message' style='display:block'>Sorry, your browser does not support Flash Video Player<\/span> *Video:las posiciones de jim walsh - acci\u00f3n mayoritaria\");\n}else{\t\t\t\n\t\tflowplayer('hana_flv_flow3_1', { src: 'https:\/\/estrategica.com.co\/blog\/wp-content\/plugins\/hana-flv-player\/flowplayer3\/flowplayer-3.2.7.swf', wmode: 'transparent' }, { \n\n\t\t\tcanvas: { backgroundColor: '#000000', backgroundGradient: 'none',},\n    \t\tclip:  { \n    \t\t\turl: '\/blog\/wp-content\/uploads\/2009\/01\/carpeta_muchos_varios\/USAMajorityAction06.flv',\n        \t\tscaling: 'fit', autoPlay: false, autoBuffering: true \n\t\t\t\t   , onFinish : function () { this.seek(0); }  \n\n\t        }\n\n\t\t});\n}\n<\/script><br \/>\n<\/br><\/p>\n<p>[icon color=\u00bbAccent-Color\u00bb size=\u00bbregular\u00bb image=\u00bbsteadysets-icon-chat\u00bb] <strong>Contexto<\/strong><\/br><\/br><\/p>\n<p style=\"text-align: justify;\">Spot de la campa\u00f1a del grupo \u201cAcci\u00f3n Mayoritaria\u201d contra las posiciones adoptadas por el Congresista republicano James Thomas \u00abJim\u00bb Walsh en la C\u00e1mara de Representantes en representaci\u00f3n de la comunidad de Syracuse, New York. El gui\u00f3n del spot, en espa\u00f1ol, es el siguiente: JOVEN: El pr\u00f3ximo verano ir\u00e9 de camping con mis amigos. De regreso a casa, sufrir\u00e9 un accidente de tr\u00e1fico y quedare paral\u00edtico de por vida. MUJER: Dentro de 20 a\u00f1os tendr\u00e9 Alzhaimer. No reconocer\u00e9 a mi marido ni a mis hijos. NI\u00d1A: La semana que viene mi mami y mi papi descubrir\u00e1n que tengo diabetes. MUJER: Este es mi congresista. NI\u00d1A: Jim Walsh. JOVEN: Vot\u00f3 contra la concesi\u00f3n de fondos para la investigaci\u00f3n con c\u00e9lulas madre. MUJER: \u00bfEs Medico? JOVEN: \u00bfEs cient\u00edfico? MUJER: \u00bfPor qu\u00e9 Walsh se jug\u00f3 mi vida como si supiera lo que me conviene? JOVEN: Ay\u00fadame. NI\u00d1A: Ay\u00fadame. MUJER: Qui\u00e9n sabe, puede que yo sea tu madre. JOVEN: Puede que yo sea tu nieto. NI\u00d1A: Puede que yo sea tu hija. MUJER: C\u00f3mo sabes que no soy tu. JOVEN: La investigaci\u00f3n con c\u00e9lulas madre podr\u00eda salvar vidas, puede que la tuya o la de tu familia. La de alguien que quieres. S\u00f3lo que el congresista Walsh dijo que \u201cNo\u201d. NI\u00d1A: Porqu\u00e9 cree que puede decidir qui\u00e9n vive y qui\u00e9n no. \u00bfQui\u00e9n es \u00e9l? NARRADOR Y TEXTO EN PANTALLA: Dile al congresista Walsh que primero est\u00e1n nuestras familias..<\/p><\/p>\n","protected":false},"excerpt":{"rendered":"<p>*Video: las posiciones de jim walsh &#8211; acci\u00f3n mayoritaria [icon color=\u00bbAccent-Color\u00bb size=\u00bbregular\u00bb image=\u00bbsteadysets-icon-chat\u00bb] Contexto Spot de la campa\u00f1a del grupo \u201cAcci\u00f3n Mayoritaria\u201d contra las posiciones adoptadas por el Congresista republicano James Thomas \u00abJim\u00bb Walsh en la C\u00e1mara de Representantes en representaci\u00f3n de la comunidad de Syracuse, New York. El gui\u00f3n del spot, en espa\u00f1ol, es [&hellip;]<\/p>\n","protected":false},"author":5,"featured_media":12208,"comment_status":"open","ping_status":"open","sticky":false,"template":"","format":"standard","meta":{"_et_pb_use_builder":"","_et_pb_old_content":"","_et_gb_content_width":"","advanced_seo_description":"","jetpack_seo_html_title":"","jetpack_seo_noindex":false,"footnotes":""},"categories":[264,263,27,64,10,35,11,3],"tags":[467,119],"class_list":["post-12205","post","type-post","status-publish","format-standard","has-post-thumbnail","hentry","category-264","category-ano","category-divulgacion-politica","category-estados-unidos","category-geo","category-mensaje-politico","category-temas","category-video","tag-jim-walsh","tag-partido-republicano"],"jetpack_featured_media_url":"https:\/\/i0.wp.com\/estrategica.com.co\/blog\/wp-content\/uploads\/2009\/04\/usamajorityaction06_thumb.png?fit=228%2C153&ssl=1","jetpack_shortlink":"https:\/\/wp.me\/p4wgsh-3aR","jetpack-related-posts":[{"id":35200,"url":"https:\/\/estrategica.com.co\/blog\/inhofesixstrikes\/","url_meta":{"origin":12205,"position":0},"title":"Seis Golpes &#8211; Inhofe","author":"Juliana","date":"agosto 6, 2012","format":false,"excerpt":"[hana-flv-player video=\"\/blog\/wp-content\/uploads\/2009\/01\/20111213\/InhofeSixStrikes.flv\" width=\"550\" height=\"\" description=\"Seis Golpes - Inhofe\" clickurl=\"\" clicktarget=\"\" player=\"4\" autoplay=\"false\" loop=\"false\" autorewind=\"false\" splashimage=\"\" skin=\"\" \/] [icon color=\"Accent-Color\" size=\"regular\" image=\"steadysets-icon-chat\"] Contexto Spot de la Campa\u00f1a de James Mountain \"Jim\" Inhofe al Senado de los Estados Unidos en representaci\u00f3n de Oklahoma durante la contienda electoral de 2008, a nombre del\u2026","rel":"","context":"En \u00ab2008\u00bb","block_context":{"text":"2008","link":"https:\/\/estrategica.com.co\/blog\/category\/ano\/2008\/"},"img":{"alt_text":"","src":"https:\/\/i0.wp.com\/estrategica.com.co\/blog\/wp-content\/uploads\/2012\/08\/InhofeSixStrikes_tumb.png?fit=835%2C521&ssl=1&resize=350%2C200","width":350,"height":200},"classes":[]},{"id":5530,"url":"https:\/\/estrategica.com.co\/blog\/jim-johnson-mccain\/","url_meta":{"origin":12205,"position":1},"title":"Jim Johnson &#8211; McCain","author":"Juliana","date":"mayo 1, 2009","format":false,"excerpt":"[hana-flv-player video=\"\/blog\/wp-content\/uploads\/2009\/01\/CONVERTIDOS_USA\/Jim_Johnson.flv\" width=\"550\" height=\"\" description=\"Jim Johnson - McCain\" clickurl=\"\" clicktarget=\"\" player=\"4\" autoplay=\"false\" loop=\"false\" autorewind=\"true\" splashimage=\"\" skin=\"\" \/] [icon color=\"Accent-Color\" size=\"regular\" image=\"steadysets-icon-chat\"] Contexto Spot de campa\u00f1a de John McCain en las elecciones de 2008. El candidato es un h\u00e9roe americano, anciano y vinculado a unos de los gobiernos m\u00e1s desprestigiados de\u2026","rel":"","context":"En \u00abCampa\u00f1a Presidencial\u00bb","block_context":{"text":"Campa\u00f1a Presidencial","link":"https:\/\/estrategica.com.co\/blog\/category\/temas\/campana-presidencial\/"},"img":{"alt_text":"","src":"","width":0,"height":0},"classes":[]},{"id":35306,"url":"https:\/\/estrategica.com.co\/blog\/gregoirerealpeoplejimlortz\/","url_meta":{"origin":12205,"position":2},"title":"Gente Real &#8211; Jim Lortz &#8211; Gregoire","author":"Juliana","date":"agosto 3, 2012","format":false,"excerpt":"[hana-flv-player video=\"\/blog\/wp-content\/uploads\/2009\/01\/20111213\/GregoireRealPeopleJimLortz.flv\" width=\"550\" height=\"\" description=\"Gente Real - Jim Lortz - Gregoire\" clickurl=\"\" clicktarget=\"\" player=\"4\" autoplay=\"false\" loop=\"false\" autorewind=\"false\" splashimage=\"\" skin=\"\" \/] [icon color=\"Accent-Color\" size=\"regular\" image=\"steadysets-icon-chat\"] Contexto Spot de la Campa\u00f1a Christine O'Grady Gregoire a la Gobernaci\u00f3n del Estado de Washington durante la contienda electoral de 2008, a nombre del Partido Dem\u00f3crata.\u2026","rel":"","context":"En \u00ab2008\u00bb","block_context":{"text":"2008","link":"https:\/\/estrategica.com.co\/blog\/category\/ano\/2008\/"},"img":{"alt_text":"","src":"https:\/\/i0.wp.com\/estrategica.com.co\/blog\/wp-content\/uploads\/2012\/08\/GregoireRealPeopleJimLortz_thumb.png?fit=901%2C542&ssl=1&resize=350%2C200","width":350,"height":200},"classes":[]},{"id":12201,"url":"https:\/\/estrategica.com.co\/blog\/aborto-jim-doyle\/","url_meta":{"origin":12205,"position":3},"title":"Aborto &#8211; Jim Doyle","author":"Juliana","date":"abril 19, 2009","format":false,"excerpt":"[hana-flv-player video=\"\/blog\/wp-content\/uploads\/2009\/01\/carpeta_muchos_varios\/USAJimDoyleLawton06.flv\" width=\"550\" height=\"\" description=\"Aborto - Jim Doyle\" clickurl=\"\" clicktarget=\"\" player=\"4\" autoplay=\"false\" loop=\"false\" autorewind=\"true\" splashimage=\"\" skin=\"\" \/] [icon color=\"Accent-Color\" size=\"regular\" image=\"steadysets-icon-chat\"] Contexto Spot de la campa\u00f1a de Jim Doyle contra el congresista Mark Green. Doyle estaba postulado a la gobernaci\u00f3n de Wisconsin y derrot\u00f3 al entonces gobernador Scott McCallum. El\u2026","rel":"","context":"En \u00abCampa\u00f1a Uninominal\u00bb","block_context":{"text":"Campa\u00f1a Uninominal","link":"https:\/\/estrategica.com.co\/blog\/category\/temas\/campana-uninominal\/"},"img":{"alt_text":"","src":"","width":0,"height":0},"classes":[]},{"id":34752,"url":"https:\/\/estrategica.com.co\/blog\/martinservice\/","url_meta":{"origin":12205,"position":4},"title":"Servicio &#8211; Mart\u00edn","author":"Juliana","date":"julio 30, 2012","format":false,"excerpt":"[hana-flv-player video=\"\/blog\/wp-content\/uploads\/2009\/01\/20111213\/MartinService.flv\" width=\"550\" height=\"\" description=\"Servicio - Mart\u00edn\" clickurl=\"\" clicktarget=\"\" player=\"4\" autoplay=\"false\" loop=\"false\" autorewind=\"false\" splashimage=\"\" skin=\"\" \/] [icon color=\"Accent-Color\" size=\"regular\" image=\"steadysets-icon-chat\"] Contexto Spot de la campa\u00f1a de James Francis \"Jim\" Mart\u00edn al Senado durante la contienda electoral de 2008, a nombre del Partido Dem\u00f3crata. Enfrent\u00f3 al Senador en ejercicio Saxby Chambliss\u2026","rel":"","context":"En \u00ab2008\u00bb","block_context":{"text":"2008","link":"https:\/\/estrategica.com.co\/blog\/category\/ano\/2008\/"},"img":{"alt_text":"","src":"https:\/\/i0.wp.com\/estrategica.com.co\/blog\/wp-content\/uploads\/2012\/07\/MartinService_thumb.png?fit=883%2C535&ssl=1&resize=350%2C200","width":350,"height":200},"classes":[]},{"id":34764,"url":"https:\/\/estrategica.com.co\/blog\/martinhonor\/","url_meta":{"origin":12205,"position":5},"title":"Honor &#8211; Mart\u00edn","author":"Juliana","date":"julio 30, 2012","format":false,"excerpt":"[hana-flv-player video=\"\/blog\/wp-content\/uploads\/2009\/01\/20111213\/MartinHonor.flv\" width=\"550\" height=\"\" description=\"Honor - Mart\u00edn \" clickurl=\"\" clicktarget=\"\" player=\"4\" autoplay=\"false\" loop=\"false\" autorewind=\"false\" splashimage=\"\" skin=\"\" \/] [icon color=\"Accent-Color\" size=\"regular\" image=\"steadysets-icon-chat\"] Contexto Spot de la campa\u00f1a de James Francis \"Jim\" Mart\u00edn al Senado durante la contienda electoral de 2008, a nombre del Partido Dem\u00f3crata. Enfrent\u00f3 al Senador en ejercicio Saxby\u2026","rel":"","context":"En \u00ab2008\u00bb","block_context":{"text":"2008","link":"https:\/\/estrategica.com.co\/blog\/category\/ano\/2008\/"},"img":{"alt_text":"","src":"https:\/\/i0.wp.com\/estrategica.com.co\/blog\/wp-content\/uploads\/2012\/07\/MartinHonor_thumb.png?fit=880%2C554&ssl=1&resize=350%2C200","width":350,"height":200},"classes":[]}],"jetpack_sharing_enabled":true,"_links":{"self":[{"href":"https:\/\/estrategica.com.co\/blog\/wp-json\/wp\/v2\/posts\/12205","targetHints":{"allow":["GET"]}}],"collection":[{"href":"https:\/\/estrategica.com.co\/blog\/wp-json\/wp\/v2\/posts"}],"about":[{"href":"https:\/\/estrategica.com.co\/blog\/wp-json\/wp\/v2\/types\/post"}],"author":[{"embeddable":true,"href":"https:\/\/estrategica.com.co\/blog\/wp-json\/wp\/v2\/users\/5"}],"replies":[{"embeddable":true,"href":"https:\/\/estrategica.com.co\/blog\/wp-json\/wp\/v2\/comments?post=12205"}],"version-history":[{"count":7,"href":"https:\/\/estrategica.com.co\/blog\/wp-json\/wp\/v2\/posts\/12205\/revisions"}],"predecessor-version":[{"id":46628,"href":"https:\/\/estrategica.com.co\/blog\/wp-json\/wp\/v2\/posts\/12205\/revisions\/46628"}],"wp:featuredmedia":[{"embeddable":true,"href":"https:\/\/estrategica.com.co\/blog\/wp-json\/wp\/v2\/media\/12208"}],"wp:attachment":[{"href":"https:\/\/estrategica.com.co\/blog\/wp-json\/wp\/v2\/media?parent=12205"}],"wp:term":[{"taxonomy":"category","embeddable":true,"href":"https:\/\/estrategica.com.co\/blog\/wp-json\/wp\/v2\/categories?post=12205"},{"taxonomy":"post_tag","embeddable":true,"href":"https:\/\/estrategica.com.co\/blog\/wp-json\/wp\/v2\/tags?post=12205"}],"curies":[{"name":"wp","href":"https:\/\/api.w.org\/{rel}","templated":true}]}}