{"id":12217,"date":"2009-04-19T18:05:10","date_gmt":"2009-04-19T18:05:10","guid":{"rendered":"http:\/\/estrategica.com.co\/blog\/?p=12217"},"modified":"2015-02-25T09:53:26","modified_gmt":"2015-02-25T14:53:26","slug":"marihuana-terapeutica-partido-nacional-libertario","status":"publish","type":"post","link":"https:\/\/estrategica.com.co\/blog\/marihuana-terapeutica-partido-nacional-libertario\/","title":{"rendered":"Marihuana Terap\u00e9utica &#8211; Partido Nacional Libertario"},"content":{"rendered":"<p> <script type='text\/javascript' src='https:\/\/estrategica.com.co\/blog\/wp-content\/plugins\/hana-flv-player\/flowplayer3\/example\/flowplayer-3.2.6.min.js'><\/script>\n<div >\n<div id='hana_flv_flow3_1' style='display:block;width:550px;height:413px;background-color:#555555;color:#ffffff;padding:0' title=\"*Video:marihuana terap\u00e9utica - partido nacional libertario\"><\/div>\n<\/div>\n\n<script  type='text\/javascript'>\nif (typeof g_hanaFlash !== 'undefined' && !g_hanaFlash){\n    jQuery('#hana_flv_flow3_1').css( 'padding', '5px' );\n\tjQuery('#hana_flv_flow3_1').html(\"<span class='inactive_message' style='display:block'>Sorry, your browser does not support Flash Video Player<\/span> *Video:marihuana terap\u00e9utica - partido nacional libertario\");\n}else{\t\t\t\n\t\tflowplayer('hana_flv_flow3_1', { src: 'https:\/\/estrategica.com.co\/blog\/wp-content\/plugins\/hana-flv-player\/flowplayer3\/flowplayer-3.2.7.swf', wmode: 'transparent' }, { \n\n\t\t\tcanvas: { backgroundColor: '#000000', backgroundGradient: 'none',},\n    \t\tclip:  { \n    \t\t\turl: '\/blog\/wp-content\/uploads\/2009\/01\/carpeta_muchos_varios\/USANationalLibertarianParty02.flv',\n        \t\tscaling: 'fit', autoPlay: false, autoBuffering: true \n\t\t\t\t   , onFinish : function () { this.seek(0); }  \n\n\t        }\n\n\t\t});\n}\n<\/script><br \/>\n<\/br><\/p>\n<p>[icon color=\u00bbAccent-Color\u00bb size=\u00bbregular\u00bb image=\u00bbsteadysets-icon-chat\u00bb] <strong>Contexto<\/strong><\/br><\/br><\/p>\n<p style=\"text-align: justify;\">Spot del Partido Nacional Libertario para las elecciones congresionales de 2002. En ella aparece una mujer, Carol Millar, criticando la postura del representante republicano Bob Barr en torno al uso terap\u00e9utico de la Marihuana. Curiosamente Barr fue republicano hasta el 2003 y fue nominado candidato a la presidencia por el Partido Libertario en el a\u00f1o 2008. El gui\u00f3n del spot que vemos, en espa\u00f1ol, es el siguiente: \u201cSoy Carol Millar, sufro esclerosos m\u00faltiple. Tomo marihuana m\u00e9dica. Bob Barr cree que deber\u00eda estar en la c\u00e1rcel por tomar mi medicina. \u00bfPor qu\u00e9 vas a hacerme eso Bob? Cuando la guerra contra las drogas es contra nuestros enfermos y moribundos, es que ya hemos llegado muy lejos, y eso es lo que hace Bob Barr. \u00bfPor qu\u00e9 vas a hacerme eso Bob?\u201d.<\/p><\/p>\n","protected":false},"excerpt":{"rendered":"<p>*Video: marihuana terap\u00e9utica &#8211; partido nacional libertario [icon color=\u00bbAccent-Color\u00bb size=\u00bbregular\u00bb image=\u00bbsteadysets-icon-chat\u00bb] Contexto Spot del Partido Nacional Libertario para las elecciones congresionales de 2002. En ella aparece una mujer, Carol Millar, criticando la postura del representante republicano Bob Barr en torno al uso terap\u00e9utico de la Marihuana. Curiosamente Barr fue republicano hasta el 2003 y fue [&hellip;]<\/p>\n","protected":false},"author":5,"featured_media":12218,"comment_status":"open","ping_status":"open","sticky":false,"template":"","format":"standard","meta":{"_et_pb_use_builder":"","_et_pb_old_content":"","_et_gb_content_width":"","advanced_seo_description":"","jetpack_seo_html_title":"","jetpack_seo_noindex":false,"footnotes":""},"categories":[58,34,64,10,11,3],"tags":[456,104,457],"class_list":["post-12217","post","type-post","status-publish","format-standard","has-post-thumbnail","hentry","category-campana-colegiada","category-electoral","category-estados-unidos","category-geo","category-temas","category-video","tag-bob-barr","tag-elecciones-2002","tag-partido-nacional-libertario"],"jetpack_featured_media_url":"https:\/\/i0.wp.com\/estrategica.com.co\/blog\/wp-content\/uploads\/2009\/04\/usanationallibertarianparty02_thumb.png?fit=255%2C197&ssl=1","jetpack_shortlink":"https:\/\/wp.me\/p4wgsh-3b3","jetpack-related-posts":[{"id":35318,"url":"https:\/\/estrategica.com.co\/blog\/gravelhelterskelterx\/","url_meta":{"origin":12217,"position":0},"title":"Partido Libertario &#8211; Helter","author":"Juliana","date":"agosto 4, 2012","format":false,"excerpt":"[hana-flv-player video=\"\/blog\/wp-content\/uploads\/2009\/01\/20111213\/GravelHelterSkelterX.flv\" width=\"550\" height=\"\" description=\"Partido Libertario - Helter\" clickurl=\"\" clicktarget=\"\" player=\"4\" autoplay=\"false\" loop=\"false\" autorewind=\"false\" splashimage=\"\" skin=\"\" \/] [icon color=\"Accent-Color\" size=\"regular\" image=\"steadysets-icon-chat\"] Contexto Video de la campa\u00f1a de Mike Gravel a la Nominaci\u00f3n para la Presidencia de los Estados Unidos, durante la contienda electoral de 2008, a nombre del Partido Libertario.","rel":"","context":"En \u00ab2008\u00bb","block_context":{"text":"2008","link":"https:\/\/estrategica.com.co\/blog\/category\/ano\/2008\/"},"img":{"alt_text":"","src":"https:\/\/i0.wp.com\/estrategica.com.co\/blog\/wp-content\/uploads\/2012\/08\/GravelHelterSkelterX_thumb.png?fit=849%2C655&ssl=1&resize=350%2C200","width":350,"height":200},"classes":[]},{"id":22722,"url":"https:\/\/estrategica.com.co\/blog\/pregoneroanunciocampaaottn2010\/","url_meta":{"origin":12217,"position":1},"title":"Vendedor de Periodicos &#8211; Guevara","author":"Juliana","date":"noviembre 7, 2010","format":false,"excerpt":"[hana-flv-player video=\"\/blog\/wp-content\/uploads\/2009\/01\/20100628\/PREGONEROAnuncioCampaaOTTN2010.flv\" width=\"550\" height=\"\" description=\"Vendedor de Periodicos - Guevara\" clickurl=\"\" clicktarget=\"\" player=\"4\" autoplay=\"false\" loop=\"false\" autorewind=\"true\" splashimage=\"\" skin=\"\" \/] [icon color=\"Accent-Color\" size=\"regular\" image=\"steadysets-icon-chat\"] Contexto Spot de la campa\u00f1a de Otto Guevara a la Presidencia de Costa Rica durante la contienda de 2010, a nombre del Movimiento Libertario. La estrategia gir\u00f3 en\u2026","rel":"","context":"En \u00ab2010\u00bb","block_context":{"text":"2010","link":"https:\/\/estrategica.com.co\/blog\/category\/ano\/2010\/"},"img":{"alt_text":"","src":"https:\/\/i0.wp.com\/estrategica.com.co\/blog\/wp-content\/uploads\/2010\/07\/PREGONEROAnuncioCampaaOTTN2010_thumb.png?fit=439%2C375&ssl=1&resize=350%2C200","width":350,"height":200},"classes":[]},{"id":22728,"url":"https:\/\/estrategica.com.co\/blog\/pregunta2\/","url_meta":{"origin":12217,"position":2},"title":"Pregunta &#8211; Guevara","author":"Juliana","date":"noviembre 7, 2010","format":false,"excerpt":"[hana-flv-player video=\"\/blog\/wp-content\/uploads\/2009\/01\/20100628\/Pregunta2.flv\" width=\"550\" height=\"\" description=\"Pregunta - Guevara\" clickurl=\"\" clicktarget=\"\" player=\"4\" autoplay=\"false\" loop=\"false\" autorewind=\"true\" splashimage=\"\" skin=\"\" \/] [icon color=\"Accent-Color\" size=\"regular\" image=\"steadysets-icon-chat\"] Contexto Spot de la campa\u00f1a de Otto Guevara a la Presidencia de Costa Rica durante la contienda de 2010, a nombre del Movimiento Libertario. La estrategia gir\u00f3 en torno a\u2026","rel":"","context":"En \u00ab2010\u00bb","block_context":{"text":"2010","link":"https:\/\/estrategica.com.co\/blog\/category\/ano\/2010\/"},"img":{"alt_text":"","src":"https:\/\/i0.wp.com\/estrategica.com.co\/blog\/wp-content\/uploads\/2010\/07\/Pregunta2_thumb.png?fit=557%2C460&ssl=1&resize=350%2C200","width":350,"height":200},"classes":[]},{"id":35241,"url":"https:\/\/estrategica.com.co\/blog\/hulshofmud\/","url_meta":{"origin":12217,"position":3},"title":"Barro &#8211; Hulshof","author":"Juliana","date":"agosto 4, 2012","format":false,"excerpt":"[hana-flv-player video=\"\/blog\/wp-content\/uploads\/2009\/01\/20111213\/HulshofMud.flv\" width=\"550\" height=\"\" description=\"Barro - Hulshof\" clickurl=\"\" clicktarget=\"\" player=\"4\" autoplay=\"false\" loop=\"false\" autorewind=\"false\" splashimage=\"\" skin=\"\" \/] [icon color=\"Accent-Color\" size=\"regular\" image=\"steadysets-icon-chat\"] Contexto Spot de la Campa\u00f1a de Kenneth C. \"Kenny\" Hulshof a la Gobernaci\u00f3n de Missouri durante la contienda electoral de 2008, a nombre del Partido Republicano. Hulshof enfrent\u00f3 al Dem\u00f3crata\u2026","rel":"","context":"En \u00ab2008\u00bb","block_context":{"text":"2008","link":"https:\/\/estrategica.com.co\/blog\/category\/ano\/2008\/"},"img":{"alt_text":"","src":"https:\/\/i0.wp.com\/estrategica.com.co\/blog\/wp-content\/uploads\/2012\/08\/HulshofMud_thumb.png?fit=789%2C465&ssl=1&resize=350%2C200","width":350,"height":200},"classes":[]},{"id":33455,"url":"https:\/\/estrategica.com.co\/blog\/secretballot\/","url_meta":{"origin":12217,"position":4},"title":"Votaci\u00f3n Secreta &#8211; Udall","author":"Juliana","date":"junio 6, 2012","format":false,"excerpt":"[hana-flv-player video=\"\/blog\/wp-content\/uploads\/2009\/01\/20111213\/SecretBallot.flv\" width=\"550\" height=\"\" description=\"Votaci\u00f3n Secreta - Udall\" clickurl=\"\" clicktarget=\"\" player=\"4\" autoplay=\"false\" loop=\"false\" autorewind=\"false\" splashimage=\"\" skin=\"\" \/] [icon color=\"Accent-Color\" size=\"regular\" image=\"steadysets-icon-chat\"] Contexto Spot de la campa\u00f1a al senado nacional por Colorado de Mark Udall a nombre del partido dem\u00f3crata, durante la contienda electoral de 2008. Udall debi\u00f3 enfrentar al candidato\u2026","rel":"","context":"En \u00ab2008\u00bb","block_context":{"text":"2008","link":"https:\/\/estrategica.com.co\/blog\/category\/ano\/2008\/"},"img":{"alt_text":"","src":"https:\/\/i0.wp.com\/estrategica.com.co\/blog\/wp-content\/uploads\/2012\/03\/SecretBallot_thumb.png?fit=588%2C387&ssl=1&resize=350%2C200","width":350,"height":200},"classes":[]},{"id":34664,"url":"https:\/\/estrategica.com.co\/blog\/meetbigoilbob\/","url_meta":{"origin":12217,"position":5},"title":"Conozca a Big Oil &#8211; Udall","author":"Juliana","date":"agosto 22, 2012","format":false,"excerpt":"[hana-flv-player video=\"\/blog\/wp-content\/uploads\/2009\/01\/20111213\/MeetBigOilBob.flv\" width=\"550\" height=\"\" description=\"Conozca a Big Oil - Udall\" clickurl=\"\" clicktarget=\"\" player=\"4\" autoplay=\"false\" loop=\"false\" autorewind=\"false\" splashimage=\"\" skin=\"\" \/] [icon color=\"Accent-Color\" size=\"regular\" image=\"steadysets-icon-chat\"] Contexto Spot de la campa\u00f1a al senado nacional por Colorado de Mark Udall a nombre del partido dem\u00f3crata, durante la contienda electoral de 2008. Udall debi\u00f3 enfrentar\u2026","rel":"","context":"En \u00ab2008\u00bb","block_context":{"text":"2008","link":"https:\/\/estrategica.com.co\/blog\/category\/ano\/2008\/"},"img":{"alt_text":"","src":"https:\/\/i0.wp.com\/estrategica.com.co\/blog\/wp-content\/uploads\/2012\/07\/MeetBigOilBob_thumb.png?fit=920%2C729&ssl=1&resize=350%2C200","width":350,"height":200},"classes":[]}],"jetpack_sharing_enabled":true,"_links":{"self":[{"href":"https:\/\/estrategica.com.co\/blog\/wp-json\/wp\/v2\/posts\/12217","targetHints":{"allow":["GET"]}}],"collection":[{"href":"https:\/\/estrategica.com.co\/blog\/wp-json\/wp\/v2\/posts"}],"about":[{"href":"https:\/\/estrategica.com.co\/blog\/wp-json\/wp\/v2\/types\/post"}],"author":[{"embeddable":true,"href":"https:\/\/estrategica.com.co\/blog\/wp-json\/wp\/v2\/users\/5"}],"replies":[{"embeddable":true,"href":"https:\/\/estrategica.com.co\/blog\/wp-json\/wp\/v2\/comments?post=12217"}],"version-history":[{"count":6,"href":"https:\/\/estrategica.com.co\/blog\/wp-json\/wp\/v2\/posts\/12217\/revisions"}],"predecessor-version":[{"id":60641,"href":"https:\/\/estrategica.com.co\/blog\/wp-json\/wp\/v2\/posts\/12217\/revisions\/60641"}],"wp:featuredmedia":[{"embeddable":true,"href":"https:\/\/estrategica.com.co\/blog\/wp-json\/wp\/v2\/media\/12218"}],"wp:attachment":[{"href":"https:\/\/estrategica.com.co\/blog\/wp-json\/wp\/v2\/media?parent=12217"}],"wp:term":[{"taxonomy":"category","embeddable":true,"href":"https:\/\/estrategica.com.co\/blog\/wp-json\/wp\/v2\/categories?post=12217"},{"taxonomy":"post_tag","embeddable":true,"href":"https:\/\/estrategica.com.co\/blog\/wp-json\/wp\/v2\/tags?post=12217"}],"curies":[{"name":"wp","href":"https:\/\/api.w.org\/{rel}","templated":true}]}}