{"id":12277,"date":"2009-05-16T13:49:06","date_gmt":"2009-05-16T18:49:06","guid":{"rendered":"http:\/\/estrategica.com.co\/blog\/?p=12277"},"modified":"2015-02-12T12:00:12","modified_gmt":"2015-02-12T17:00:12","slug":"arbusto-fundacion-septiembre","status":"publish","type":"post","link":"https:\/\/estrategica.com.co\/blog\/arbusto-fundacion-septiembre\/","title":{"rendered":"Arbusto &#8211; Fundaci\u00f3n Septiembre"},"content":{"rendered":"<p> <script type='text\/javascript' src='https:\/\/estrategica.com.co\/blog\/wp-content\/plugins\/hana-flv-player\/flowplayer3\/example\/flowplayer-3.2.6.min.js'><\/script>\n<div >\n<div id='hana_flv_flow3_1' style='display:block;width:550px;height:413px;background-color:#555555;color:#ffffff;padding:0' title=\"*Video:arbusto - fundaci\u00f3n septiembre\"><\/div>\n<\/div>\n\n<script  type='text\/javascript'>\nif (typeof g_hanaFlash !== 'undefined' && !g_hanaFlash){\n    jQuery('#hana_flv_flow3_1').css( 'padding', '5px' );\n\tjQuery('#hana_flv_flow3_1').html(\"<span class='inactive_message' style='display:block'>Sorry, your browser does not support Flash Video Player<\/span> *Video:arbusto - fundaci\u00f3n septiembre\");\n}else{\t\t\t\n\t\tflowplayer('hana_flv_flow3_1', { src: 'https:\/\/estrategica.com.co\/blog\/wp-content\/plugins\/hana-flv-player\/flowplayer3\/flowplayer-3.2.7.swf', wmode: 'transparent' }, { \n\n\t\t\tcanvas: { backgroundColor: '#000000', backgroundGradient: 'none',},\n    \t\tclip:  { \n    \t\t\turl: '\/blog\/wp-content\/uploads\/2009\/01\/carpeta_muchos_varios\/UsaSeptemberFound2006.flv',\n        \t\tscaling: 'fit', autoPlay: false, autoBuffering: true \n\t\t\t\t   , onFinish : function () { this.seek(0); }  \n\n\t        }\n\n\t\t});\n}\n<\/script><br \/>\n<\/br><\/p>\n<p>[icon color=\u00bbAccent-Color\u00bb size=\u00bbregular\u00bb image=\u00bbsteadysets-icon-chat\u00bb] <strong>Contexto<\/strong><\/br><\/br><\/p>\n<p style=\"text-align: justify;\">Spot de la Fundaci\u00f3n Septiembre en la cual se cuestiona la posici\u00f3n del presidente George Bush frente a temas como la invasi\u00f3n de Irak, la pol\u00edtica de salud, las victimas del Katrina y el desempleo. La pieza se presenta en la etapa previa a las primarias norteamericanas y busca posicionar un cambio en el liderazgo norteamericano. La fundaci\u00f3n fue creada con el fin de ayudar a los hu\u00e9rfanos y victimas de la tragedia del 11 de septiembre de 2001. El gui\u00f3n del spot en espa\u00f1ol es el siguiente: HOMBRE: Y bien, \u00bfcu\u00e1l es su estrategia para salir de Irak? HOMBRE1: \u00bfPor qu\u00e9 tienen que seguir muriendo nuestros soldados? MADRE: \u00bfQu\u00e9 hay de la sanidad\u2026? HOMBRE2: Asequible? HOMBRE3: \u00bfNo podemos apoyar la investigaci\u00f3n con c\u00e9lulas madre? HOMBRE4: \u00bfPor qu\u00e9 abandonamos a las victimas del Katrina? MUJER: \u00bfPor qu\u00e9 no va a hacer nada el Congreso? HOMBRE5: Aprobar un salario m\u00ednimo\u2026 MUJER1: Decente\u2026 HOMBRE6: \u00bfPor qu\u00e9 estamos perdiendo tantos trabajos a favor de trabajadores extranjeros? NARRADOR: Muy bien, es rid\u00edculo pensar que vayas a obtener una respuesta de este arbusto. (Juega con arBUSHto), pero tambi\u00e9n lo es pensar que las consigas de \u00e9ste. TEXTO EN PANTALLA: Exige Respuestas. Vota por el Cambio.<\/p><\/p>\n","protected":false},"excerpt":{"rendered":"<p>*Video: arbusto &#8211; fundaci\u00f3n septiembre [icon color=\u00bbAccent-Color\u00bb size=\u00bbregular\u00bb image=\u00bbsteadysets-icon-chat\u00bb] Contexto Spot de la Fundaci\u00f3n Septiembre en la cual se cuestiona la posici\u00f3n del presidente George Bush frente a temas como la invasi\u00f3n de Irak, la pol\u00edtica de salud, las victimas del Katrina y el desempleo. La pieza se presenta en la etapa previa a las [&hellip;]<\/p>\n","protected":false},"author":5,"featured_media":12278,"comment_status":"open","ping_status":"open","sticky":false,"template":"","format":"standard","meta":{"_et_pb_use_builder":"","_et_pb_old_content":"","_et_gb_content_width":"","advanced_seo_description":"","jetpack_seo_html_title":"","jetpack_seo_noindex":false,"footnotes":""},"categories":[264,263,27,64,10,35,29,11,3],"tags":[196,490],"class_list":["post-12277","post","type-post","status-publish","format-standard","has-post-thumbnail","hentry","category-264","category-ano","category-divulgacion-politica","category-estados-unidos","category-geo","category-mensaje-politico","category-publicidad-negativa","category-temas","category-video","tag-elecciones-2006","tag-george-w-bush"],"jetpack_featured_media_url":"https:\/\/i0.wp.com\/estrategica.com.co\/blog\/wp-content\/uploads\/2009\/04\/usaseptemberfound2006_thumb.png?fit=283%2C230&ssl=1","jetpack_shortlink":"https:\/\/wp.me\/p4wgsh-3c1","jetpack-related-posts":[{"id":15804,"url":"https:\/\/estrategica.com.co\/blog\/flores-%e2%80%93-no-des-una-segunda-oportunidad-fundacion-mujeres\/","url_meta":{"origin":12277,"position":0},"title":"Flores \u2013 No des una Segunda Oportunidad &#8211; Fundaci\u00f3n Mujeres","author":"Juliana","date":"junio 14, 2009","format":false,"excerpt":"[hana-flv-player video=\"\/blog\/wp-content\/uploads\/2009\/01\/videos_ultimos\/av311.flv\" width=\"550\" height=\"\" description=\"Flores \u2013 No des una Segunda Oportunidad - Fundaci\u00f3n Mujeres\" clickurl=\"\" clicktarget=\"\" player=\"4\" autoplay=\"false\" loop=\"false\" autorewind=\"true\" splashimage=\"\" skin=\"\" \/] [icon color=\"Accent-Color\" size=\"regular\" image=\"steadysets-icon-chat\"] Contexto Spot de la Fundaci\u00f3n Mujeres de Espa\u00f1a durante la campa\u00f1a realizada en 2006 contra el maltrato a las mujeres. La pieza tiene\u2026","rel":"","context":"En \u00ab2006\u00bb","block_context":{"text":"2006","link":"https:\/\/estrategica.com.co\/blog\/category\/ano\/2006\/"},"img":{"alt_text":"","src":"https:\/\/i0.wp.com\/estrategica.com.co\/blog\/wp-content\/uploads\/2009\/05\/av311_thumb.png?fit=440%2C359&ssl=1&resize=350%2C200","width":350,"height":200},"classes":[]},{"id":24208,"url":"https:\/\/estrategica.com.co\/blog\/siluetas-smokey-bear\/","url_meta":{"origin":12277,"position":1},"title":"Siluetas &#8211; Smokey Bear","author":"Juliana","date":"octubre 19, 2010","format":false,"excerpt":"[hana-flv-player video=\"\/blog\/wp-content\/uploads\/2009\/01\/20100708\/SmokeyBearuse.flv\" width=\"550\" height=\"\" description=\"Siluetas - Smokey Bear\" clickurl=\"\" clicktarget=\"\" player=\"4\" autoplay=\"false\" loop=\"false\" autorewind=\"true\" splashimage=\"\" skin=\"\" \/] [icon color=\"Accent-Color\" size=\"regular\" image=\"steadysets-icon-chat\"] Contexto Spot de la Fundaci\u00f3n Smoky Baer en el a\u00f1o 2006 para posicionar la protecci\u00f3n de los bosques en materia de incendios forestales. La est\u00e9tica de utilizar una chispa\u2026","rel":"","context":"En \u00ab2006\u00bb","block_context":{"text":"2006","link":"https:\/\/estrategica.com.co\/blog\/category\/ano\/2006\/"},"img":{"alt_text":"","src":"https:\/\/i0.wp.com\/estrategica.com.co\/blog\/wp-content\/uploads\/2010\/07\/SmokeyBearuse_thumb.png?fit=530%2C386&ssl=1&resize=350%2C200","width":350,"height":200},"classes":[]},{"id":24202,"url":"https:\/\/estrategica.com.co\/blog\/fosforos-de-madera-smokey-bear\/","url_meta":{"origin":12277,"position":2},"title":"F\u00f3sforos de Madera &#8211; Smokey Bear","author":"Juliana","date":"octubre 19, 2010","format":false,"excerpt":"[hana-flv-player video=\"\/blog\/wp-content\/uploads\/2009\/01\/20100708\/SmokeyBearMatchsticks.flv\" width=\"550\" height=\"\" description=\"F\u00f3sforos de Madera - Smokey Bear\" clickurl=\"\" clicktarget=\"\" player=\"4\" autoplay=\"false\" loop=\"false\" autorewind=\"true\" splashimage=\"\" skin=\"\" \/] [icon color=\"Accent-Color\" size=\"regular\" image=\"steadysets-icon-chat\"] Contexto Spot de la Fundaci\u00f3n Smoky Baer en el a\u00f1o 2006 para posicionar la protecci\u00f3n de los bosques en materia de incendios forestales. La est\u00e9tica de utilizar\u2026","rel":"","context":"En \u00ab2006\u00bb","block_context":{"text":"2006","link":"https:\/\/estrategica.com.co\/blog\/category\/ano\/2006\/"},"img":{"alt_text":"","src":"https:\/\/i0.wp.com\/estrategica.com.co\/blog\/wp-content\/uploads\/2010\/07\/SmokeyBearMatchsticks_thumb.png?fit=534%2C357&ssl=1&resize=350%2C200","width":350,"height":200},"classes":[]},{"id":24771,"url":"https:\/\/estrategica.com.co\/blog\/desesperados-why-hunger\/","url_meta":{"origin":12277,"position":3},"title":"Desesperados &#8211; Why Hunger","author":"Juliana","date":"agosto 19, 2010","format":false,"excerpt":"[hana-flv-player video=\"\/blog\/wp-content\/uploads\/2009\/01\/20100708\/WhyHungerquotDesperatequot.flv\" width=\"550\" height=\"\" description=\"Desesperados - Why Hunger\" clickurl=\"\" clicktarget=\"\" player=\"4\" autoplay=\"false\" loop=\"false\" autorewind=\"true\" splashimage=\"\" skin=\"\" \/] [icon color=\"Accent-Color\" size=\"regular\" image=\"steadysets-icon-chat\"] Contexto Spot de la fundaci\u00f3n Why Hunger, en la que posiciona en forma dram\u00e1tica la problem\u00e1tica del hambre al interior de los Estados Unidos de America. El mensaje es\u2026","rel":"","context":"En \u00ab2009\u00bb","block_context":{"text":"2009","link":"https:\/\/estrategica.com.co\/blog\/category\/ano\/2009\/"},"img":{"alt_text":"","src":"https:\/\/i0.wp.com\/estrategica.com.co\/blog\/wp-content\/uploads\/2010\/07\/WhyHungerquotDesperatequot_thumb.png?fit=448%2C351&ssl=1&resize=350%2C200","width":350,"height":200},"classes":[]},{"id":24580,"url":"https:\/\/estrategica.com.co\/blog\/trata-de-blancas-es-tortura-fundacion-helen-bamber\/","url_meta":{"origin":12277,"position":4},"title":"Trata de Blancas es Tortura &#8211; Fundaci\u00f3n Helen Bamber","author":"Juliana","date":"julio 24, 2010","format":false,"excerpt":"[hana-flv-player video=\"\/blog\/wp-content\/uploads\/2009\/01\/20100708\/TraffickingisTorture.flv\" width=\"550\" height=\"\" description=\"Trata de Blancas es Tortura - Fundaci\u00f3n Helen Bamber\" clickurl=\"\" clicktarget=\"\" player=\"4\" autoplay=\"false\" loop=\"false\" autorewind=\"true\" splashimage=\"\" skin=\"\" \/] [icon color=\"Accent-Color\" size=\"regular\" image=\"steadysets-icon-chat\"] Contexto Spot de la Fundaci\u00f3n Helen Bamber para posicionar en la opini\u00f3n la realidad de la trata de mujeres. La actriz Emma Thompsons\u00a0 retrata\u2026","rel":"","context":"En \u00ab2008\u00bb","block_context":{"text":"2008","link":"https:\/\/estrategica.com.co\/blog\/category\/ano\/2008\/"},"img":{"alt_text":"","src":"https:\/\/i0.wp.com\/estrategica.com.co\/blog\/wp-content\/uploads\/2010\/07\/TraffickingisTorture_thumb1.png?fit=603%2C399&ssl=1&resize=350%2C200","width":350,"height":200},"classes":[]},{"id":23759,"url":"https:\/\/estrategica.com.co\/blog\/enfermedad-mental-difference\/","url_meta":{"origin":12277,"position":5},"title":"Enfermedad Mental &#8211; What a Difference","author":"Juliana","date":"noviembre 17, 2010","format":false,"excerpt":"[hana-flv-player video=\"\/blog\/wp-content\/uploads\/2009\/01\/20100708\/MentalHealtAntiStigmaPSAFriends.flv\" width=\"550\" height=\"\" description=\"Enfermedad Mental - What a Difference\" clickurl=\"\" clicktarget=\"\" player=\"4\" autoplay=\"false\" loop=\"false\" autorewind=\"true\" splashimage=\"\" skin=\"\" \/] [icon color=\"Accent-Color\" size=\"regular\" image=\"steadysets-icon-chat\"] Contexto Spot de la fundaci\u00f3n What a Difference, en el a\u00f1o 2006, con la que se pretende concientizar a la poblaci\u00f3n sobre la realidad de las enfermedades\u2026","rel":"","context":"En \u00ab2006\u00bb","block_context":{"text":"2006","link":"https:\/\/estrategica.com.co\/blog\/category\/ano\/2006\/"},"img":{"alt_text":"","src":"https:\/\/i0.wp.com\/estrategica.com.co\/blog\/wp-content\/uploads\/2014\/02\/Lourdes2006Salud_thumb.png?fit=1003%2C770&ssl=1&resize=350%2C200","width":350,"height":200},"classes":[]}],"jetpack_sharing_enabled":true,"_links":{"self":[{"href":"https:\/\/estrategica.com.co\/blog\/wp-json\/wp\/v2\/posts\/12277","targetHints":{"allow":["GET"]}}],"collection":[{"href":"https:\/\/estrategica.com.co\/blog\/wp-json\/wp\/v2\/posts"}],"about":[{"href":"https:\/\/estrategica.com.co\/blog\/wp-json\/wp\/v2\/types\/post"}],"author":[{"embeddable":true,"href":"https:\/\/estrategica.com.co\/blog\/wp-json\/wp\/v2\/users\/5"}],"replies":[{"embeddable":true,"href":"https:\/\/estrategica.com.co\/blog\/wp-json\/wp\/v2\/comments?post=12277"}],"version-history":[{"count":8,"href":"https:\/\/estrategica.com.co\/blog\/wp-json\/wp\/v2\/posts\/12277\/revisions"}],"predecessor-version":[{"id":46033,"href":"https:\/\/estrategica.com.co\/blog\/wp-json\/wp\/v2\/posts\/12277\/revisions\/46033"}],"wp:featuredmedia":[{"embeddable":true,"href":"https:\/\/estrategica.com.co\/blog\/wp-json\/wp\/v2\/media\/12278"}],"wp:attachment":[{"href":"https:\/\/estrategica.com.co\/blog\/wp-json\/wp\/v2\/media?parent=12277"}],"wp:term":[{"taxonomy":"category","embeddable":true,"href":"https:\/\/estrategica.com.co\/blog\/wp-json\/wp\/v2\/categories?post=12277"},{"taxonomy":"post_tag","embeddable":true,"href":"https:\/\/estrategica.com.co\/blog\/wp-json\/wp\/v2\/tags?post=12277"}],"curies":[{"name":"wp","href":"https:\/\/api.w.org\/{rel}","templated":true}]}}