{"id":12281,"date":"2009-04-19T13:37:41","date_gmt":"2009-04-19T13:37:41","guid":{"rendered":"http:\/\/estrategica.com.co\/blog\/?p=12281"},"modified":"2015-02-25T09:54:31","modified_gmt":"2015-02-25T14:54:31","slug":"veteranos-por-el-progreso","status":"publish","type":"post","link":"https:\/\/estrategica.com.co\/blog\/veteranos-por-el-progreso\/","title":{"rendered":"Veteranos por el Progreso"},"content":{"rendered":"<p> <script type='text\/javascript' src='https:\/\/estrategica.com.co\/blog\/wp-content\/plugins\/hana-flv-player\/flowplayer3\/example\/flowplayer-3.2.6.min.js'><\/script>\n<div >\n<div id='hana_flv_flow3_1' style='display:block;width:550px;height:413px;background-color:#555555;color:#ffffff;padding:0' title=\"*Video:veteranos por el progreso\"><\/div>\n<\/div>\n\n<script  type='text\/javascript'>\nif (typeof g_hanaFlash !== 'undefined' && !g_hanaFlash){\n    jQuery('#hana_flv_flow3_1').css( 'padding', '5px' );\n\tjQuery('#hana_flv_flow3_1').html(\"<span class='inactive_message' style='display:block'>Sorry, your browser does not support Flash Video Player<\/span> *Video:veteranos por el progreso\");\n}else{\t\t\t\n\t\tflowplayer('hana_flv_flow3_1', { src: 'https:\/\/estrategica.com.co\/blog\/wp-content\/plugins\/hana-flv-player\/flowplayer3\/flowplayer-3.2.7.swf', wmode: 'transparent' }, { \n\n\t\t\tcanvas: { backgroundColor: '#000000', backgroundGradient: 'none',},\n    \t\tclip:  { \n    \t\t\turl: '\/blog\/wp-content\/uploads\/2009\/01\/carpeta_muchos_varios\/USAVeteransForProgress06.flv',\n        \t\tscaling: 'fit', autoPlay: false, autoBuffering: true \n\t\t\t\t   , onFinish : function () { this.seek(0); }  \n\n\t        }\n\n\t\t});\n}\n<\/script><br \/>\n<\/br><\/p>\n<p>[icon color=\u00bbAccent-Color\u00bb size=\u00bbregular\u00bb image=\u00bbsteadysets-icon-chat\u00bb] <strong>Contexto<\/strong><\/br><\/br><\/p>\n<p style=\"text-align: justify;\">Spot de la coalici\u00f3n Veteranos para el progreso contra la reelecci\u00f3n, en 2006, de la Representante a la C\u00e1mara republicana Marilyn Musgrave. En ella aparece un veterano discapacitado cuestionando el compromiso de la republicana para con los veteranos. Musgrave gan\u00f3 su reelecci\u00f3n por un estrecho margen. El guion del spot que vemos, en espa\u00f1ol, es el siguiente: <\/span>Hola soy Mike Collins. <span style=\"mso-ansi-language: ES-CO;\" lang=\"ES-CO\">Serv\u00ed en la primera divisi\u00f3n de caballer\u00eda a\u00e9rea en Vietnam. En un anuncio de ataque que esta usando Marilyn Musgrave muestra a un marino herido para afirmar que ella apoya a los veteranos. Eso no es cierto. Los veteranos inv\u00e1lidos de Am\u00e9rica calificamos con un cero a Musgrave. La calificaci\u00f3n m\u00e1s baja en los \u00faltimos dos a\u00f1os. Como veterano minusv\u00e1lido que perdi\u00f3 su voz al ser expuesto al agente naranja, me molesta la actitud de Marilyn Musgrave. S\u00e9 por experiencia que al marino minusv\u00e1lido que Musgrave usa en s anuncio le queda una larga vida por delante porque Marilyn Musgrave no lo apoya a \u00e9l ni a los tres millones de veteranos minusv\u00e1lidos de los Estados Unidos. Por favor, no permitan que Marilyn Musgrave los enga\u00f1e diciendo que le importamos los veteranos. No le importan. TEXTO EN PANTALLA: \u00danase a Veteranos por el Progreso en su llamado para que Marilyn Musgrave retire su anuncio enga\u00f1oso..<\/p><\/p>\n","protected":false},"excerpt":{"rendered":"<p>*Video: veteranos por el progreso [icon color=\u00bbAccent-Color\u00bb size=\u00bbregular\u00bb image=\u00bbsteadysets-icon-chat\u00bb] Contexto Spot de la coalici\u00f3n Veteranos para el progreso contra la reelecci\u00f3n, en 2006, de la Representante a la C\u00e1mara republicana Marilyn Musgrave. En ella aparece un veterano discapacitado cuestionando el compromiso de la republicana para con los veteranos. Musgrave gan\u00f3 su reelecci\u00f3n por un estrecho [&hellip;]<\/p>\n","protected":false},"author":5,"featured_media":12282,"comment_status":"open","ping_status":"open","sticky":false,"template":"","format":"standard","meta":{"_et_pb_use_builder":"","_et_pb_old_content":"","_et_gb_content_width":"","advanced_seo_description":"","jetpack_seo_html_title":"","jetpack_seo_noindex":false,"footnotes":""},"categories":[58,34,64,10,11,3],"tags":[196,455],"class_list":["post-12281","post","type-post","status-publish","format-standard","has-post-thumbnail","hentry","category-campana-colegiada","category-electoral","category-estados-unidos","category-geo","category-temas","category-video","tag-elecciones-2006","tag-marilyn-musgrave"],"jetpack_featured_media_url":"https:\/\/i0.wp.com\/estrategica.com.co\/blog\/wp-content\/uploads\/2009\/04\/usaveteransforprogress06_thumb.png?fit=232%2C162&ssl=1","jetpack_shortlink":"https:\/\/wp.me\/p4wgsh-3c5","jetpack-related-posts":[{"id":17284,"url":"https:\/\/estrategica.com.co\/blog\/proteccion-a-los-veteranos-courtney\/","url_meta":{"origin":12281,"position":0},"title":"Protecci\u00f3n a los Veteranos &#8211; Courtney","author":"Juliana","date":"octubre 11, 2009","format":false,"excerpt":"[hana-flv-player video=\"\/blog\/wp-content\/uploads\/2009\/01\/videosultimosconver\/earned.flv\" width=\"550\" height=\"\" description=\"Protecci\u00f3n a los Veteranos - Courtney\" clickurl=\"\" clicktarget=\"\" player=\"4\" autoplay=\"false\" loop=\"false\" autorewind=\"true\" splashimage=\"\" skin=\"\" \/] [icon color=\"Accent-Color\" size=\"regular\" image=\"steadysets-icon-chat\"] Contexto Spot de la campa\u00f1a del dem\u00f3crata Joe Courtney a la C\u00e1mara de Representantes por el Distrito de Connecticut, durante la contienda electoral de 2006. Su adversario\u2026","rel":"","context":"En \u00abCampa\u00f1a Cuerpo Colegiado\u00bb","block_context":{"text":"Campa\u00f1a Cuerpo Colegiado","link":"https:\/\/estrategica.com.co\/blog\/category\/temas\/campana-colegiada\/"},"img":{"alt_text":"","src":"https:\/\/i0.wp.com\/estrategica.com.co\/blog\/wp-content\/uploads\/2009\/06\/earned_thumb.png?fit=608%2C377&ssl=1&resize=350%2C200","width":350,"height":200},"classes":[]},{"id":31443,"url":"https:\/\/estrategica.com.co\/blog\/votevetswhyhasntbobschafferfoughtforus\/","url_meta":{"origin":12281,"position":1},"title":"Veteranos &#8211; Votevets","author":"Juliana","date":"diciembre 21, 2011","format":false,"excerpt":"[hana-flv-player video=\"\/blog\/wp-content\/uploads\/2009\/01\/20111213\/VoteVetsWhyHasntBobSchafferFoughtForUs.flv\" width=\"550\" height=\"\" description=\"Veteranos - Votevets\" clickurl=\"\" clicktarget=\"\" player=\"4\" autoplay=\"false\" loop=\"false\" autorewind=\"false\" splashimage=\"\" skin=\"\" \/] [icon color=\"Accent-Color\" size=\"regular\" image=\"steadysets-icon-chat\"] Contexto Spot de la Fundaci\u00f3n Votevets en el a\u00f1o 2008 para promocionar sus acciones dirigidas a apoyar iniciativas y candidatos que apoyen presupuestamente las tropas norteamericanas as\u00ed como los derechos\u2026","rel":"","context":"En \u00ab2008\u00bb","block_context":{"text":"2008","link":"https:\/\/estrategica.com.co\/blog\/category\/ano\/2008\/"},"img":{"alt_text":"","src":"https:\/\/i0.wp.com\/estrategica.com.co\/blog\/wp-content\/uploads\/2011\/12\/VoteVetsWhyHasntBobSchafferFoughtForUs_thumb.png?fit=516%2C307&ssl=1&resize=350%2C200","width":350,"height":200},"classes":[]},{"id":23622,"url":"https:\/\/estrategica.com.co\/blog\/solo-iava\/","url_meta":{"origin":12281,"position":2},"title":"S\u00f3lo &#8211; IAVA","author":"Juliana","date":"noviembre 29, 2010","format":false,"excerpt":"[hana-flv-player video=\"\/blog\/wp-content\/uploads\/2009\/01\/20100708\/IAVAAlone.flv\" width=\"550\" height=\"\" description=\"S\u00f3lo - IAVA\" clickurl=\"\" clicktarget=\"\" player=\"4\" autoplay=\"false\" loop=\"false\" autorewind=\"true\" splashimage=\"\" skin=\"\" \/] [icon color=\"Accent-Color\" size=\"regular\" image=\"steadysets-icon-chat\"] Contexto Spot de la fundaci\u00f3n Irak, Afganist\u00e1n, Veteranos Am\u00e9rica, IAVA, en el a\u00f1o 2008, para posicionar en los veteranos la idea de que no est\u00e1n solos. La pieza maneja ritmos\u2026","rel":"","context":"En \u00ab2008\u00bb","block_context":{"text":"2008","link":"https:\/\/estrategica.com.co\/blog\/category\/ano\/2008\/"},"img":{"alt_text":"","src":"https:\/\/i0.wp.com\/estrategica.com.co\/blog\/wp-content\/uploads\/2010\/07\/IAVAAlone_thumb.png?fit=522%2C436&ssl=1&resize=350%2C200","width":350,"height":200},"classes":[]},{"id":23625,"url":"https:\/\/estrategica.com.co\/blog\/camuflaje-iava\/","url_meta":{"origin":12281,"position":3},"title":"Camuflaje &#8211; IAVA","author":"Juliana","date":"noviembre 29, 2010","format":false,"excerpt":"[hana-flv-player video=\"\/blog\/wp-content\/uploads\/2009\/01\/20100708\/IAVAsNewPSAflage.flv\" width=\"550\" height=\"\" description=\"Camuflaje - IAVA\" clickurl=\"\" clicktarget=\"\" player=\"4\" autoplay=\"false\" loop=\"false\" autorewind=\"true\" splashimage=\"\" skin=\"\" \/] [icon color=\"Accent-Color\" size=\"regular\" image=\"steadysets-icon-chat\"] Contexto Spot de la fundaci\u00f3n Irak, Afganist\u00e1n, Veteranos Am\u00e9rica, IAVA, en el a\u00f1o 2009, para promocionar, en el d\u00eda de los veteranos, de ah\u00ed la met\u00e1fora del camuflaje. Una pieza\u2026","rel":"","context":"En \u00ab2009\u00bb","block_context":{"text":"2009","link":"https:\/\/estrategica.com.co\/blog\/category\/ano\/2009\/"},"img":{"alt_text":"","src":"https:\/\/i0.wp.com\/estrategica.com.co\/blog\/wp-content\/uploads\/2010\/07\/IAVAsNewPSAflage_thumb.png?fit=569%2C430&ssl=1&resize=350%2C200","width":350,"height":200},"classes":[]},{"id":23164,"url":"https:\/\/estrategica.com.co\/blog\/camuflaje-iava-2\/","url_meta":{"origin":12281,"position":4},"title":"Camuflaje &#8211; IAVA","author":"Juliana","date":"abril 17, 2011","format":false,"excerpt":"[hana-flv-player video=\"\/blog\/wp-content\/uploads\/2009\/01\/20100708\/Camouflage60secondversion.flv\" width=\"550\" height=\"\" description=\"Camuflaje - IAVA\" clickurl=\"\" clicktarget=\"\" player=\"4\" autoplay=\"false\" loop=\"false\" autorewind=\"true\" splashimage=\"\" skin=\"\" \/] [icon color=\"Accent-Color\" size=\"regular\" image=\"steadysets-icon-chat\"] Contexto Spot de la IAVA en el a\u00f1o 2009 para posicionar la situaci\u00f3n de los cerca de 2.1 millones de veteranos que sirvieron en Irak y Afganist\u00e1n, y de los\u2026","rel":"","context":"En \u00ab2009\u00bb","block_context":{"text":"2009","link":"https:\/\/estrategica.com.co\/blog\/category\/ano\/2009\/"},"img":{"alt_text":"","src":"https:\/\/i0.wp.com\/estrategica.com.co\/blog\/wp-content\/uploads\/2010\/07\/Camouflage60secondversion_thumb.png?fit=305%2C396&ssl=1&resize=350%2C200","width":350,"height":200},"classes":[]},{"id":31478,"url":"https:\/\/estrategica.com.co\/blog\/votevetsmoneyback\/","url_meta":{"origin":12281,"position":5},"title":"Devoluci\u00f3n de Dinero &#8211; VoteVets","author":"Juliana","date":"diciembre 22, 2011","format":false,"excerpt":"[hana-flv-player video=\"\/blog\/wp-content\/uploads\/2009\/01\/20111213\/VoteVetsMoneyBack.flv\" width=\"550\" height=\"\" description=\"Devoluci\u00f3n de Dinero - VoteVets\" clickurl=\"\" clicktarget=\"\" player=\"4\" autoplay=\"false\" loop=\"false\" autorewind=\"false\" splashimage=\"\" skin=\"\" \/] [icon color=\"Accent-Color\" size=\"regular\" image=\"steadysets-icon-chat\"] Contexto Spot de la Fundaci\u00f3n Votevets en el a\u00f1o 2008 para promocionar sus acciones dirigidas a apoyar iniciativas y candidatos que apoyen presupuestalmente las tropas norteamericanas as\u00ed como\u2026","rel":"","context":"En \u00ab2008\u00bb","block_context":{"text":"2008","link":"https:\/\/estrategica.com.co\/blog\/category\/ano\/2008\/"},"img":{"alt_text":"","src":"https:\/\/i0.wp.com\/estrategica.com.co\/blog\/wp-content\/uploads\/2011\/12\/VoteVetsMoneyBack_thumb.png?fit=465%2C282&ssl=1&resize=350%2C200","width":350,"height":200},"classes":[]}],"jetpack_sharing_enabled":true,"_links":{"self":[{"href":"https:\/\/estrategica.com.co\/blog\/wp-json\/wp\/v2\/posts\/12281","targetHints":{"allow":["GET"]}}],"collection":[{"href":"https:\/\/estrategica.com.co\/blog\/wp-json\/wp\/v2\/posts"}],"about":[{"href":"https:\/\/estrategica.com.co\/blog\/wp-json\/wp\/v2\/types\/post"}],"author":[{"embeddable":true,"href":"https:\/\/estrategica.com.co\/blog\/wp-json\/wp\/v2\/users\/5"}],"replies":[{"embeddable":true,"href":"https:\/\/estrategica.com.co\/blog\/wp-json\/wp\/v2\/comments?post=12281"}],"version-history":[{"count":6,"href":"https:\/\/estrategica.com.co\/blog\/wp-json\/wp\/v2\/posts\/12281\/revisions"}],"predecessor-version":[{"id":46684,"href":"https:\/\/estrategica.com.co\/blog\/wp-json\/wp\/v2\/posts\/12281\/revisions\/46684"}],"wp:featuredmedia":[{"embeddable":true,"href":"https:\/\/estrategica.com.co\/blog\/wp-json\/wp\/v2\/media\/12282"}],"wp:attachment":[{"href":"https:\/\/estrategica.com.co\/blog\/wp-json\/wp\/v2\/media?parent=12281"}],"wp:term":[{"taxonomy":"category","embeddable":true,"href":"https:\/\/estrategica.com.co\/blog\/wp-json\/wp\/v2\/categories?post=12281"},{"taxonomy":"post_tag","embeddable":true,"href":"https:\/\/estrategica.com.co\/blog\/wp-json\/wp\/v2\/tags?post=12281"}],"curies":[{"name":"wp","href":"https:\/\/api.w.org\/{rel}","templated":true}]}}