{"id":13638,"date":"2009-05-11T15:58:23","date_gmt":"2009-05-11T15:58:23","guid":{"rendered":"http:\/\/estrategica.com.co\/blog\/?p=13638"},"modified":"2015-02-12T12:27:47","modified_gmt":"2015-02-12T17:27:47","slug":"reconciliemonos-quien-es-lucho-lucho-garzon","status":"publish","type":"post","link":"https:\/\/estrategica.com.co\/blog\/reconciliemonos-quien-es-lucho-lucho-garzon\/","title":{"rendered":"Reconcili\u00e9monos &#8211; Qui\u00e9n es Lucho? &#8211; Lucho Garz\u00f3n"},"content":{"rendered":"<p> <script type='text\/javascript' src='https:\/\/estrategica.com.co\/blog\/wp-content\/plugins\/hana-flv-player\/flowplayer3\/example\/flowplayer-3.2.6.min.js'><\/script>\n<div >\n<div id='hana_flv_flow3_1' style='display:block;width:550px;height:413px;background-color:#555555;color:#ffffff;padding:0' title=\"*Video:reconcili\u00e9monos - qui\u00e9n es lucho? - lucho garz\u00f3n\"><\/div>\n<\/div>\n\n<script  type='text\/javascript'>\nif (typeof g_hanaFlash !== 'undefined' && !g_hanaFlash){\n    jQuery('#hana_flv_flow3_1').css( 'padding', '5px' );\n\tjQuery('#hana_flv_flow3_1').html(\"<span class='inactive_message' style='display:block'>Sorry, your browser does not support Flash Video Player<\/span> *Video:reconcili\u00e9monos - qui\u00e9n es lucho? - lucho garz\u00f3n\");\n}else{\t\t\t\n\t\tflowplayer('hana_flv_flow3_1', { src: 'https:\/\/estrategica.com.co\/blog\/wp-content\/plugins\/hana-flv-player\/flowplayer3\/flowplayer-3.2.7.swf', wmode: 'transparent' }, { \n\n\t\t\tcanvas: { backgroundColor: '#000000', backgroundGradient: 'none',},\n    \t\tclip:  { \n    \t\t\turl: '\/blog\/wp-content\/uploads\/2009\/01\/videos_bogota\/Lucho1.flv',\n        \t\tscaling: 'fit', autoPlay: false, autoBuffering: true \n\t\t\t\t   , onFinish : function () { this.seek(0); }  \n\n\t        }\n\n\t\t});\n}\n<\/script><br \/>\n<\/br><\/p>\n<p>[icon color=\u00bbAccent-Color\u00bb size=\u00bbregular\u00bb image=\u00bbsteadysets-icon-chat\u00bb] <strong>Contexto<\/strong><\/br><\/br><\/p>\n<p style=\"text-align: justify;\">Spot de campa\u00f1a de Lucho Garz\u00f3n durante la contienda presidencial de 2002. Su candidatura fue presentada a nombre del POLO DEMOCRATICO y su formula vicepresidencial fue la exguerrillera y exsenadora Vera Grave. Los spot tratan de mostrar a un lucho desabrochado que se expresa con claridad y humor. Hijo de madre soltera, la vida desde la cocina, los inquilinatos, su paso como caddy por un club social, la pol\u00edtica, el conflicto armado y su pasado por el sindicalismo. La campa\u00f1a fue dise\u00f1ada por Angel Becassino y el slogan fue \u201cReconcili\u00e9monos\u201d. Al final obtuvo m\u00e1s del 6% de los votos y se enfil\u00f3 hacia la Alcald\u00eda de Bogota en el a\u00f1o 2003.<\/p><\/p>\n","protected":false},"excerpt":{"rendered":"<p>*Video: reconcili\u00e9monos &#8211; qui\u00e9n es lucho? &#8211; lucho garz\u00f3n [icon color=\u00bbAccent-Color\u00bb size=\u00bbregular\u00bb image=\u00bbsteadysets-icon-chat\u00bb] Contexto Spot de campa\u00f1a de Lucho Garz\u00f3n durante la contienda presidencial de 2002. Su candidatura fue presentada a nombre del POLO DEMOCRATICO y su formula vicepresidencial fue la exguerrillera y exsenadora Vera Grave. Los spot tratan de mostrar a un lucho desabrochado [&hellip;]<\/p>\n","protected":false},"author":5,"featured_media":13639,"comment_status":"open","ping_status":"open","sticky":false,"template":"","format":"standard","meta":{"_et_pb_use_builder":"","_et_pb_old_content":"","_et_gb_content_width":"","advanced_seo_description":"","jetpack_seo_html_title":"","jetpack_seo_noindex":false,"footnotes":""},"categories":[57,62,34,10,11,3],"tags":[393,104,494,434],"class_list":["post-13638","post","type-post","status-publish","format-standard","has-post-thumbnail","hentry","category-campana-presidencial","category-colombia","category-electoral","category-geo","category-temas","category-video","tag-angel-beccassino","tag-elecciones-2002","tag-lucho-garzon","tag-polo-democratico"],"jetpack_featured_media_url":"https:\/\/i0.wp.com\/estrategica.com.co\/blog\/wp-content\/uploads\/2009\/05\/lucho1_thumb.png?fit=337%2C258&ssl=1","jetpack_shortlink":"https:\/\/wp.me\/p4wgsh-3xY","jetpack-related-posts":[{"id":13643,"url":"https:\/\/estrategica.com.co\/blog\/reconciliemonos-autocritica-lucho-garzon\/","url_meta":{"origin":13638,"position":0},"title":"Reconcili\u00e9monos &#8211; Autocr\u00edtica &#8211; Lucho Garz\u00f3n","author":"Juliana","date":"mayo 11, 2009","format":false,"excerpt":"[hana-flv-player video=\"\/blog\/wp-content\/uploads\/2009\/01\/videos_bogota\/Lucho2.flv\" width=\"550\" height=\"\" description=\"Reconcili\u00e9monos - Autocr\u00edtica - Lucho Garz\u00f3n\" clickurl=\"\" clicktarget=\"\" player=\"4\" autoplay=\"false\" loop=\"false\" autorewind=\"true\" splashimage=\"\" skin=\"\" \/] [icon color=\"Accent-Color\" size=\"regular\" image=\"steadysets-icon-chat\"] Contexto Spot de campa\u00f1a de Lucho Garz\u00f3n durante la contienda presidencial de 2002. Su candidatura fue presentada a nombre del POLO DEMOCRATICO y su formula vicepresidencial fue\u2026","rel":"","context":"En \u00abCampa\u00f1a Presidencial\u00bb","block_context":{"text":"Campa\u00f1a Presidencial","link":"https:\/\/estrategica.com.co\/blog\/category\/temas\/campana-presidencial\/"},"img":{"alt_text":"","src":"https:\/\/i0.wp.com\/estrategica.com.co\/blog\/wp-content\/uploads\/2009\/05\/lucho2__thumb.png?fit=370%2C282&ssl=1&resize=350%2C200","width":350,"height":200},"classes":[]},{"id":13647,"url":"https:\/\/estrategica.com.co\/blog\/reconciliemonos-politica-hacemos-todos-lucho-garzon\/","url_meta":{"origin":13638,"position":1},"title":"Reconcili\u00e9monos &#8211; Pol\u00edtica Hacemos Todos &#8211; Lucho Garz\u00f3n","author":"Juliana","date":"mayo 11, 2009","format":false,"excerpt":"[hana-flv-player video=\"\/blog\/wp-content\/uploads\/2009\/01\/videos_bogota\/Lucho3.flv\" width=\"550\" height=\"\" description=\"Reconcili\u00e9monos - Pol\u00edtica Hacemos Todos - Lucho Garz\u00f3n\" clickurl=\"\" clicktarget=\"\" player=\"4\" autoplay=\"false\" loop=\"false\" autorewind=\"true\" splashimage=\"\" skin=\"\" \/] [icon color=\"Accent-Color\" size=\"regular\" image=\"steadysets-icon-chat\"] Contexto Spot de campa\u00f1a de Lucho Garz\u00f3n durante la contienda presidencial de 2002. Su candidatura fue presentada a nombre del POLO DEMOCRATICO y su formula\u2026","rel":"","context":"En \u00abCampa\u00f1a Presidencial\u00bb","block_context":{"text":"Campa\u00f1a Presidencial","link":"https:\/\/estrategica.com.co\/blog\/category\/temas\/campana-presidencial\/"},"img":{"alt_text":"","src":"https:\/\/i0.wp.com\/estrategica.com.co\/blog\/wp-content\/uploads\/2009\/05\/lucho3_thumb.png?fit=369%2C281&ssl=1&resize=350%2C200","width":350,"height":200},"classes":[]},{"id":13650,"url":"https:\/\/estrategica.com.co\/blog\/reconciliemonos-socrates-lucho-garzon\/","url_meta":{"origin":13638,"position":2},"title":"Reconcili\u00e9monos &#8211; S\u00f3crates &#8211; Lucho Garz\u00f3n","author":"Juliana","date":"mayo 11, 2009","format":false,"excerpt":"[hana-flv-player video=\"\/blog\/wp-content\/uploads\/2009\/01\/videos_bogota\/Lucho4.flv\" width=\"550\" height=\"\" description=\"Reconcili\u00e9monos - S\u00f3crates - Lucho Garz\u00f3n\" clickurl=\"\" clicktarget=\"\" player=\"4\" autoplay=\"false\" loop=\"false\" autorewind=\"true\" splashimage=\"\" skin=\"\" \/] [icon color=\"Accent-Color\" size=\"regular\" image=\"steadysets-icon-chat\"] Contexto Spot de campa\u00f1a de Lucho Garz\u00f3n durante la contienda presidencial de 2002. Su candidatura fue presentada a nombre del POLO DEMOCRATICO y su formula vicepresidencial fue\u2026","rel":"","context":"En \u00abCampa\u00f1a Presidencial\u00bb","block_context":{"text":"Campa\u00f1a Presidencial","link":"https:\/\/estrategica.com.co\/blog\/category\/temas\/campana-presidencial\/"},"img":{"alt_text":"","src":"https:\/\/i0.wp.com\/estrategica.com.co\/blog\/wp-content\/uploads\/2009\/05\/lucho4_thumb.png?fit=371%2C282&ssl=1&resize=350%2C200","width":350,"height":200},"classes":[]},{"id":13654,"url":"https:\/\/estrategica.com.co\/blog\/reconciliemonos-sindicalismo-corporativista-lucho-garzon\/","url_meta":{"origin":13638,"position":3},"title":"Reconcili\u00e9monos &#8211; Sindicalismo Corporativista &#8211; Lucho Garz\u00f3n","author":"Juliana","date":"mayo 11, 2009","format":false,"excerpt":"[hana-flv-player video=\"\/blog\/wp-content\/uploads\/2009\/01\/videos_bogota\/Lucho5.flv\" width=\"550\" height=\"\" description=\"Reconcili\u00e9monos - Sindicalismo Corporativista - Lucho Garz\u00f3n\" clickurl=\"\" clicktarget=\"\" player=\"4\" autoplay=\"false\" loop=\"false\" autorewind=\"true\" splashimage=\"\" skin=\"\" \/] [icon color=\"Accent-Color\" size=\"regular\" image=\"steadysets-icon-chat\"] Contexto Spot de campa\u00f1a de Lucho Garz\u00f3n durante la contienda presidencial de 2002. Su candidatura fue presentada a nombre del POLO DEMOCRATICO y su formula vicepresidencial\u2026","rel":"","context":"En \u00abCampa\u00f1a Presidencial\u00bb","block_context":{"text":"Campa\u00f1a Presidencial","link":"https:\/\/estrategica.com.co\/blog\/category\/temas\/campana-presidencial\/"},"img":{"alt_text":"","src":"https:\/\/i0.wp.com\/estrategica.com.co\/blog\/wp-content\/uploads\/2009\/05\/lucho5_thumb.png?fit=372%2C283&ssl=1&resize=350%2C200","width":350,"height":200},"classes":[]},{"id":18510,"url":"https:\/\/estrategica.com.co\/blog\/bogota-sin-indiferencia-garzon-2\/","url_meta":{"origin":13638,"position":4},"title":"Bogot\u00e1 sin Indiferencia &#8211; Garz\u00f3n","author":"estrategica.com","date":"agosto 2, 2009","format":false,"excerpt":"[hana-flv-player video=\"\/blog\/wp-content\/uploads\/2009\/01\/videosfinconver\/BeccassinoSinIndiferencia1.flv\" width=\"550\" height=\"\" description=\"Bogot\u00e1 sin Indiferencia - Garz\u00f3n\" clickurl=\"\" clicktarget=\"\" player=\"4\" autoplay=\"false\" loop=\"false\" autorewind=\"true\" splashimage=\"\" skin=\"\" \/] [icon color=\"Accent-Color\" size=\"regular\" image=\"steadysets-icon-chat\"] Contexto Spot de la administraci\u00f3n del Alcalde de Bogot\u00e1 Lu\u00eds Eduardo Garz\u00f3n en el a\u00f1o 2004. La alcald\u00eda de Garz\u00f3n enfatiz\u00f3 los aspectos sociales a trav\u00e9s e programas\u2026","rel":"","context":"En \u00ab2004\u00bb","block_context":{"text":"2004","link":"https:\/\/estrategica.com.co\/blog\/category\/ano\/2004\/"},"img":{"alt_text":"","src":"https:\/\/i0.wp.com\/estrategica.com.co\/blog\/wp-content\/uploads\/2009\/06\/beccassinosinindiferencia1_thumb.png?fit=550%2C324&ssl=1&resize=350%2C200","width":350,"height":200},"classes":[]},{"id":18520,"url":"https:\/\/estrategica.com.co\/blog\/bogota-sin-indiferencia-garzon\/","url_meta":{"origin":13638,"position":5},"title":"Bogot\u00e1 sin Indiferencia &#8211; Garz\u00f3n","author":"estrategica.com","date":"agosto 2, 2009","format":false,"excerpt":"[hana-flv-player video=\"\/blog\/wp-content\/uploads\/2009\/01\/videosfinconver\/BeccassinoSinIndiferencia2.flv\" width=\"550\" height=\"\" description=\"Bogot\u00e1 sin Indiferencia - Garz\u00f3n\" clickurl=\"\" clicktarget=\"\" player=\"4\" autoplay=\"false\" loop=\"false\" autorewind=\"true\" splashimage=\"\" skin=\"\" \/] [icon color=\"Accent-Color\" size=\"regular\" image=\"steadysets-icon-chat\"] Contexto Spot de la administraci\u00f3n del Alcalde de Bogot\u00e1 Lu\u00eds Eduardo Garz\u00f3n en el a\u00f1o 2004. La alcald\u00eda de Garz\u00f3n enfatiz\u00f3 los aspectos sociales a trav\u00e9s e programas\u2026","rel":"","context":"En \u00ab2004\u00bb","block_context":{"text":"2004","link":"https:\/\/estrategica.com.co\/blog\/category\/ano\/2004\/"},"img":{"alt_text":"","src":"https:\/\/i0.wp.com\/estrategica.com.co\/blog\/wp-content\/uploads\/2009\/06\/beccassinosinindiferencia2_thumb.png?fit=469%2C327&ssl=1&resize=350%2C200","width":350,"height":200},"classes":[]}],"jetpack_sharing_enabled":true,"_links":{"self":[{"href":"https:\/\/estrategica.com.co\/blog\/wp-json\/wp\/v2\/posts\/13638","targetHints":{"allow":["GET"]}}],"collection":[{"href":"https:\/\/estrategica.com.co\/blog\/wp-json\/wp\/v2\/posts"}],"about":[{"href":"https:\/\/estrategica.com.co\/blog\/wp-json\/wp\/v2\/types\/post"}],"author":[{"embeddable":true,"href":"https:\/\/estrategica.com.co\/blog\/wp-json\/wp\/v2\/users\/5"}],"replies":[{"embeddable":true,"href":"https:\/\/estrategica.com.co\/blog\/wp-json\/wp\/v2\/comments?post=13638"}],"version-history":[{"count":7,"href":"https:\/\/estrategica.com.co\/blog\/wp-json\/wp\/v2\/posts\/13638\/revisions"}],"predecessor-version":[{"id":46065,"href":"https:\/\/estrategica.com.co\/blog\/wp-json\/wp\/v2\/posts\/13638\/revisions\/46065"}],"wp:featuredmedia":[{"embeddable":true,"href":"https:\/\/estrategica.com.co\/blog\/wp-json\/wp\/v2\/media\/13639"}],"wp:attachment":[{"href":"https:\/\/estrategica.com.co\/blog\/wp-json\/wp\/v2\/media?parent=13638"}],"wp:term":[{"taxonomy":"category","embeddable":true,"href":"https:\/\/estrategica.com.co\/blog\/wp-json\/wp\/v2\/categories?post=13638"},{"taxonomy":"post_tag","embeddable":true,"href":"https:\/\/estrategica.com.co\/blog\/wp-json\/wp\/v2\/tags?post=13638"}],"curies":[{"name":"wp","href":"https:\/\/api.w.org\/{rel}","templated":true}]}}