{"id":13940,"date":"2009-05-25T18:18:29","date_gmt":"2009-05-25T18:18:29","guid":{"rendered":"http:\/\/estrategica.com.co\/blog\/?p=13940"},"modified":"2015-02-09T12:06:00","modified_gmt":"2015-02-09T17:06:00","slug":"una-necesidad-historica-caldera","status":"publish","type":"post","link":"https:\/\/estrategica.com.co\/blog\/una-necesidad-historica-caldera\/","title":{"rendered":"Una Necesidad Hist\u00f3rica &#8211; Caldera"},"content":{"rendered":"<p> <script type='text\/javascript' src='https:\/\/estrategica.com.co\/blog\/wp-content\/plugins\/hana-flv-player\/flowplayer3\/example\/flowplayer-3.2.6.min.js'><\/script>\n<div >\n<div id='hana_flv_flow3_1' style='display:block;width:550px;height:413px;background-color:#555555;color:#ffffff;padding:0' title=\"*Video:una necesidad hist\u00f3rica - caldera\"><\/div>\n<\/div>\n\n<script  type='text\/javascript'>\nif (typeof g_hanaFlash !== 'undefined' && !g_hanaFlash){\n    jQuery('#hana_flv_flow3_1').css( 'padding', '5px' );\n\tjQuery('#hana_flv_flow3_1').html(\"<span class='inactive_message' style='display:block'>Sorry, your browser does not support Flash Video Player<\/span> *Video:una necesidad hist\u00f3rica - caldera\");\n}else{\t\t\t\n\t\tflowplayer('hana_flv_flow3_1', { src: 'https:\/\/estrategica.com.co\/blog\/wp-content\/plugins\/hana-flv-player\/flowplayer3\/flowplayer-3.2.7.swf', wmode: 'transparent' }, { \n\n\t\t\tcanvas: { backgroundColor: '#000000', backgroundGradient: 'none',},\n    \t\tclip:  { \n    \t\t\turl: '\/blog\/wp-content\/uploads\/2009\/01\/videos_ultimos\/av049.flv',\n        \t\tscaling: 'fit', autoPlay: false, autoBuffering: true \n\t\t\t\t   , onFinish : function () { this.seek(0); }  \n\n\t        }\n\n\t\t});\n}\n<\/script><br \/>\n<\/br><\/p>\n<p>[icon color=\u00bbAccent-Color\u00bb size=\u00bbregular\u00bb image=\u00bbsteadysets-icon-chat\u00bb] <strong>Contexto<\/strong><\/br><\/br><\/p>\n<p style=\"text-align: justify;\">Spot de la Campa\u00f1a de Rafael Caldera durante a la contienda por la Presidencia de Venezuela en el a\u00f1o 1983. La aspiraci\u00f3n se presenta a nombre del Partido Social Cristiano, COPEI. Caldera se postula por quinta vez a la presidencia. Su comunicaci\u00f3n es personalista, el vocero es \u00e9l, la imagen es \u00e9l, todos corean su nombre. Su aspiraci\u00f3n es apoyada desde el gobierno por el COPEI pero la crisis econ\u00f3mica que golpea los hogares debilita sus posibilidades. Su slogan era \u201cUn Mill\u00f3n de Empleos\u201d.<\/p><\/p>\n","protected":false},"excerpt":{"rendered":"<p>*Video: una necesidad hist\u00f3rica &#8211; caldera [icon color=\u00bbAccent-Color\u00bb size=\u00bbregular\u00bb image=\u00bbsteadysets-icon-chat\u00bb] Contexto Spot de la Campa\u00f1a de Rafael Caldera durante a la contienda por la Presidencia de Venezuela en el a\u00f1o 1983. La aspiraci\u00f3n se presenta a nombre del Partido Social Cristiano, COPEI. Caldera se postula por quinta vez a la presidencia. Su comunicaci\u00f3n es personalista, [&hellip;]<\/p>\n","protected":false},"author":4,"featured_media":13941,"comment_status":"open","ping_status":"open","sticky":false,"template":"","format":"standard","meta":{"_et_pb_use_builder":"","_et_pb_old_content":"","_et_gb_content_width":"","advanced_seo_description":"","jetpack_seo_html_title":"","jetpack_seo_noindex":false,"footnotes":""},"categories":[57,34,10,11,61,3],"tags":[577,142,576,335],"class_list":["post-13940","post","type-post","status-publish","format-standard","has-post-thumbnail","hentry","category-campana-presidencial","category-electoral","category-geo","category-temas","category-venezuela","category-video","tag-copei","tag-elecciones-1983","tag-partido-social-cristiano","tag-rafael-caldera"],"jetpack_featured_media_url":"https:\/\/i0.wp.com\/estrategica.com.co\/blog\/wp-content\/uploads\/2009\/05\/av049_thumb.png?fit=443%2C346&ssl=1","jetpack_shortlink":"https:\/\/wp.me\/p4wgsh-3CQ","jetpack-related-posts":[{"id":13928,"url":"https:\/\/estrategica.com.co\/blog\/spot-de-television-caldera\/","url_meta":{"origin":13940,"position":0},"title":"Spot de Televisi\u00f3n &#8211; Caldera","author":"Juliana","date":"junio 6, 2010","format":false,"excerpt":"[hana-flv-player video=\"\/blog\/wp-content\/uploads\/2009\/01\/videos_ultimos\/av046.flv\" width=\"550\" height=\"\" description=\"Spot de Televisi\u00f3n - Caldera\" clickurl=\"\" clicktarget=\"\" player=\"4\" autoplay=\"false\" loop=\"false\" autorewind=\"true\" splashimage=\"\" skin=\"\" \/] [icon color=\"Accent-Color\" size=\"regular\" image=\"steadysets-icon-chat\"] Contexto Colecci\u00f3n de Spot de la Campa\u00f1a de Rafael Caldera durante a la contienda por la Presidencia de Venezuela en el a\u00f1o 1983. La aspiraci\u00f3n se presenta a\u2026","rel":"","context":"En \u00abCampa\u00f1a Presidencial\u00bb","block_context":{"text":"Campa\u00f1a Presidencial","link":"https:\/\/estrategica.com.co\/blog\/category\/temas\/campana-presidencial\/"},"img":{"alt_text":"","src":"https:\/\/i0.wp.com\/estrategica.com.co\/blog\/wp-content\/uploads\/2009\/05\/av046_thumb.png?fit=385%2C311&ssl=1&resize=350%2C200","width":350,"height":200},"classes":[]},{"id":13932,"url":"https:\/\/estrategica.com.co\/blog\/av047\/","url_meta":{"origin":13940,"position":1},"title":"Spots de Campa\u00f1a &#8211; Caldera","author":"Juliana","date":"abril 18, 2011","format":false,"excerpt":"[hana-flv-player video=\"\/blog\/wp-content\/uploads\/2009\/01\/videos_ultimos\/av047.flv\" width=\"550\" height=\"\" description=\"Spots de Campa\u00f1a - Caldera\" clickurl=\"\" clicktarget=\"\" player=\"4\" autoplay=\"false\" loop=\"false\" autorewind=\"true\" splashimage=\"\" skin=\"\" \/] [icon color=\"Accent-Color\" size=\"regular\" image=\"steadysets-icon-chat\"] Contexto Colecci\u00f3n de Spot de la Campa\u00f1a de Rafael Caldera durante a la contienda por la Presidencia de Venezuela en el a\u00f1o 1983. La aspiraci\u00f3n se presenta a\u2026","rel":"","context":"En \u00ab1983\u00bb","block_context":{"text":"1983","link":"https:\/\/estrategica.com.co\/blog\/category\/ano\/1983\/"},"img":{"alt_text":"","src":"https:\/\/i0.wp.com\/estrategica.com.co\/blog\/wp-content\/uploads\/2009\/05\/av047_thumb.png?fit=450%2C344&ssl=1&resize=350%2C200","width":350,"height":200},"classes":[]},{"id":13936,"url":"https:\/\/estrategica.com.co\/blog\/av048\/","url_meta":{"origin":13940,"position":2},"title":"Spots de Campa\u00f1a &#8211; Caldera","author":"estrategica.com","date":"abril 18, 2011","format":false,"excerpt":"[hana-flv-player video=\"\/blog\/wp-content\/uploads\/2009\/01\/videos_ultimos\/av048.flv\" width=\"550\" height=\"\" description=\"Spots de Campa\u00f1a - Caldera\" clickurl=\"\" clicktarget=\"\" player=\"4\" autoplay=\"false\" loop=\"false\" autorewind=\"true\" splashimage=\"\" skin=\"\" \/] [icon color=\"Accent-Color\" size=\"regular\" image=\"steadysets-icon-chat\"] Contexto Colecci\u00f3n de Spot de la Campa\u00f1a de Rafael Caldera durante a la contienda por la Presidencia de Venezuela en el a\u00f1o 1983. La aspiraci\u00f3n se presenta a\u2026","rel":"","context":"En \u00ab1983\u00bb","block_context":{"text":"1983","link":"https:\/\/estrategica.com.co\/blog\/category\/ano\/1983\/"},"img":{"alt_text":"","src":"https:\/\/i0.wp.com\/estrategica.com.co\/blog\/wp-content\/uploads\/2009\/05\/av048_thumb.png?fit=437%2C345&ssl=1&resize=350%2C200","width":350,"height":200},"classes":[]},{"id":13924,"url":"https:\/\/estrategica.com.co\/blog\/av045\/","url_meta":{"origin":13940,"position":3},"title":"Spots de Campa\u00f1a &#8211; Lusinchi","author":"Juliana","date":"abril 17, 2011","format":false,"excerpt":"[hana-flv-player video=\"\/blog\/wp-content\/uploads\/2009\/01\/videos_ultimos\/av045.flv\" width=\"550\" height=\"\" description=\"Spots de Campa\u00f1a - Lusinchi\" clickurl=\"\" clicktarget=\"\" player=\"4\" autoplay=\"false\" loop=\"false\" autorewind=\"true\" splashimage=\"\" skin=\"\" \/] [icon color=\"Accent-Color\" size=\"regular\" image=\"steadysets-icon-chat\"] Contexto Spot de la Campa\u00f1a de Jaime Lusinchi a la Presidencia de Venezuela durante la contienda electoral de 1983. La aspiraci\u00f3n de present\u00f3 a nombre del Partido Acci\u00f3n\u2026","rel":"","context":"En \u00ab1983\u00bb","block_context":{"text":"1983","link":"https:\/\/estrategica.com.co\/blog\/category\/ano\/1983\/"},"img":{"alt_text":"","src":"https:\/\/i0.wp.com\/estrategica.com.co\/blog\/wp-content\/uploads\/2009\/05\/av045_thumb.png?fit=440%2C346&ssl=1&resize=350%2C200","width":350,"height":200},"classes":[]},{"id":13916,"url":"https:\/\/estrategica.com.co\/blog\/anotame-con-jaime-lusinchi\/","url_meta":{"origin":13940,"position":4},"title":"An\u00f3tame con Jaime &#8211; Lusinchi","author":"Juliana","date":"mayo 25, 2009","format":false,"excerpt":"[hana-flv-player video=\"\/blog\/wp-content\/uploads\/2009\/01\/videos_ultimos\/av043.flv\" width=\"550\" height=\"\" description=\"An\u00f3tame con Jaime - Lusinchi\" clickurl=\"\" clicktarget=\"\" player=\"4\" autoplay=\"false\" loop=\"false\" autorewind=\"true\" splashimage=\"\" skin=\"\" \/] [icon color=\"Accent-Color\" size=\"regular\" image=\"steadysets-icon-chat\"] Contexto Spot de la Campa\u00f1a de Jaime Lusinchi a la Presidencia de Venezuela durante la contienda electoral de 1983. La aspiraci\u00f3n de present\u00f3 a nombre del Partido Acci\u00f3n\u2026","rel":"","context":"En \u00ab1983\u00bb","block_context":{"text":"1983","link":"https:\/\/estrategica.com.co\/blog\/category\/ano\/1983\/"},"img":{"alt_text":"","src":"https:\/\/i0.wp.com\/estrategica.com.co\/blog\/wp-content\/uploads\/2009\/05\/av043_thumb.png?fit=457%2C335&ssl=1&resize=350%2C200","width":350,"height":200},"classes":[]},{"id":13946,"url":"https:\/\/estrategica.com.co\/blog\/spot-de-accion-democratica-lusinchi\/","url_meta":{"origin":13940,"position":5},"title":"Spot de Acci\u00f3n Democr\u00e1tica &#8211; Lusinchi","author":"estrategica.com","date":"junio 6, 2010","format":false,"excerpt":"[hana-flv-player video=\"\/blog\/wp-content\/uploads\/2009\/01\/videos_ultimos\/av050.flv\" width=\"550\" height=\"\" description=\"Spot de Acci\u00f3n Democr\u00e1tica - Lusinchi\" clickurl=\"\" clicktarget=\"\" player=\"4\" autoplay=\"false\" loop=\"false\" autorewind=\"true\" splashimage=\"\" skin=\"\" \/] [icon color=\"Accent-Color\" size=\"regular\" image=\"steadysets-icon-chat\"] Contexto Spot de la Campa\u00f1a de Jaime Lusinchi a la Presidencia de Venezuela durante la contienda electoral de 1983. La aspiraci\u00f3n de present\u00f3 a nombre del Partido\u2026","rel":"","context":"En \u00ab1983\u00bb","block_context":{"text":"1983","link":"https:\/\/estrategica.com.co\/blog\/category\/ano\/1983\/"},"img":{"alt_text":"","src":"https:\/\/i0.wp.com\/estrategica.com.co\/blog\/wp-content\/uploads\/2009\/05\/av050_thumb.png?fit=449%2C345&ssl=1&resize=350%2C200","width":350,"height":200},"classes":[]}],"jetpack_sharing_enabled":true,"_links":{"self":[{"href":"https:\/\/estrategica.com.co\/blog\/wp-json\/wp\/v2\/posts\/13940","targetHints":{"allow":["GET"]}}],"collection":[{"href":"https:\/\/estrategica.com.co\/blog\/wp-json\/wp\/v2\/posts"}],"about":[{"href":"https:\/\/estrategica.com.co\/blog\/wp-json\/wp\/v2\/types\/post"}],"author":[{"embeddable":true,"href":"https:\/\/estrategica.com.co\/blog\/wp-json\/wp\/v2\/users\/4"}],"replies":[{"embeddable":true,"href":"https:\/\/estrategica.com.co\/blog\/wp-json\/wp\/v2\/comments?post=13940"}],"version-history":[{"count":8,"href":"https:\/\/estrategica.com.co\/blog\/wp-json\/wp\/v2\/posts\/13940\/revisions"}],"predecessor-version":[{"id":45795,"href":"https:\/\/estrategica.com.co\/blog\/wp-json\/wp\/v2\/posts\/13940\/revisions\/45795"}],"wp:featuredmedia":[{"embeddable":true,"href":"https:\/\/estrategica.com.co\/blog\/wp-json\/wp\/v2\/media\/13941"}],"wp:attachment":[{"href":"https:\/\/estrategica.com.co\/blog\/wp-json\/wp\/v2\/media?parent=13940"}],"wp:term":[{"taxonomy":"category","embeddable":true,"href":"https:\/\/estrategica.com.co\/blog\/wp-json\/wp\/v2\/categories?post=13940"},{"taxonomy":"post_tag","embeddable":true,"href":"https:\/\/estrategica.com.co\/blog\/wp-json\/wp\/v2\/tags?post=13940"}],"curies":[{"name":"wp","href":"https:\/\/api.w.org\/{rel}","templated":true}]}}