{"id":142,"date":"2008-12-31T04:00:01","date_gmt":"2008-12-31T04:00:01","guid":{"rendered":"http:\/\/estrategica.com.co\/blog\/?p=142"},"modified":"2015-07-08T11:03:37","modified_gmt":"2015-07-08T16:03:37","slug":"un-presidente-joven-para-una-francia-moderna","status":"publish","type":"post","link":"https:\/\/estrategica.com.co\/blog\/un-presidente-joven-para-una-francia-moderna\/","title":{"rendered":"Un Presidente Joven para una Francia Moderna"},"content":{"rendered":"<p><img loading=\"lazy\" decoding=\"async\" data-attachment-id=\"141\" data-permalink=\"https:\/\/estrategica.com.co\/blog\/un-presidente-joven-para-una-francia-moderna\/degaulle-02\/\" data-orig-file=\"https:\/\/i0.wp.com\/estrategica.com.co\/blog\/wp-content\/uploads\/2008\/12\/degaulle-02.jpg?fit=200%2C285&amp;ssl=1\" data-orig-size=\"200,285\" data-comments-opened=\"1\" data-image-meta=\"{&quot;aperture&quot;:&quot;0&quot;,&quot;credit&quot;:&quot;&quot;,&quot;camera&quot;:&quot;&quot;,&quot;caption&quot;:&quot;&quot;,&quot;created_timestamp&quot;:&quot;0&quot;,&quot;copyright&quot;:&quot;&quot;,&quot;focal_length&quot;:&quot;0&quot;,&quot;iso&quot;:&quot;0&quot;,&quot;shutter_speed&quot;:&quot;0&quot;,&quot;title&quot;:&quot;&quot;}\" data-image-title=\"degaulle-02\" data-image-description=\"\" data-image-caption=\"\" data-medium-file=\"https:\/\/i0.wp.com\/estrategica.com.co\/blog\/wp-content\/uploads\/2008\/12\/degaulle-02.jpg?fit=200%2C285&amp;ssl=1\" data-large-file=\"https:\/\/i0.wp.com\/estrategica.com.co\/blog\/wp-content\/uploads\/2008\/12\/degaulle-02.jpg?fit=200%2C285&amp;ssl=1\" class=\"alignnone size-full wp-image-141\" title=\"degaulle-02\" src=\"https:\/\/i0.wp.com\/estrategica.com.co\/blog\/wp-content\/uploads\/2008\/12\/degaulle-02.jpg?resize=200%2C300\" alt=\"degaulle-02\" width=\"200\" height=\"300\" data-recalc-dims=\"1\" \/><\/p>\n<p style=\"text-align: justify;\">Como representante de la Convenci\u00f3n de Instituciones Republicanas (CIR), Mitterrand, pasa a ser el candidato \u00fanico de la izquierda en las elecciones de 1965, lo cual no deja de ser curioso en la medida en que el CIR en una formaci\u00f3n peque\u00f1a en el espectro pol\u00edtico. En la primera vuelta electoral Charles de Gaulle obtiene el 44,64% seguido por Mitterrand con un 31,72% superando ampliamente al candidato de centro Jean Lecanuet con un 15,57% de los votos. En la segunda vuelta Mitterrand es apoyado por toda la izquierda, el centro, los conservadores moderados y hasta por parte de la extrema derecha. En la segunda vuelta electoral el general de Gaulle obtiene el 55,1% de los votos, ganado la Presidencia de Francia. De Gaulle llega a estas elecciones debilitado ante la opini\u00f3n p\u00fablica por la construcci\u00f3n del Mercado Com\u00fan Europeo. De Gaulle no logra imponerse en la primera vuelta obteniendo 34 puntos menos que en las elecciones anteriores. El general estuvo a punto de renunciar a su candidatura. Los instrumentos de campa\u00f1a de Mitterrand resaltan su juventud y expectativas de cambio. Se explota la imagen juvenil de un Mitterrand que mira con serenidad el firmamento. De Gaulle sufre el desgaste del ejercicio del poder y la controversia partidista, Mitterrand recoge el sentimiento anti De Gaulle en una campa\u00f1a polarizada entre el cambio y el continuismo, sin embargo, los votos de Mitterrand no son de \u00e9l son contra De Gaulle, lo cual quedo demostrado en elecciones posteriores.<\/p>\n","protected":false},"excerpt":{"rendered":"<p>Como representante de la Convenci\u00f3n de Instituciones Republicanas (CIR), Mitterrand, pasa a ser el candidato \u00fanico de la izquierda en las elecciones de 1965, lo cual no deja de ser curioso en la medida en que el CIR en una formaci\u00f3n peque\u00f1a en el espectro pol\u00edtico. En la primera vuelta electoral Charles de Gaulle obtiene [&hellip;]<\/p>\n","protected":false},"author":2,"featured_media":59126,"comment_status":"open","ping_status":"open","sticky":false,"template":"","format":"standard","meta":{"_et_pb_use_builder":"","_et_pb_old_content":"","_et_gb_content_width":"","advanced_seo_description":"","jetpack_seo_html_title":"","jetpack_seo_noindex":false,"footnotes":""},"categories":[271,5,263,57,46,50,10,11],"tags":[67,54,65],"class_list":["post-142","post","type-post","status-publish","format-standard","has-post-thumbnail","hentry","category-271","category-afiches","category-ano","category-campana-presidencial","category-fotograficos","category-francia","category-geo","category-temas","tag-elecciones-1965","tag-francois-mitterrand","tag-partido-socialista-frances"],"jetpack_featured_media_url":"https:\/\/i0.wp.com\/estrategica.com.co\/blog\/wp-content\/uploads\/2008\/12\/Un-Presidente-Joven-para-una-Francia-Moderna.jpg?fit=200%2C285&ssl=1","jetpack_shortlink":"https:\/\/wp.me\/p4wgsh-2i","jetpack-related-posts":[{"id":133,"url":"https:\/\/estrategica.com.co\/blog\/la-fuerza-tranquila\/","url_meta":{"origin":142,"position":0},"title":"La Fuerza Tranquila","author":"camilorojas","date":"diciembre 31, 2008","format":false,"excerpt":"Mitterand viene de una larga carrera publica en donde se ha desempe\u00f1ado como ministro, parlamentario, alcalde, concejal, representante de Francia en distintos foros internacionales, secretario general del Partido Socialista, candidato a la Presidencia de la Rep\u00fablica y adversario de De Gaulle en el contexto de mayo del 68 en donde\u2026","rel":"","context":"En \u00ab1981\u00bb","block_context":{"text":"1981","link":"https:\/\/estrategica.com.co\/blog\/category\/ano\/1981\/"},"img":{"alt_text":"","src":"https:\/\/i0.wp.com\/estrategica.com.co\/blog\/wp-content\/uploads\/2008\/12\/La-Fuerza-Tranquila.jpg?fit=800%2C298&ssl=1&resize=350%2C200","width":350,"height":200},"classes":[]},{"id":4676,"url":"https:\/\/estrategica.com.co\/blog\/de-todas-las-fuerzas-de-francia\/","url_meta":{"origin":142,"position":1},"title":"DE TODAS LAS FUERZAS DE FRANCIA","author":"estrategica.com","date":"marzo 1, 2009","format":false,"excerpt":"\u00a0Afiche de Campa\u00f1a de Francois Mitterrand durante la campa\u00f1a de 1981. El slogan es \u201cLa otra Pol\u00edtica\u201d aunque el slogan principal de campa\u00f1a es \u201cLa Fuerza Tranquila\u201d. Mitterand viene de una larga carrera publica en donde se ha desempe\u00f1ado como ministro, parlamentario, alcalde, concejal, representante de Francia en distintos foros\u2026","rel":"","context":"En \u00ab1981\u00bb","block_context":{"text":"1981","link":"https:\/\/estrategica.com.co\/blog\/category\/ano\/1981\/"},"img":{"alt_text":"","src":"https:\/\/i0.wp.com\/estrategica.com.co\/blog\/wp-content\/uploads\/2009\/03\/774.jpg?fit=450%2C288&ssl=1&resize=350%2C200","width":350,"height":200},"classes":[]},{"id":4691,"url":"https:\/\/estrategica.com.co\/blog\/cuando-francia-se-empequenece-frente-a-los-grandes\/","url_meta":{"origin":142,"position":2},"title":"Cuando Francia se empeque\u00f1ece frente a los grandes","author":"estrategica.com","date":"marzo 2, 2009","format":false,"excerpt":"Afiche de Campa\u00f1a de Francois Mitterrand durante la campa\u00f1a de 1981. El slogan es \u201cLa otra Pol\u00edtica\u201d aunque el slogan principal de campa\u00f1a es \u201cLa Fuerza Tranquila\u201d. Mitterand viene de una larga carrera publica en donde se ha desempe\u00f1ado como ministro, parlamentario, alcalde, concejal, representante de Francia en distintos foros\u2026","rel":"","context":"En \u00ab1981\u00bb","block_context":{"text":"1981","link":"https:\/\/estrategica.com.co\/blog\/category\/ano\/1981\/"},"img":{"alt_text":"","src":"https:\/\/i0.wp.com\/estrategica.com.co\/blog\/wp-content\/uploads\/2009\/03\/affiche13.jpg?fit=1134%2C800&ssl=1&resize=350%2C200","width":350,"height":200},"classes":[]},{"id":4671,"url":"https:\/\/estrategica.com.co\/blog\/la-otra-politica\/","url_meta":{"origin":142,"position":3},"title":"La Otra Pol\u00edtica","author":"estrategica.com","date":"marzo 1, 2009","format":false,"excerpt":"Afiche de Campa\u00f1a de Francois Mitterrand durante la campa\u00f1a de 1981. El slogan es \u201cLa otra Pol\u00edtica\u201d aunque el slogan principal de campa\u00f1a es \u201cLa Fuerza Tranquila\u201d. Mitterand viene de una larga carrera publica en donde se ha desempe\u00f1ado como ministro, parlamentario, alcalde, concejal, representante de Francia en distintos foros\u2026","rel":"","context":"En \u00ab1981\u00bb","block_context":{"text":"1981","link":"https:\/\/estrategica.com.co\/blog\/category\/ano\/1981\/"},"img":{"alt_text":"","src":"https:\/\/i0.wp.com\/estrategica.com.co\/blog\/wp-content\/uploads\/2009\/03\/al027352.jpg?resize=350%2C200","width":350,"height":200},"classes":[]},{"id":4679,"url":"https:\/\/estrategica.com.co\/blog\/cuando-tratamos-a-los-ricos-mejor-que-a-los-pobres\/","url_meta":{"origin":142,"position":4},"title":"Cuando tratamos a los ricos mejor que a los pobres","author":"estrategica.com","date":"marzo 1, 2009","format":false,"excerpt":"Afiche de Campa\u00f1a de Francois Mitterrand durante la campa\u00f1a de 1981. El slogan es \u201cLa otra Pol\u00edtica\u201d aunque el slogan principal de campa\u00f1a es \u201cLa Fuerza Tranquila\u201d. Mitterand viene de una larga carrera publica en donde se ha desempe\u00f1ado como ministro, parlamentario, alcalde, concejal, representante de Francia en distintos foros\u2026","rel":"","context":"En \u00ab1981\u00bb","block_context":{"text":"1981","link":"https:\/\/estrategica.com.co\/blog\/category\/ano\/1981\/"},"img":{"alt_text":"","src":"https:\/\/i0.wp.com\/estrategica.com.co\/blog\/wp-content\/uploads\/2009\/03\/bachelet11-3.jpg?fit=500%2C334&ssl=1&resize=350%2C200","width":350,"height":200},"classes":[]},{"id":4687,"url":"https:\/\/estrategica.com.co\/blog\/cuando-el-primer-empleo-de-los-jovenes-es-el-desempleo\/","url_meta":{"origin":142,"position":5},"title":"Cuando el primer empleo de los j\u00f3venes es el desempleo","author":"estrategica.com","date":"marzo 2, 2009","format":false,"excerpt":"Afiche de Campa\u00f1a de Francois Mitterrand durante la campa\u00f1a de 1981. El slogan es \u201cLa otra Pol\u00edtica\u201d aunque el slogan principal de campa\u00f1a es \u201cLa Fuerza Tranquila\u201d. Mitterand viene de una larga carrera publica en donde se ha desempe\u00f1ado como ministro, parlamentario, alcalde, concejal, representante de Francia en distintos foros\u2026","rel":"","context":"En \u00ab1981\u00bb","block_context":{"text":"1981","link":"https:\/\/estrategica.com.co\/blog\/category\/ano\/1981\/"},"img":{"alt_text":"","src":"https:\/\/i0.wp.com\/estrategica.com.co\/blog\/wp-content\/uploads\/2009\/03\/mitt.jpg?fit=413%2C286&ssl=1&resize=350%2C200","width":350,"height":200},"classes":[]}],"jetpack_sharing_enabled":true,"_links":{"self":[{"href":"https:\/\/estrategica.com.co\/blog\/wp-json\/wp\/v2\/posts\/142","targetHints":{"allow":["GET"]}}],"collection":[{"href":"https:\/\/estrategica.com.co\/blog\/wp-json\/wp\/v2\/posts"}],"about":[{"href":"https:\/\/estrategica.com.co\/blog\/wp-json\/wp\/v2\/types\/post"}],"author":[{"embeddable":true,"href":"https:\/\/estrategica.com.co\/blog\/wp-json\/wp\/v2\/users\/2"}],"replies":[{"embeddable":true,"href":"https:\/\/estrategica.com.co\/blog\/wp-json\/wp\/v2\/comments?post=142"}],"version-history":[{"count":5,"href":"https:\/\/estrategica.com.co\/blog\/wp-json\/wp\/v2\/posts\/142\/revisions"}],"predecessor-version":[{"id":4033,"href":"https:\/\/estrategica.com.co\/blog\/wp-json\/wp\/v2\/posts\/142\/revisions\/4033"}],"wp:featuredmedia":[{"embeddable":true,"href":"https:\/\/estrategica.com.co\/blog\/wp-json\/wp\/v2\/media\/59126"}],"wp:attachment":[{"href":"https:\/\/estrategica.com.co\/blog\/wp-json\/wp\/v2\/media?parent=142"}],"wp:term":[{"taxonomy":"category","embeddable":true,"href":"https:\/\/estrategica.com.co\/blog\/wp-json\/wp\/v2\/categories?post=142"},{"taxonomy":"post_tag","embeddable":true,"href":"https:\/\/estrategica.com.co\/blog\/wp-json\/wp\/v2\/tags?post=142"}],"curies":[{"name":"wp","href":"https:\/\/api.w.org\/{rel}","templated":true}]}}