{"id":14258,"date":"2009-05-24T14:32:00","date_gmt":"2009-05-24T14:32:00","guid":{"rendered":"http:\/\/estrategica.com.co\/blog\/?p=14258"},"modified":"2015-02-09T15:07:41","modified_gmt":"2015-02-09T20:07:41","slug":"derecho-de-reunion-jovenes-por-los-derechos-humanos-internacional","status":"publish","type":"post","link":"https:\/\/estrategica.com.co\/blog\/derecho-de-reunion-jovenes-por-los-derechos-humanos-internacional\/","title":{"rendered":"Derecho de Reuni\u00f3n &#8211; J\u00f3venes por los Derechos Humanos Internacional"},"content":{"rendered":"<p> <script type='text\/javascript' src='https:\/\/estrategica.com.co\/blog\/wp-content\/plugins\/hana-flv-player\/flowplayer3\/example\/flowplayer-3.2.6.min.js'><\/script>\n<div >\n<div id='hana_flv_flow3_1' style='display:block;width:550px;height:413px;background-color:#555555;color:#ffffff;padding:0' title=\"*Video:derecho de reuni\u00f3n - j\u00f3venes por los derechos humanos internacional\"><\/div>\n<\/div>\n\n<script  type='text\/javascript'>\nif (typeof g_hanaFlash !== 'undefined' && !g_hanaFlash){\n    jQuery('#hana_flv_flow3_1').css( 'padding', '5px' );\n\tjQuery('#hana_flv_flow3_1').html(\"<span class='inactive_message' style='display:block'>Sorry, your browser does not support Flash Video Player<\/span> *Video:derecho de reuni\u00f3n - j\u00f3venes por los derechos humanos internacional\");\n}else{\t\t\t\n\t\tflowplayer('hana_flv_flow3_1', { src: 'https:\/\/estrategica.com.co\/blog\/wp-content\/plugins\/hana-flv-player\/flowplayer3\/flowplayer-3.2.7.swf', wmode: 'transparent' }, { \n\n\t\t\tcanvas: { backgroundColor: '#000000', backgroundGradient: 'none',},\n    \t\tclip:  { \n    \t\t\turl: '\/blog\/wp-content\/uploads\/2009\/01\/videos_ultimos\/av099.flv',\n        \t\tscaling: 'fit', autoPlay: false, autoBuffering: true \n\t\t\t\t   , onFinish : function () { this.seek(0); }  \n\n\t        }\n\n\t\t});\n}\n<\/script><br \/>\n<\/br><\/p>\n<p>[icon color=\u00bbAccent-Color\u00bb size=\u00bbregular\u00bb image=\u00bbsteadysets-icon-chat\u00bb] <strong>Contexto<\/strong><\/br><\/br><\/p>\n<p style=\"text-align: justify;\">Spot de la campa\u00f1a impulsada por los J\u00f3venes por los Derechos Humanos Internacional (Youth for Human Rights International). El objetivo de la campa\u00f1a es el de posicionar los distintos Derechos Humanos en las audiencias j\u00f3venes. A partir del a\u00f1o 2005 la organizaci\u00f3n ha difundido 30 spot en donde se visualizan cada uno de los art\u00edculos de la Declaraci\u00f3n Universal de Derechos Humanos de las Naciones Unidas. El primero de esos spot ha sido visto por m\u00e1s de 130 millones de personas a trav\u00e9s de la red. Los spot son atractivos, visualmente bien dise\u00f1ados, \u00e1giles y con capacidad de persuadir y posicionar su mensaje en audiencias j\u00f3venes..<\/p><\/p>\n","protected":false},"excerpt":{"rendered":"<p>*Video: derecho de reuni\u00f3n &#8211; j\u00f3venes por los derechos humanos internacional [icon color=\u00bbAccent-Color\u00bb size=\u00bbregular\u00bb image=\u00bbsteadysets-icon-chat\u00bb] Contexto Spot de la campa\u00f1a impulsada por los J\u00f3venes por los Derechos Humanos Internacional (Youth for Human Rights International). El objetivo de la campa\u00f1a es el de posicionar los distintos Derechos Humanos en las audiencias j\u00f3venes. A partir del a\u00f1o [&hellip;]<\/p>\n","protected":false},"author":4,"featured_media":14259,"comment_status":"open","ping_status":"open","sticky":false,"template":"","format":"standard","meta":{"_et_pb_use_builder":"","_et_pb_old_content":"","_et_gb_content_width":"","advanced_seo_description":"","jetpack_seo_html_title":"","jetpack_seo_noindex":false,"footnotes":""},"categories":[269,263,27,64,10,35,11,3],"tags":[563,167,528],"class_list":["post-14258","post","type-post","status-publish","format-standard","has-post-thumbnail","hentry","category-269","category-ano","category-divulgacion-politica","category-estados-unidos","category-geo","category-mensaje-politico","category-temas","category-video","tag-derecho-de-reunion","tag-derechos-humanos","tag-jovenes-por-los-derechos-humanos-internacional"],"jetpack_featured_media_url":"https:\/\/i0.wp.com\/estrategica.com.co\/blog\/wp-content\/uploads\/2009\/05\/av099_thumb.png?fit=435%2C297&ssl=1","jetpack_shortlink":"https:\/\/wp.me\/p4wgsh-3HY","jetpack-related-posts":[{"id":15376,"url":"https:\/\/estrategica.com.co\/blog\/derechos-humanos-jovenes-por-los-derechos-humanos-internacional-3\/","url_meta":{"origin":14258,"position":0},"title":"Derechos Humanos &#8211; J\u00f3venes por los Derechos Humanos Internacional","author":"Juliana","date":"octubre 19, 2009","format":false,"excerpt":"[hana-flv-player video=\"\/blog\/wp-content\/uploads\/2009\/01\/videos_ultimos\/av219.flv\" width=\"550\" height=\"\" description=\"Derechos Humanos - J\u00f3venes por los Derechos Humanos Internacional\" clickurl=\"\" clicktarget=\"\" player=\"4\" autoplay=\"false\" loop=\"false\" autorewind=\"true\" splashimage=\"\" skin=\"\" \/] [icon color=\"Accent-Color\" size=\"regular\" image=\"steadysets-icon-chat\"] Contexto Spot de la campa\u00f1a impulsada por los J\u00f3venes por los Derechos Humanos Internacional (Youth for Human Rights International). El objetivo de la campa\u00f1a\u2026","rel":"","context":"En \u00ab2007\u00bb","block_context":{"text":"2007","link":"https:\/\/estrategica.com.co\/blog\/category\/ano\/2007\/"},"img":{"alt_text":"","src":"https:\/\/i0.wp.com\/estrategica.com.co\/blog\/wp-content\/uploads\/2009\/05\/av219_thumb.png?fit=406%2C302&ssl=1&resize=350%2C200","width":350,"height":200},"classes":[]},{"id":14218,"url":"https:\/\/estrategica.com.co\/blog\/derechos-humanos-jovenes-por-los-derechos-humanos-internacional-2\/","url_meta":{"origin":14258,"position":1},"title":"Derechos Humanos &#8211; J\u00f3venes por los Derechos Humanos Internacional","author":"estrategica.com","date":"mayo 24, 2009","format":false,"excerpt":"[hana-flv-player video=\"\/blog\/wp-content\/uploads\/2009\/01\/videos_ultimos\/av094.flv\" width=\"550\" height=\"\" description=\"Derechos Humanos - J\u00f3venes por los Derechos Humanos Internacional\" clickurl=\"\" clicktarget=\"\" player=\"4\" autoplay=\"false\" loop=\"false\" autorewind=\"true\" splashimage=\"\" skin=\"\" \/] [icon color=\"Accent-Color\" size=\"regular\" image=\"steadysets-icon-chat\"] Contexto Spot de la campa\u00f1a impulsada por los J\u00f3venes por los Derechos Humanos Internacional (Youth for Human Rights International). El objetivo de la campa\u00f1a\u2026","rel":"","context":"En \u00ab2007\u00bb","block_context":{"text":"2007","link":"https:\/\/estrategica.com.co\/blog\/category\/ano\/2007\/"},"img":{"alt_text":"","src":"https:\/\/i0.wp.com\/estrategica.com.co\/blog\/wp-content\/uploads\/2009\/05\/av094_thumb.png?fit=445%2C333&ssl=1&resize=350%2C200","width":350,"height":200},"classes":[]},{"id":14232,"url":"https:\/\/estrategica.com.co\/blog\/derechos-humanos-jovenes-por-los-derechos-humanos-internacional\/","url_meta":{"origin":14258,"position":2},"title":"Derechos Humanos &#8211; J\u00f3venes por los Derechos Humanos Internacional","author":"estrategica.com","date":"mayo 24, 2009","format":false,"excerpt":"[hana-flv-player video=\"\/blog\/wp-content\/uploads\/2009\/01\/videos_ultimos\/av096.flv\" width=\"550\" height=\"\" description=\"Derechos Humanos - J\u00f3venes por los Derechos Humanos Internacional\" clickurl=\"\" clicktarget=\"\" player=\"4\" autoplay=\"false\" loop=\"false\" autorewind=\"true\" splashimage=\"\" skin=\"\" \/] [icon color=\"Accent-Color\" size=\"regular\" image=\"steadysets-icon-chat\"] Contexto Spot de la campa\u00f1a impulsada por los J\u00f3venes por los Derechos Humanos Internacional (Youth for Human Rights International). El objetivo de la campa\u00f1a\u2026","rel":"","context":"En \u00ab2007\u00bb","block_context":{"text":"2007","link":"https:\/\/estrategica.com.co\/blog\/category\/ano\/2007\/"},"img":{"alt_text":"","src":"https:\/\/i0.wp.com\/estrategica.com.co\/blog\/wp-content\/uploads\/2009\/05\/av096_thumb.png?fit=418%2C253&ssl=1&resize=350%2C200","width":350,"height":200},"classes":[]},{"id":14182,"url":"https:\/\/estrategica.com.co\/blog\/derecho-a-la-nacionalidad-jovenes-por-los-derechos-humanos-internacional\/","url_meta":{"origin":14258,"position":3},"title":"Derecho a la Nacionalidad &#8211; J\u00f3venes por los Derechos Humanos Internacional","author":"Juliana","date":"mayo 19, 2009","format":false,"excerpt":"[hana-flv-player video=\"\/blog\/wp-content\/uploads\/2009\/01\/videos_ultimos\/av091.flv\" width=\"550\" height=\"\" description=\"Derecho a la Nacionalidad - J\u00f3venes por los Derechos Humanos Internacional\" clickurl=\"\" clicktarget=\"\" player=\"4\" autoplay=\"false\" loop=\"false\" autorewind=\"true\" splashimage=\"\" skin=\"\" \/] [icon color=\"Accent-Color\" size=\"regular\" image=\"steadysets-icon-chat\"] Contexto Spot de la campa\u00f1a impulsada por los J\u00f3venes por los Derechos Humanos Internacional (Youth for Human Rights International). El objetivo de\u2026","rel":"","context":"En \u00ab2007\u00bb","block_context":{"text":"2007","link":"https:\/\/estrategica.com.co\/blog\/category\/ano\/2007\/"},"img":{"alt_text":"","src":"https:\/\/i0.wp.com\/estrategica.com.co\/blog\/wp-content\/uploads\/2009\/05\/av091_thumb.png?fit=404%2C322&ssl=1&resize=350%2C200","width":350,"height":200},"classes":[]},{"id":14173,"url":"https:\/\/estrategica.com.co\/blog\/derecho-a-la-intimidad-jovenes-por-los-derechos-humanos-internacional\/","url_meta":{"origin":14258,"position":4},"title":"Derecho a la intimidad &#8211; J\u00f3venes por los Derechos Humanos Internacional","author":"Juliana","date":"mayo 19, 2009","format":false,"excerpt":"[hana-flv-player video=\"\/blog\/wp-content\/uploads\/2009\/01\/videos_ultimos\/av089.flv\" width=\"550\" height=\"\" description=\"Derecho a la intimidad - J\u00f3venes por los Derechos Humanos Internacional\" clickurl=\"\" clicktarget=\"\" player=\"4\" autoplay=\"false\" loop=\"false\" autorewind=\"true\" splashimage=\"\" skin=\"\" \/] [icon color=\"Accent-Color\" size=\"regular\" image=\"steadysets-icon-chat\"] Contexto Spot de la campa\u00f1a impulsada por los J\u00f3venes por los Derechos Humanos Internacional (Youth for Human Rights International). El objetivo de\u2026","rel":"","context":"En \u00ab2007\u00bb","block_context":{"text":"2007","link":"https:\/\/estrategica.com.co\/blog\/category\/ano\/2007\/"},"img":{"alt_text":"","src":"https:\/\/i0.wp.com\/estrategica.com.co\/blog\/wp-content\/uploads\/2009\/05\/av089_thumb.png?fit=414%2C269&ssl=1&resize=350%2C200","width":350,"height":200},"classes":[]},{"id":14240,"url":"https:\/\/estrategica.com.co\/blog\/derecho-de-asilo-jovenes-por-los-derechos-humanos-internacional\/","url_meta":{"origin":14258,"position":5},"title":"Derecho de Asilo &#8211; J\u00f3venes por los Derechos Humanos Internacional","author":"estrategica.com","date":"mayo 24, 2009","format":false,"excerpt":"[hana-flv-player video=\"\/blog\/wp-content\/uploads\/2009\/01\/videos_ultimos\/av097.flv\" width=\"550\" height=\"\" description=\"Derecho de Asilo - J\u00f3venes por los Derechos Humanos Internacional\" clickurl=\"\" clicktarget=\"\" player=\"4\" autoplay=\"false\" loop=\"false\" autorewind=\"true\" splashimage=\"\" skin=\"\" \/] [icon color=\"Accent-Color\" size=\"regular\" image=\"steadysets-icon-chat\"] Contexto Spot de la campa\u00f1a impulsada por los J\u00f3venes por los Derechos Humanos Internacional (Youth for Human Rights International). El objetivo de la\u2026","rel":"","context":"En \u00ab2007\u00bb","block_context":{"text":"2007","link":"https:\/\/estrategica.com.co\/blog\/category\/ano\/2007\/"},"img":{"alt_text":"","src":"https:\/\/i0.wp.com\/estrategica.com.co\/blog\/wp-content\/uploads\/2009\/05\/av097_thumb.png?fit=430%2C291&ssl=1&resize=350%2C200","width":350,"height":200},"classes":[]}],"jetpack_sharing_enabled":true,"_links":{"self":[{"href":"https:\/\/estrategica.com.co\/blog\/wp-json\/wp\/v2\/posts\/14258","targetHints":{"allow":["GET"]}}],"collection":[{"href":"https:\/\/estrategica.com.co\/blog\/wp-json\/wp\/v2\/posts"}],"about":[{"href":"https:\/\/estrategica.com.co\/blog\/wp-json\/wp\/v2\/types\/post"}],"author":[{"embeddable":true,"href":"https:\/\/estrategica.com.co\/blog\/wp-json\/wp\/v2\/users\/4"}],"replies":[{"embeddable":true,"href":"https:\/\/estrategica.com.co\/blog\/wp-json\/wp\/v2\/comments?post=14258"}],"version-history":[{"count":8,"href":"https:\/\/estrategica.com.co\/blog\/wp-json\/wp\/v2\/posts\/14258\/revisions"}],"predecessor-version":[{"id":45836,"href":"https:\/\/estrategica.com.co\/blog\/wp-json\/wp\/v2\/posts\/14258\/revisions\/45836"}],"wp:featuredmedia":[{"embeddable":true,"href":"https:\/\/estrategica.com.co\/blog\/wp-json\/wp\/v2\/media\/14259"}],"wp:attachment":[{"href":"https:\/\/estrategica.com.co\/blog\/wp-json\/wp\/v2\/media?parent=14258"}],"wp:term":[{"taxonomy":"category","embeddable":true,"href":"https:\/\/estrategica.com.co\/blog\/wp-json\/wp\/v2\/categories?post=14258"},{"taxonomy":"post_tag","embeddable":true,"href":"https:\/\/estrategica.com.co\/blog\/wp-json\/wp\/v2\/tags?post=14258"}],"curies":[{"name":"wp","href":"https:\/\/api.w.org\/{rel}","templated":true}]}}