{"id":14349,"date":"2009-05-25T12:59:01","date_gmt":"2009-05-25T12:59:01","guid":{"rendered":"http:\/\/estrategica.com.co\/blog\/?p=14349"},"modified":"2015-02-09T14:29:07","modified_gmt":"2015-02-09T19:29:07","slug":"dolor-sin-fronteras","status":"publish","type":"post","link":"https:\/\/estrategica.com.co\/blog\/dolor-sin-fronteras\/","title":{"rendered":"Dolor Sin Fronteras"},"content":{"rendered":"<p> <script type='text\/javascript' src='https:\/\/estrategica.com.co\/blog\/wp-content\/plugins\/hana-flv-player\/flowplayer3\/example\/flowplayer-3.2.6.min.js'><\/script>\n<div >\n<div id='hana_flv_flow3_1' style='display:block;width:550px;height:413px;background-color:#555555;color:#ffffff;padding:0' title=\"*Video:dolor sin fronteras\"><\/div>\n<\/div>\n\n<script  type='text\/javascript'>\nif (typeof g_hanaFlash !== 'undefined' && !g_hanaFlash){\n    jQuery('#hana_flv_flow3_1').css( 'padding', '5px' );\n\tjQuery('#hana_flv_flow3_1').html(\"<span class='inactive_message' style='display:block'>Sorry, your browser does not support Flash Video Player<\/span> *Video:dolor sin fronteras\");\n}else{\t\t\t\n\t\tflowplayer('hana_flv_flow3_1', { src: 'https:\/\/estrategica.com.co\/blog\/wp-content\/plugins\/hana-flv-player\/flowplayer3\/flowplayer-3.2.7.swf', wmode: 'transparent' }, { \n\n\t\t\tcanvas: { backgroundColor: '#000000', backgroundGradient: 'none',},\n    \t\tclip:  { \n    \t\t\turl: '\/blog\/wp-content\/uploads\/2009\/01\/videos_ultimos\/av111.flv',\n        \t\tscaling: 'fit', autoPlay: false, autoBuffering: true \n\t\t\t\t   , onFinish : function () { this.seek(0); }  \n\n\t        }\n\n\t\t});\n}\n<\/script><br \/>\n<\/br><\/p>\n<p>[icon color=\u00bbAccent-Color\u00bb size=\u00bbregular\u00bb image=\u00bbsteadysets-icon-chat\u00bb] <strong>Contexto<\/strong><\/br><\/br><\/p>\n<p style=\"text-align: justify;\">Spot de la ONG francesa \u201cDolor Sin Fronteras\u201d en el a\u00f1o 2008. La organizaci\u00f3n, fundada en 1996 por m\u00e9dicos franceses, lucha en los lugares en conflicto por mitigar el dolor de los pacientes  especialmente aquellos que han sido amputados o victimas de minas terrestres, pero tambi\u00e9n trabajan las enfermedades cr\u00f3nicas, el dolor postoperatorio, las quemaduras, la malnutrici\u00f3n y las enfermedades que requieran cuidados paliativos. Dolor sin Fronteras tambi\u00e9n implementa programas de apoyo moral y psicol\u00f3gico de las v\u00edctimas, especialmente a los ni\u00f1os. El spot que vemos muestra precisamente una secuencia en donde un ni\u00f1o se ve afectado por una serie de hechos que lo afectan dolorosamente.<\/p><\/p>\n","protected":false},"excerpt":{"rendered":"<p>*Video: dolor sin fronteras [icon color=\u00bbAccent-Color\u00bb size=\u00bbregular\u00bb image=\u00bbsteadysets-icon-chat\u00bb] Contexto Spot de la ONG francesa \u201cDolor Sin Fronteras\u201d en el a\u00f1o 2008. La organizaci\u00f3n, fundada en 1996 por m\u00e9dicos franceses, lucha en los lugares en conflicto por mitigar el dolor de los pacientes especialmente aquellos que han sido amputados o victimas de minas terrestres, pero tambi\u00e9n [&hellip;]<\/p>\n","protected":false},"author":4,"featured_media":14350,"comment_status":"open","ping_status":"open","sticky":false,"template":"","format":"standard","meta":{"_et_pb_use_builder":"","_et_pb_old_content":"","_et_gb_content_width":"","advanced_seo_description":"","jetpack_seo_html_title":"","jetpack_seo_noindex":false,"footnotes":""},"categories":[268,263,27,50,10,35,11,3],"tags":[167,414],"class_list":["post-14349","post","type-post","status-publish","format-standard","has-post-thumbnail","hentry","category-268","category-ano","category-divulgacion-politica","category-francia","category-geo","category-mensaje-politico","category-temas","category-video","tag-derechos-humanos","tag-ninos"],"jetpack_featured_media_url":"https:\/\/i0.wp.com\/estrategica.com.co\/blog\/wp-content\/uploads\/2009\/05\/av111_thumb.png?fit=399%2C268&ssl=1","jetpack_shortlink":"https:\/\/wp.me\/p4wgsh-3Jr","jetpack-related-posts":[{"id":23466,"url":"https:\/\/estrategica.com.co\/blog\/douleurssansfrontreskid\/","url_meta":{"origin":14349,"position":0},"title":"Ni\u00f1o &#8211; Dolor sin Fronteras","author":"Juliana","date":"enero 24, 2011","format":false,"excerpt":"[hana-flv-player video=\"\/blog\/wp-content\/uploads\/2009\/01\/20100708\/DouleursSansFrontresKid.flv\" width=\"550\" height=\"\" description=\"Ni\u00f1o - Dolor sin Fronteras\" clickurl=\"\" clicktarget=\"\" player=\"4\" autoplay=\"false\" loop=\"false\" autorewind=\"true\" splashimage=\"\" skin=\"\" \/] [icon color=\"Accent-Color\" size=\"regular\" image=\"steadysets-icon-chat\"] Contexto Spot de la Fundaci\u00f3n Dolor sin Fronteras, en el a\u00f1o 2008, para concientizar sobre la tragedia que afecta algunas zonas del mundo en donde el conflicto y\u2026","rel":"","context":"En \u00ab2008\u00bb","block_context":{"text":"2008","link":"https:\/\/estrategica.com.co\/blog\/category\/ano\/2008\/"},"img":{"alt_text":"","src":"https:\/\/i0.wp.com\/estrategica.com.co\/blog\/wp-content\/uploads\/2010\/07\/DouleursSansFrontresKid_thumb.png?fit=463%2C390&ssl=1&resize=350%2C200","width":350,"height":200},"classes":[]},{"id":11104,"url":"https:\/\/estrategica.com.co\/blog\/perucambio90fujimori90\/","url_meta":{"origin":14349,"position":1},"title":"Cambio 90 &#8211; Fujimori","author":"Juliana","date":"enero 17, 2011","format":false,"excerpt":"[hana-flv-player video=\"\/blog\/wp-content\/uploads\/2009\/01\/20100708\/DouleursSansFrontresKid.flv\" width=\"550\" height=\"\" description=\"Ni\u00f1o - Dolor sin Fronteras\" clickurl=\"\" clicktarget=\"\" player=\"4\" autoplay=\"false\" loop=\"false\" autorewind=\"true\" splashimage=\"\" skin=\"\" \/] [icon color=\"Accent-Color\" size=\"regular\" image=\"steadysets-icon-chat\"] Contexto Spot de la Fundaci\u00f3n Dolor sin Fronteras, en el a\u00f1o 2008, para concientizar sobre la tragedia que afecta algunas zonas del mundo en donde el conflicto y\u2026","rel":"","context":"En \u00ab1990\u00bb","block_context":{"text":"1990","link":"https:\/\/estrategica.com.co\/blog\/category\/ano\/1990\/"},"img":{"alt_text":"","src":"https:\/\/i0.wp.com\/estrategica.com.co\/blog\/wp-content\/uploads\/2009\/04\/perucambio90fujimori90_thumb.png?fit=323%2C233&ssl=1&resize=350%2C200","width":350,"height":200},"classes":[]},{"id":23741,"url":"https:\/\/estrategica.com.co\/blog\/aeropuerto-medicos-sin-fronteras\/","url_meta":{"origin":14349,"position":2},"title":"Aeropuerto &#8211; M\u00e9dicos sin Fronteras","author":"Juliana","date":"noviembre 25, 2010","format":false,"excerpt":"[hana-flv-player video=\"\/blog\/wp-content\/uploads\/2009\/01\/20100708\/MedecinsansFrontiersquotAirportquot.flv\" width=\"550\" height=\"\" description=\"Aeropuerto - M\u00e9dicos sin Fronteras\" clickurl=\"\" clicktarget=\"\" player=\"4\" autoplay=\"false\" loop=\"false\" autorewind=\"true\" splashimage=\"\" skin=\"\" \/] [icon color=\"Accent-Color\" size=\"regular\" image=\"steadysets-icon-chat\"] Contexto Spot de \u00a0M\u00e9dicos sin Fronteras Austria, en el a\u00f1o 2008, en la cual se promociona la actividad de la organizaci\u00f3n a trav\u00e9s de una pieza que a\u2026","rel":"","context":"En \u00ab2008\u00bb","block_context":{"text":"2008","link":"https:\/\/estrategica.com.co\/blog\/category\/ano\/2008\/"},"img":{"alt_text":"","src":"https:\/\/i0.wp.com\/estrategica.com.co\/blog\/wp-content\/uploads\/2010\/07\/MedecinsansFrontiersquotAirportquot_thumb.png?fit=510%2C347&ssl=1&resize=350%2C200","width":350,"height":200},"classes":[]},{"id":23744,"url":"https:\/\/estrategica.com.co\/blog\/ninos-medicos-sin-fronteras\/","url_meta":{"origin":14349,"position":3},"title":"Ni\u00f1os &#8211; M\u00e9dicos sin Fronteras","author":"Juliana","date":"noviembre 25, 2010","format":false,"excerpt":"[hana-flv-player video=\"\/blog\/wp-content\/uploads\/2009\/01\/20100708\/MedecinssansFrontiersquoChildrenquot.flv\" width=\"550\" height=\"\" description=\"Ni\u00f1os - M\u00e9dicos sin Fronteras\" clickurl=\"\" clicktarget=\"\" player=\"4\" autoplay=\"false\" loop=\"false\" autorewind=\"true\" splashimage=\"\" skin=\"\" \/] [icon color=\"Accent-Color\" size=\"regular\" image=\"steadysets-icon-chat\"] Contexto Spot de \u00a0M\u00e9dicos sin Fronteras Austria, en el a\u00f1o 2008, en la cual se promociona la actividad de la organizaci\u00f3n a trav\u00e9s de una pieza que a\u2026","rel":"","context":"En \u00ab2008\u00bb","block_context":{"text":"2008","link":"https:\/\/estrategica.com.co\/blog\/category\/ano\/2008\/"},"img":{"alt_text":"","src":"https:\/\/i0.wp.com\/estrategica.com.co\/blog\/wp-content\/uploads\/2010\/07\/MedecinssansFrontiersquoChildrenquot_thumb.png?fit=534%2C328&ssl=1&resize=350%2C200","width":350,"height":200},"classes":[]},{"id":24114,"url":"https:\/\/estrategica.com.co\/blog\/experimento-reporteros-sin-fronteras\/","url_meta":{"origin":14349,"position":4},"title":"Experimento &#8211; Reporteros sin Fronteras","author":"Juliana","date":"octubre 19, 2010","format":false,"excerpt":"[hana-flv-player video=\"\/blog\/wp-content\/uploads\/2009\/01\/20100708\/ReportersTest.flv\" width=\"550\" height=\"\" description=\"Experimento - Reporteros sin Fronteras\" clickurl=\"\" clicktarget=\"\" player=\"4\" autoplay=\"false\" loop=\"false\" autorewind=\"true\" splashimage=\"\" skin=\"\" \/] [icon color=\"Accent-Color\" size=\"regular\" image=\"steadysets-icon-chat\"] Contexto Spot de Reporteros sin Fronteras en el a\u00f1o 2008, realizado por Saatchi & Saatchi en Francia. La pieza muestra c\u00f3mo la presencia de una c\u00e1mara disuade comportamientos\u2026","rel":"","context":"En \u00ab2008\u00bb","block_context":{"text":"2008","link":"https:\/\/estrategica.com.co\/blog\/category\/ano\/2008\/"},"img":{"alt_text":"","src":"https:\/\/i0.wp.com\/estrategica.com.co\/blog\/wp-content\/uploads\/2010\/07\/ReportersTest_thumb.png?fit=591%2C465&ssl=1&resize=350%2C200","width":350,"height":200},"classes":[]},{"id":23463,"url":"https:\/\/estrategica.com.co\/blog\/doctorswithoutborderspenalty\/","url_meta":{"origin":14349,"position":5},"title":"Penalty &#8211; M\u00e9dicos sin Fronteras","author":"Juliana","date":"febrero 8, 2011","format":false,"excerpt":"[hana-flv-player video=\"\/blog\/wp-content\/uploads\/2009\/01\/20100708\/DoctorsWithoutBordersPenalty.flv\" width=\"550\" height=\"\" description=\"Penalty - M\u00e9dicos sin Fronteras\" clickurl=\"\" clicktarget=\"\" player=\"4\" autoplay=\"false\" loop=\"false\" autorewind=\"true\" splashimage=\"\" skin=\"\" \/] [icon color=\"Accent-Color\" size=\"regular\" image=\"steadysets-icon-chat\"] Contexto Spot de m\u00e9dicos sin Fronteras en Noruega, en el a\u00f1o 2008, donde se posiciona la actividad de la organizaci\u00f3n a trav\u00e9s de la problem\u00e1tica de las minas\u2026","rel":"","context":"En \u00ab2008\u00bb","block_context":{"text":"2008","link":"https:\/\/estrategica.com.co\/blog\/category\/ano\/2008\/"},"img":{"alt_text":"","src":"https:\/\/i0.wp.com\/estrategica.com.co\/blog\/wp-content\/uploads\/2010\/07\/DoctorsWithoutBordersPenalty_thumb.png?fit=588%2C370&ssl=1&resize=350%2C200","width":350,"height":200},"classes":[]}],"jetpack_sharing_enabled":true,"_links":{"self":[{"href":"https:\/\/estrategica.com.co\/blog\/wp-json\/wp\/v2\/posts\/14349","targetHints":{"allow":["GET"]}}],"collection":[{"href":"https:\/\/estrategica.com.co\/blog\/wp-json\/wp\/v2\/posts"}],"about":[{"href":"https:\/\/estrategica.com.co\/blog\/wp-json\/wp\/v2\/types\/post"}],"author":[{"embeddable":true,"href":"https:\/\/estrategica.com.co\/blog\/wp-json\/wp\/v2\/users\/4"}],"replies":[{"embeddable":true,"href":"https:\/\/estrategica.com.co\/blog\/wp-json\/wp\/v2\/comments?post=14349"}],"version-history":[{"count":13,"href":"https:\/\/estrategica.com.co\/blog\/wp-json\/wp\/v2\/posts\/14349\/revisions"}],"predecessor-version":[{"id":60656,"href":"https:\/\/estrategica.com.co\/blog\/wp-json\/wp\/v2\/posts\/14349\/revisions\/60656"}],"wp:featuredmedia":[{"embeddable":true,"href":"https:\/\/estrategica.com.co\/blog\/wp-json\/wp\/v2\/media\/14350"}],"wp:attachment":[{"href":"https:\/\/estrategica.com.co\/blog\/wp-json\/wp\/v2\/media?parent=14349"}],"wp:term":[{"taxonomy":"category","embeddable":true,"href":"https:\/\/estrategica.com.co\/blog\/wp-json\/wp\/v2\/categories?post=14349"},{"taxonomy":"post_tag","embeddable":true,"href":"https:\/\/estrategica.com.co\/blog\/wp-json\/wp\/v2\/tags?post=14349"}],"curies":[{"name":"wp","href":"https:\/\/api.w.org\/{rel}","templated":true}]}}