{"id":14508,"date":"2009-05-25T13:56:01","date_gmt":"2009-05-25T13:56:01","guid":{"rendered":"http:\/\/estrategica.com.co\/blog\/?p=14508"},"modified":"2015-02-09T12:08:52","modified_gmt":"2015-02-09T17:08:52","slug":"movimiento-por-la-autonomia-de-sicilia","status":"publish","type":"post","link":"https:\/\/estrategica.com.co\/blog\/movimiento-por-la-autonomia-de-sicilia\/","title":{"rendered":"Movimiento por la Autonom\u00eda de Sicilia"},"content":{"rendered":"<p> <script type='text\/javascript' src='https:\/\/estrategica.com.co\/blog\/wp-content\/plugins\/hana-flv-player\/flowplayer3\/example\/flowplayer-3.2.6.min.js'><\/script>\n<div >\n<div id='hana_flv_flow3_1' style='display:block;width:550px;height:413px;background-color:#555555;color:#ffffff;padding:0' title=\"*Video:movimiento por la autonom\u00eda de sicilia\"><\/div>\n<\/div>\n\n<script  type='text\/javascript'>\nif (typeof g_hanaFlash !== 'undefined' && !g_hanaFlash){\n    jQuery('#hana_flv_flow3_1').css( 'padding', '5px' );\n\tjQuery('#hana_flv_flow3_1').html(\"<span class='inactive_message' style='display:block'>Sorry, your browser does not support Flash Video Player<\/span> *Video:movimiento por la autonom\u00eda de sicilia\");\n}else{\t\t\t\n\t\tflowplayer('hana_flv_flow3_1', { src: 'https:\/\/estrategica.com.co\/blog\/wp-content\/plugins\/hana-flv-player\/flowplayer3\/flowplayer-3.2.7.swf', wmode: 'transparent' }, { \n\n\t\t\tcanvas: { backgroundColor: '#000000', backgroundGradient: 'none',},\n    \t\tclip:  { \n    \t\t\turl: '\/blog\/wp-content\/uploads\/2009\/01\/videos_ultimos\/av132.flv',\n        \t\tscaling: 'fit', autoPlay: false, autoBuffering: true \n\t\t\t\t   , onFinish : function () { this.seek(0); }  \n\n\t        }\n\n\t\t});\n}\n<\/script><br \/>\n<\/br><\/p>\n<p>[icon color=\u00bbAccent-Color\u00bb size=\u00bbregular\u00bb image=\u00bbsteadysets-icon-chat\u00bb] <strong>Contexto<\/strong><\/br><\/br><\/p>\n<p style=\"text-align: justify;\">Spot del Movimiento por la Autonom\u00eda, un partido pol\u00edtico italiano fundado por Raffaele Lombardo el 30 de abril de 2005. Sus planteamientos est\u00e1n inspirados por la b\u00fasqueda de la autonom\u00eda meridional en la regi\u00f3n de Sicilia.<\/p><\/p>\n","protected":false},"excerpt":{"rendered":"<p>*Video: movimiento por la autonom\u00eda de sicilia [icon color=\u00bbAccent-Color\u00bb size=\u00bbregular\u00bb image=\u00bbsteadysets-icon-chat\u00bb] Contexto Spot del Movimiento por la Autonom\u00eda, un partido pol\u00edtico italiano fundado por Raffaele Lombardo el 30 de abril de 2005. Sus planteamientos est\u00e1n inspirados por la b\u00fasqueda de la autonom\u00eda meridional en la regi\u00f3n de Sicilia.<\/p>\n","protected":false},"author":4,"featured_media":14509,"comment_status":"open","ping_status":"open","sticky":false,"template":"","format":"standard","meta":{"_et_pb_use_builder":"","_et_pb_old_content":"","_et_gb_content_width":"","advanced_seo_description":"","jetpack_seo_html_title":"","jetpack_seo_noindex":false,"footnotes":""},"categories":[264,263,58,34,10,184,11,3],"tags":[574],"class_list":["post-14508","post","type-post","status-publish","format-standard","has-post-thumbnail","hentry","category-264","category-ano","category-campana-colegiada","category-electoral","category-geo","category-italia","category-temas","category-video","tag-movimiento-por-la-autonomia-de-sicilia"],"jetpack_featured_media_url":"https:\/\/i0.wp.com\/estrategica.com.co\/blog\/wp-content\/uploads\/2009\/05\/av132_thumb.png?fit=446%2C345&ssl=1","jetpack_shortlink":"https:\/\/wp.me\/p4wgsh-3M0","jetpack-related-posts":[{"id":37113,"url":"https:\/\/estrategica.com.co\/blog\/compromisoeuskadi20\/","url_meta":{"origin":14508,"position":0},"title":"Compromiso Euskadi &#8211; Urkullu","author":"Juliana","date":"febrero 4, 2013","format":false,"excerpt":"[hana-flv-player video=\"\/blog\/wp-content\/uploads\/2009\/01\/20121220\/COMPROMISOEUSKADI20.flv\" width=\"550\" height=\"\" description=\"Compromiso Euskadi - Urkullu\" clickurl=\"\" clicktarget=\"\" player=\"4\" autoplay=\"false\" loop=\"false\" autorewind=\"false\" splashimage=\"\" skin=\"\" \/] [icon color=\"Accent-Color\" size=\"regular\" image=\"steadysets-icon-chat\"] Contexto Spot de la campa\u00f1a de \u00cd\u00f1igo Urkullu Renter\u00eda como candidato a Lehendakari para las Elecciones al Parlamento Vasco durante la contienda electoral de 2012. El nacionalismo vuelve en\u2026","rel":"","context":"En \u00ab2012\u00bb","block_context":{"text":"2012","link":"https:\/\/estrategica.com.co\/blog\/category\/ano\/2012\/"},"img":{"alt_text":"","src":"https:\/\/i0.wp.com\/estrategica.com.co\/blog\/wp-content\/uploads\/2013\/01\/COMPROMISOEUSKADI20_thumb.png?fit=884%2C492&ssl=1&resize=350%2C200","width":350,"height":200},"classes":[]},{"id":37038,"url":"https:\/\/estrategica.com.co\/blog\/22opactopnvbilduporelreferendum\/","url_meta":{"origin":14508,"position":1},"title":"Por el Referendum &#8211; Urkullu","author":"Juliana","date":"febrero 4, 2013","format":false,"excerpt":"[hana-flv-player video=\"\/blog\/wp-content\/uploads\/2009\/01\/20121220\/22OPactoPNVBilduporelReferendum.flv\" width=\"550\" height=\"\" description=\"Por el Referendum - Urkullu\" clickurl=\"\" clicktarget=\"\" player=\"4\" autoplay=\"false\" loop=\"false\" autorewind=\"false\" splashimage=\"\" skin=\"\" \/] [icon color=\"Accent-Color\" size=\"regular\" image=\"steadysets-icon-chat\"] Contexto Spot de la campa\u00f1a de \u00cd\u00f1igo Urkullu Renter\u00eda como candidato a Lehendakari para las Elecciones al Parlamento Vasco durante la contienda electoral de 2012. El nacionalismo vuelve\u2026","rel":"","context":"En \u00ab2012\u00bb","block_context":{"text":"2012","link":"https:\/\/estrategica.com.co\/blog\/category\/ano\/2012\/"},"img":{"alt_text":"","src":"https:\/\/i0.wp.com\/estrategica.com.co\/blog\/wp-content\/uploads\/2013\/01\/22OPactoPNVBilduporelReferendum_thumb.png?fit=933%2C600&ssl=1&resize=350%2C200","width":350,"height":200},"classes":[]},{"id":37269,"url":"https:\/\/estrategica.com.co\/blog\/inigourkullusobrelanbide\/","url_meta":{"origin":14508,"position":2},"title":"Sobre Lanbide &#8211; Urkullus","author":"Juliana","date":"febrero 4, 2013","format":false,"excerpt":"[hana-flv-player video=\"\/blog\/wp-content\/uploads\/2009\/01\/20121220\/InigoUrkullusobreLanbide.flv\" width=\"550\" height=\"\" description=\"Sobre Lanbide - Urkullus\" clickurl=\"\" clicktarget=\"\" player=\"4\" autoplay=\"false\" loop=\"false\" autorewind=\"false\" splashimage=\"\" skin=\"\" \/] [icon color=\"Accent-Color\" size=\"regular\" image=\"steadysets-icon-chat\"] Contexto Spot de la campa\u00f1a de \u00cd\u00f1igo Urkullu Renter\u00eda como candidato a Lehendakari para las Elecciones al Parlamento Vasco durante la contienda electoral de 2012. El nacionalismo vuelve en\u2026","rel":"","context":"En \u00ab2012\u00bb","block_context":{"text":"2012","link":"https:\/\/estrategica.com.co\/blog\/category\/ano\/2012\/"},"img":{"alt_text":"","src":"https:\/\/i0.wp.com\/estrategica.com.co\/blog\/wp-content\/uploads\/2013\/01\/InigoUrkullusobreLanbide_thumb.png?fit=803%2C521&ssl=1&resize=350%2C200","width":350,"height":200},"classes":[]},{"id":36979,"url":"https:\/\/estrategica.com.co\/blog\/quenotedenlalata-2\/","url_meta":{"origin":14508,"position":3},"title":"Que no te den la lata &#8211; Urkullu","author":"Juliana","date":"diciembre 9, 2012","format":false,"excerpt":"[hana-flv-player video=\"\/blog\/wp-content\/uploads\/2009\/01\/20121023\/Quenotedenlalata.flv\" width=\"550\" height=\"\" description=\"Que no te den la lata - Urkullu\" clickurl=\"\" clicktarget=\"\" player=\"4\" autoplay=\"false\" loop=\"false\" autorewind=\"false\" splashimage=\"\" skin=\"\" \/] [icon color=\"Accent-Color\" size=\"regular\" image=\"steadysets-icon-chat\"] Contexto Spot de la campa\u00f1a de \u00cd\u00f1igo Urkullu Renter\u00eda como candidato a Lehendakari para las Elecciones al Parlamento Vasco durante la contienda electoral de 2012.\u2026","rel":"","context":"En \u00ab2012\u00bb","block_context":{"text":"2012","link":"https:\/\/estrategica.com.co\/blog\/category\/ano\/2012\/"},"img":{"alt_text":"","src":"https:\/\/i0.wp.com\/estrategica.com.co\/blog\/wp-content\/uploads\/2012\/10\/Quenotedenlalata_thumb.png?fit=771%2C599&ssl=1&resize=350%2C200","width":350,"height":200},"classes":[]},{"id":15542,"url":"https:\/\/estrategica.com.co\/blog\/voy-a-votar-movimiento-por-nicaragua-2\/","url_meta":{"origin":14508,"position":4},"title":"Voy a Votar &#8211; Movimiento por Nicaragua","author":"Juliana","date":"junio 6, 2010","format":false,"excerpt":"[hana-flv-player video=\"\/blog\/wp-content\/uploads\/2009\/01\/videos_ultimos\/av256.flv\" width=\"550\" height=\"\" description=\"Voy a Votar - Movimiento por Nicaragua\" clickurl=\"\" clicktarget=\"\" player=\"4\" autoplay=\"false\" loop=\"false\" autorewind=\"true\" splashimage=\"\" skin=\"\" \/] [icon color=\"Accent-Color\" size=\"regular\" image=\"steadysets-icon-chat\"] Contexto Spot para incentivar el voto durante las elecciones presidenciales en Nicaragua, durante la contienda electoral de 2006. Los gestores de la pieza son los militantes\u2026","rel":"","context":"En \u00abDivulgaci\u00f3n Pol\u00edtica\u00bb","block_context":{"text":"Divulgaci\u00f3n Pol\u00edtica","link":"https:\/\/estrategica.com.co\/blog\/category\/temas\/divulgacion-politica\/"},"img":{"alt_text":"","src":"https:\/\/i0.wp.com\/estrategica.com.co\/blog\/wp-content\/uploads\/2009\/05\/av256_thumb.png?fit=411%2C342&ssl=1&resize=350%2C200","width":350,"height":200},"classes":[]},{"id":15547,"url":"https:\/\/estrategica.com.co\/blog\/voy-a-votar-movimiento-por-nicaragua\/","url_meta":{"origin":14508,"position":5},"title":"Voy a Votar &#8211; Movimiento por Nicaragua","author":"Juliana","date":"junio 6, 2010","format":false,"excerpt":"[hana-flv-player video=\"\/blog\/wp-content\/uploads\/2009\/01\/videos_ultimos\/av257.flv\" width=\"550\" height=\"\" description=\"Voy a Votar - Movimiento por Nicaragua\" clickurl=\"\" clicktarget=\"\" player=\"4\" autoplay=\"false\" loop=\"false\" autorewind=\"true\" splashimage=\"\" skin=\"\" \/] [icon color=\"Accent-Color\" size=\"regular\" image=\"steadysets-icon-chat\"] Contexto Spot para incentivar el voto durante las elecciones presidenciales en Nicaragua, durante la contienda electoral de 2006. Los gestores de la pieza son los militantes\u2026","rel":"","context":"En \u00abDivulgaci\u00f3n Pol\u00edtica\u00bb","block_context":{"text":"Divulgaci\u00f3n Pol\u00edtica","link":"https:\/\/estrategica.com.co\/blog\/category\/temas\/divulgacion-politica\/"},"img":{"alt_text":"","src":"https:\/\/i0.wp.com\/estrategica.com.co\/blog\/wp-content\/uploads\/2009\/05\/av257_thumb.png?fit=450%2C352&ssl=1&resize=350%2C200","width":350,"height":200},"classes":[]}],"jetpack_sharing_enabled":true,"_links":{"self":[{"href":"https:\/\/estrategica.com.co\/blog\/wp-json\/wp\/v2\/posts\/14508","targetHints":{"allow":["GET"]}}],"collection":[{"href":"https:\/\/estrategica.com.co\/blog\/wp-json\/wp\/v2\/posts"}],"about":[{"href":"https:\/\/estrategica.com.co\/blog\/wp-json\/wp\/v2\/types\/post"}],"author":[{"embeddable":true,"href":"https:\/\/estrategica.com.co\/blog\/wp-json\/wp\/v2\/users\/4"}],"replies":[{"embeddable":true,"href":"https:\/\/estrategica.com.co\/blog\/wp-json\/wp\/v2\/comments?post=14508"}],"version-history":[{"count":11,"href":"https:\/\/estrategica.com.co\/blog\/wp-json\/wp\/v2\/posts\/14508\/revisions"}],"predecessor-version":[{"id":45801,"href":"https:\/\/estrategica.com.co\/blog\/wp-json\/wp\/v2\/posts\/14508\/revisions\/45801"}],"wp:featuredmedia":[{"embeddable":true,"href":"https:\/\/estrategica.com.co\/blog\/wp-json\/wp\/v2\/media\/14509"}],"wp:attachment":[{"href":"https:\/\/estrategica.com.co\/blog\/wp-json\/wp\/v2\/media?parent=14508"}],"wp:term":[{"taxonomy":"category","embeddable":true,"href":"https:\/\/estrategica.com.co\/blog\/wp-json\/wp\/v2\/categories?post=14508"},{"taxonomy":"post_tag","embeddable":true,"href":"https:\/\/estrategica.com.co\/blog\/wp-json\/wp\/v2\/tags?post=14508"}],"curies":[{"name":"wp","href":"https:\/\/api.w.org\/{rel}","templated":true}]}}