{"id":14603,"date":"2009-05-22T01:20:51","date_gmt":"2009-05-22T01:20:51","guid":{"rendered":"http:\/\/estrategica.com.co\/blog\/?p=14603"},"modified":"2015-02-11T14:52:51","modified_gmt":"2015-02-11T19:52:51","slug":"informate-y-vota-venezuela-de-primera-2","status":"publish","type":"post","link":"https:\/\/estrategica.com.co\/blog\/informate-y-vota-venezuela-de-primera-2\/","title":{"rendered":"Informate y Vota &#8211; Venezuela de Primera"},"content":{"rendered":"<p> <script type='text\/javascript' src='https:\/\/estrategica.com.co\/blog\/wp-content\/plugins\/hana-flv-player\/flowplayer3\/example\/flowplayer-3.2.6.min.js'><\/script>\n<div >\n<div id='hana_flv_flow3_1' style='display:block;width:550px;height:413px;background-color:#555555;color:#ffffff;padding:0' title=\"*Video:informate y vota - venezuela de primera\"><\/div>\n<\/div>\n\n<script  type='text\/javascript'>\nif (typeof g_hanaFlash !== 'undefined' && !g_hanaFlash){\n    jQuery('#hana_flv_flow3_1').css( 'padding', '5px' );\n\tjQuery('#hana_flv_flow3_1').html(\"<span class='inactive_message' style='display:block'>Sorry, your browser does not support Flash Video Player<\/span> *Video:informate y vota - venezuela de primera\");\n}else{\t\t\t\n\t\tflowplayer('hana_flv_flow3_1', { src: 'https:\/\/estrategica.com.co\/blog\/wp-content\/plugins\/hana-flv-player\/flowplayer3\/flowplayer-3.2.7.swf', wmode: 'transparent' }, { \n\n\t\t\tcanvas: { backgroundColor: '#000000', backgroundGradient: 'none',},\n    \t\tclip:  { \n    \t\t\turl: '\/blog\/wp-content\/uploads\/2009\/01\/videos_ultimos\/av145.flv',\n        \t\tscaling: 'fit', autoPlay: false, autoBuffering: true \n\t\t\t\t   , onFinish : function () { this.seek(0); }  \n\n\t        }\n\n\t\t});\n}\n<\/script><br \/>\n<\/br><\/p>\n<p>[icon color=\u00bbAccent-Color\u00bb size=\u00bbregular\u00bb image=\u00bbsteadysets-icon-chat\u00bb] <strong>Contexto<\/strong><\/br><\/br><\/p>\n<p style=\"text-align: justify;\">Spot de la organizaci\u00f3n civil \u201cVenezuela de Primera\u201d en el a\u00f1o 2006 con el fin de incentivar el voto joven, con el fin de combatir la abstenci\u00f3n electoral juvenil. El lenguaje que se usa es apropiado, la est\u00e9tica esta focalizada al segmento poblacional que se busca persuadir y el mensaje es claro.<\/p><\/p>\n","protected":false},"excerpt":{"rendered":"<p>*Video: informate y vota &#8211; venezuela de primera [icon color=\u00bbAccent-Color\u00bb size=\u00bbregular\u00bb image=\u00bbsteadysets-icon-chat\u00bb] Contexto Spot de la organizaci\u00f3n civil \u201cVenezuela de Primera\u201d en el a\u00f1o 2006 con el fin de incentivar el voto joven, con el fin de combatir la abstenci\u00f3n electoral juvenil. El lenguaje que se usa es apropiado, la est\u00e9tica esta focalizada al segmento [&hellip;]<\/p>\n","protected":false},"author":4,"featured_media":14604,"comment_status":"open","ping_status":"open","sticky":false,"template":"","format":"standard","meta":{"_et_pb_use_builder":"","_et_pb_old_content":"","_et_gb_content_width":"","advanced_seo_description":"","jetpack_seo_html_title":"","jetpack_seo_noindex":false,"footnotes":""},"categories":[27,10,35,11,61,3],"tags":[196],"class_list":["post-14603","post","type-post","status-publish","format-standard","has-post-thumbnail","hentry","category-divulgacion-politica","category-geo","category-mensaje-politico","category-temas","category-venezuela","category-video","tag-elecciones-2006"],"jetpack_featured_media_url":"https:\/\/i0.wp.com\/estrategica.com.co\/blog\/wp-content\/uploads\/2009\/05\/av145_thumb.png?fit=406%2C341&ssl=1","jetpack_shortlink":"https:\/\/wp.me\/p4wgsh-3Nx","jetpack-related-posts":[{"id":14613,"url":"https:\/\/estrategica.com.co\/blog\/informate-y-vota-venezuela-de-primera\/","url_meta":{"origin":14603,"position":0},"title":"Informate y Vota &#8211; Venezuela de Primera","author":"estrategica.com","date":"mayo 22, 2009","format":false,"excerpt":"[hana-flv-player video=\"\/blog\/wp-content\/uploads\/2009\/01\/videos_ultimos\/av146.flv\" width=\"550\" height=\"\" description=\"Informate y Vota - Venezuela de Primera\" clickurl=\"\" clicktarget=\"\" player=\"4\" autoplay=\"false\" loop=\"false\" autorewind=\"true\" splashimage=\"\" skin=\"\" \/] [icon color=\"Accent-Color\" size=\"regular\" image=\"steadysets-icon-chat\"] Contexto Spot de la organizaci\u00f3n civil \u201cVenezuela de Primera\u201d en el a\u00f1o 2006 con el fin de incentivar el voto joven, con el fin de combatir\u2026","rel":"","context":"En \u00abDivulgaci\u00f3n Pol\u00edtica\u00bb","block_context":{"text":"Divulgaci\u00f3n Pol\u00edtica","link":"https:\/\/estrategica.com.co\/blog\/category\/temas\/divulgacion-politica\/"},"img":{"alt_text":"","src":"https:\/\/i0.wp.com\/estrategica.com.co\/blog\/wp-content\/uploads\/2009\/05\/av146_thumb.png?fit=394%2C285&ssl=1&resize=350%2C200","width":350,"height":200},"classes":[]},{"id":15263,"url":"https:\/\/estrategica.com.co\/blog\/primero-los-venezolanos-rosales\/","url_meta":{"origin":14603,"position":1},"title":"Primero los Venezolanos &#8211; Rosales","author":"Juliana","date":"junio 6, 2010","format":false,"excerpt":"[hana-flv-player video=\"\/blog\/wp-content\/uploads\/2009\/01\/videos_ultimos\/av192.flv\" width=\"550\" height=\"\" description=\"Primero los Venezolanos - Rosales\" clickurl=\"\" clicktarget=\"\" player=\"4\" autoplay=\"false\" loop=\"false\" autorewind=\"true\" splashimage=\"\" skin=\"\" \/] [icon color=\"Accent-Color\" size=\"regular\" image=\"steadysets-icon-chat\"] Contexto Spot de la campa\u00f1a de Manuel Rosales en las elecciones presidenciales de 2006 en Venezuela. Su aspiraci\u00f3n fue presentada a nombre de una coalici\u00f3n de 44 organizaciones\u2026","rel":"","context":"En \u00ab2006\u00bb","block_context":{"text":"2006","link":"https:\/\/estrategica.com.co\/blog\/category\/ano\/2006\/"},"img":{"alt_text":"","src":"https:\/\/i0.wp.com\/estrategica.com.co\/blog\/wp-content\/uploads\/2009\/05\/av192_thumb.png?fit=457%2C351&ssl=1&resize=350%2C200","width":350,"height":200},"classes":[]},{"id":12296,"url":"https:\/\/estrategica.com.co\/blog\/mensaje-de-amor-chavez\/","url_meta":{"origin":14603,"position":2},"title":"Mensaje de Amor &#8211; Ch\u00e1vez","author":"Juliana","date":"abril 18, 2009","format":false,"excerpt":"[hana-flv-player video=\"\/blog\/wp-content\/uploads\/2009\/01\/carpeta_muchos_varios\/VenezuelaHugoChavez06.flv\" width=\"550\" height=\"\" description=\"Mensaje de Amor - Ch\u00e1vez\" clickurl=\"\" clicktarget=\"\" player=\"4\" autoplay=\"false\" loop=\"false\" autorewind=\"true\" splashimage=\"\" skin=\"\" \/] [icon color=\"Accent-Color\" size=\"regular\" image=\"steadysets-icon-chat\"] Contexto Spot de la campa\u00f1a de Hugo Ch\u00e1vez Fr\u00edas en las elecciones presidenciales de 2006 en Venezuela. La aspiraci\u00f3n se present\u00f3 a nombre del Movimiento Quinta Rep\u00fablica (MVR)\u2026","rel":"","context":"En \u00abCampa\u00f1a Presidencial\u00bb","block_context":{"text":"Campa\u00f1a Presidencial","link":"https:\/\/estrategica.com.co\/blog\/category\/temas\/campana-presidencial\/"},"img":{"alt_text":"","src":"","width":0,"height":0},"classes":[]},{"id":15533,"url":"https:\/\/estrategica.com.co\/blog\/mensaje-de-amor-chavez-2\/","url_meta":{"origin":14603,"position":3},"title":"Mensaje de Amor &#8211; Ch\u00e1vez","author":"Juliana","date":"junio 15, 2009","format":false,"excerpt":"[hana-flv-player video=\"\/blog\/wp-content\/uploads\/2009\/01\/videos_ultimos\/av254.flv\" width=\"550\" height=\"\" description=\"Mensaje de Amor - Ch\u00e1vez\" clickurl=\"\" clicktarget=\"\" player=\"4\" autoplay=\"false\" loop=\"false\" autorewind=\"true\" splashimage=\"\" skin=\"\" \/] [icon color=\"Accent-Color\" size=\"regular\" image=\"steadysets-icon-chat\"] Contexto Spot de la campa\u00f1a de Hugo Ch\u00e1vez Fr\u00edas en las elecciones presidenciales de 2006 en Venezuela. La aspiraci\u00f3n se present\u00f3 a nombre del Movimiento Quinta Rep\u00fablica (MVR)\u2026","rel":"","context":"En \u00abCampa\u00f1a Presidencial\u00bb","block_context":{"text":"Campa\u00f1a Presidencial","link":"https:\/\/estrategica.com.co\/blog\/category\/temas\/campana-presidencial\/"},"img":{"alt_text":"","src":"https:\/\/i0.wp.com\/estrategica.com.co\/blog\/wp-content\/uploads\/2009\/05\/av254_thumb.png?fit=405%2C374&ssl=1&resize=350%2C200","width":350,"height":200},"classes":[]},{"id":24662,"url":"https:\/\/estrategica.com.co\/blog\/vota-por-chavez\/","url_meta":{"origin":14603,"position":4},"title":"Vota por Ch\u00e1vez","author":"Juliana","date":"agosto 15, 2010","format":false,"excerpt":"[hana-flv-player video=\"\/blog\/wp-content\/uploads\/2009\/01\/20100708\/VOTAPORCHAVEZ.flv\" width=\"550\" height=\"\" description=\"Vota por Ch\u00e1vez\" clickurl=\"\" clicktarget=\"\" player=\"4\" autoplay=\"false\" loop=\"false\" autorewind=\"true\" splashimage=\"\" skin=\"\" \/] [icon color=\"Accent-Color\" size=\"regular\" image=\"steadysets-icon-chat\"] Contexto Spot de la campa\u00f1a de Hugo Ch\u00e1vez Fr\u00edas en las elecciones presidenciales de 2006 en Venezuela. La aspiraci\u00f3n se present\u00f3 a nombre del Movimiento Quinta Rep\u00fablica (MVR) pero fue\u2026","rel":"","context":"En \u00abCampa\u00f1a Presidencial\u00bb","block_context":{"text":"Campa\u00f1a Presidencial","link":"https:\/\/estrategica.com.co\/blog\/category\/temas\/campana-presidencial\/"},"img":{"alt_text":"","src":"https:\/\/i0.wp.com\/estrategica.com.co\/blog\/wp-content\/uploads\/2010\/07\/thumb.png?fit=604%2C432&ssl=1&resize=350%2C200","width":350,"height":200},"classes":[]},{"id":18058,"url":"https:\/\/estrategica.com.co\/blog\/setratadeti\/","url_meta":{"origin":14603,"position":5},"title":"Se Trata de Ti &#8211; Primero Justicia","author":"estrategica.com","date":"julio 30, 2009","format":false,"excerpt":"[hana-flv-player video=\"\/blog\/wp-content\/uploads\/2009\/01\/videosultimosconver\/setratadeti.flv\" width=\"550\" height=\"\" description=\"Se Trata de Ti - Primero Justicia\" clickurl=\"\" clicktarget=\"\" player=\"4\" autoplay=\"false\" loop=\"false\" autorewind=\"true\" splashimage=\"\" skin=\"\" \/] [icon color=\"Accent-Color\" size=\"regular\" image=\"steadysets-icon-chat\"] Contexto Spot de la campa\u00f1a de Julio Borges a la Presidencia de Venezuela, durante la contienda de 2006. La aspiraci\u00f3n se canaliz\u00f3 a trav\u00e9s del movimiento\u2026","rel":"","context":"En \u00ab2006\u00bb","block_context":{"text":"2006","link":"https:\/\/estrategica.com.co\/blog\/category\/ano\/2006\/"},"img":{"alt_text":"","src":"https:\/\/i0.wp.com\/estrategica.com.co\/blog\/wp-content\/uploads\/2009\/06\/setratadeti_thumb.png?fit=662%2C462&ssl=1&resize=350%2C200","width":350,"height":200},"classes":[]}],"jetpack_sharing_enabled":true,"_links":{"self":[{"href":"https:\/\/estrategica.com.co\/blog\/wp-json\/wp\/v2\/posts\/14603","targetHints":{"allow":["GET"]}}],"collection":[{"href":"https:\/\/estrategica.com.co\/blog\/wp-json\/wp\/v2\/posts"}],"about":[{"href":"https:\/\/estrategica.com.co\/blog\/wp-json\/wp\/v2\/types\/post"}],"author":[{"embeddable":true,"href":"https:\/\/estrategica.com.co\/blog\/wp-json\/wp\/v2\/users\/4"}],"replies":[{"embeddable":true,"href":"https:\/\/estrategica.com.co\/blog\/wp-json\/wp\/v2\/comments?post=14603"}],"version-history":[{"count":14,"href":"https:\/\/estrategica.com.co\/blog\/wp-json\/wp\/v2\/posts\/14603\/revisions"}],"predecessor-version":[{"id":45952,"href":"https:\/\/estrategica.com.co\/blog\/wp-json\/wp\/v2\/posts\/14603\/revisions\/45952"}],"wp:featuredmedia":[{"embeddable":true,"href":"https:\/\/estrategica.com.co\/blog\/wp-json\/wp\/v2\/media\/14604"}],"wp:attachment":[{"href":"https:\/\/estrategica.com.co\/blog\/wp-json\/wp\/v2\/media?parent=14603"}],"wp:term":[{"taxonomy":"category","embeddable":true,"href":"https:\/\/estrategica.com.co\/blog\/wp-json\/wp\/v2\/categories?post=14603"},{"taxonomy":"post_tag","embeddable":true,"href":"https:\/\/estrategica.com.co\/blog\/wp-json\/wp\/v2\/tags?post=14603"}],"curies":[{"name":"wp","href":"https:\/\/api.w.org\/{rel}","templated":true}]}}