{"id":14625,"date":"2009-05-21T21:43:48","date_gmt":"2009-05-21T21:43:48","guid":{"rendered":"http:\/\/estrategica.com.co\/blog\/?p=14625"},"modified":"2015-02-11T15:01:42","modified_gmt":"2015-02-11T20:01:42","slug":"un-peligro-para-panama-anti-balbina-herrera","status":"publish","type":"post","link":"https:\/\/estrategica.com.co\/blog\/un-peligro-para-panama-anti-balbina-herrera\/","title":{"rendered":"Un Peligro para Panam\u00e1 &#8211; Anti Balbina Herrera"},"content":{"rendered":"<p> <script type='text\/javascript' src='https:\/\/estrategica.com.co\/blog\/wp-content\/plugins\/hana-flv-player\/flowplayer3\/example\/flowplayer-3.2.6.min.js'><\/script>\n<div >\n<div id='hana_flv_flow3_1' style='display:block;width:550px;height:413px;background-color:#555555;color:#ffffff;padding:0' title=\"*Video:un peligro para panam\u00e1 - anti balbina herrera\"><\/div>\n<\/div>\n\n<script  type='text\/javascript'>\nif (typeof g_hanaFlash !== 'undefined' && !g_hanaFlash){\n    jQuery('#hana_flv_flow3_1').css( 'padding', '5px' );\n\tjQuery('#hana_flv_flow3_1').html(\"<span class='inactive_message' style='display:block'>Sorry, your browser does not support Flash Video Player<\/span> *Video:un peligro para panam\u00e1 - anti balbina herrera\");\n}else{\t\t\t\n\t\tflowplayer('hana_flv_flow3_1', { src: 'https:\/\/estrategica.com.co\/blog\/wp-content\/plugins\/hana-flv-player\/flowplayer3\/flowplayer-3.2.7.swf', wmode: 'transparent' }, { \n\n\t\t\tcanvas: { backgroundColor: '#000000', backgroundGradient: 'none',},\n    \t\tclip:  { \n    \t\t\turl: '\/blog\/wp-content\/uploads\/2009\/01\/videos_ultimos\/av148.flv',\n        \t\tscaling: 'fit', autoPlay: false, autoBuffering: true \n\t\t\t\t   , onFinish : function () { this.seek(0); }  \n\n\t        }\n\n\t\t});\n}\n<\/script><br \/>\n<\/br><\/p>\n<p>[icon color=\u00bbAccent-Color\u00bb size=\u00bbregular\u00bb image=\u00bbsteadysets-icon-chat\u00bb] <strong>Contexto<\/strong><\/br><\/br><\/p>\n<p style=\"text-align: justify;\">Spot contra Balbina Herrera, candidata a la Presidencia de Panam\u00e1, durante la contienda electoral de 2009. El favoritismo de Herrera hizo que sus adversarios, especialmente Ricardo Martinelli, enfilaran su artiller\u00eda para crear desconfianza en torno a ella. La acusaron de radical, de izquierdista, de v\u00ednculos con Ch\u00e1vez y de inestabilidad personal. Los ataques lograron minar su credibilidad y fue vencida aplastantemente por Martinelli. La campa\u00f1a de Herrera no supo reaccionar a los ataques, y en alg\u00fan momento quedo a la defensiva en un escenario en donde el adversario marcaba la agenda.<\/p><\/p>\n","protected":false},"excerpt":{"rendered":"<p>*Video: un peligro para panam\u00e1 &#8211; anti balbina herrera [icon color=\u00bbAccent-Color\u00bb size=\u00bbregular\u00bb image=\u00bbsteadysets-icon-chat\u00bb] Contexto Spot contra Balbina Herrera, candidata a la Presidencia de Panam\u00e1, durante la contienda electoral de 2009. El favoritismo de Herrera hizo que sus adversarios, especialmente Ricardo Martinelli, enfilaran su artiller\u00eda para crear desconfianza en torno a ella. La acusaron de radical, [&hellip;]<\/p>\n","protected":false},"author":4,"featured_media":14626,"comment_status":"open","ping_status":"open","sticky":false,"template":"","format":"standard","meta":{"_et_pb_use_builder":"","_et_pb_old_content":"","_et_gb_content_width":"","advanced_seo_description":"","jetpack_seo_html_title":"","jetpack_seo_noindex":false,"footnotes":""},"categories":[57,34,10,527,29,11,3],"tags":[539,274,526],"class_list":["post-14625","post","type-post","status-publish","format-standard","has-post-thumbnail","hentry","category-campana-presidencial","category-electoral","category-geo","category-panama","category-publicidad-negativa","category-temas","category-video","tag-balbina-herrera","tag-elecciones-2009","tag-ricardo-martinelli"],"jetpack_featured_media_url":"https:\/\/i0.wp.com\/estrategica.com.co\/blog\/wp-content\/uploads\/2009\/05\/av148_thumb.png?fit=454%2C314&ssl=1","jetpack_shortlink":"https:\/\/wp.me\/p4wgsh-3NT","jetpack-related-posts":[{"id":14342,"url":"https:\/\/estrategica.com.co\/blog\/dj-perro-martinelli\/","url_meta":{"origin":14625,"position":0},"title":"DJ Perro &#8211; Balbina Herrera","author":"estrategica.com","date":"mayo 22, 2009","format":false,"excerpt":"[hana-flv-player video=\"\/blog\/wp-content\/uploads\/2009\/01\/videos_ultimos\/av110.flv\" width=\"550\" height=\"\" description=\"DJ Perro - Balbina Herrera\" clickurl=\"\" clicktarget=\"\" player=\"4\" autoplay=\"false\" loop=\"false\" autorewind=\"true\" splashimage=\"\" skin=\"\" \/] [icon color=\"Accent-Color\" size=\"regular\" image=\"steadysets-icon-chat\"] Contexto Spot de la Campa\u00f1a de Balbina Herrera a la Presidencia de Panam\u00e1, durante la contienda electoral de 2009. La candidatura de Balbina surgi\u00f3 de una consulta partidista\u2026","rel":"","context":"En \u00abCampa\u00f1a Presidencial\u00bb","block_context":{"text":"Campa\u00f1a Presidencial","link":"https:\/\/estrategica.com.co\/blog\/category\/temas\/campana-presidencial\/"},"img":{"alt_text":"","src":"https:\/\/i0.wp.com\/estrategica.com.co\/blog\/wp-content\/uploads\/2009\/05\/av110_thumb.png?fit=434%2C335&ssl=1&resize=350%2C200","width":350,"height":200},"classes":[]},{"id":13896,"url":"https:\/\/estrategica.com.co\/blog\/biografico-balbina-herrera\/","url_meta":{"origin":14625,"position":1},"title":"Biogr\u00e1fico &#8211; Balbina Herrera","author":"Juliana","date":"mayo 26, 2009","format":false,"excerpt":"[hana-flv-player video=\"\/blog\/wp-content\/uploads\/2009\/01\/videos_ultimos\/av039.flv\" width=\"550\" height=\"\" description=\"Biogr\u00e1fico - Balbina Herrera\" clickurl=\"\" clicktarget=\"\" player=\"4\" autoplay=\"false\" loop=\"false\" autorewind=\"true\" splashimage=\"\" skin=\"\" \/] [icon color=\"Accent-Color\" size=\"regular\" image=\"steadysets-icon-chat\"] Contexto Video de la Campa\u00f1a de Balbina Herrera a la Presidencia de Panam\u00e1, durante laIPL contienda electoral de 2009. La candidatura de Balbina surgi\u00f3 de una consulta partidista del\u2026","rel":"","context":"En \u00abCampa\u00f1a Presidencial\u00bb","block_context":{"text":"Campa\u00f1a Presidencial","link":"https:\/\/estrategica.com.co\/blog\/category\/temas\/campana-presidencial\/"},"img":{"alt_text":"","src":"https:\/\/i0.wp.com\/estrategica.com.co\/blog\/wp-content\/uploads\/2009\/05\/av039_thumb.png?fit=409%2C219&ssl=1&resize=350%2C200","width":350,"height":200},"classes":[]},{"id":14571,"url":"https:\/\/estrategica.com.co\/blog\/de-corazon-balbina-herrera\/","url_meta":{"origin":14625,"position":2},"title":"De Coraz\u00f3n &#8211; Balbina Herrera","author":"estrategica.com","date":"mayo 22, 2009","format":false,"excerpt":"[hana-flv-player video=\"\/blog\/wp-content\/uploads\/2009\/01\/videos_ultimos\/av140.flv\" width=\"550\" height=\"\" description=\"De Coraz\u00f3n - Balbina Herrera\" clickurl=\"\" clicktarget=\"\" player=\"4\" autoplay=\"false\" loop=\"false\" autorewind=\"true\" splashimage=\"\" skin=\"\" \/] [icon color=\"Accent-Color\" size=\"regular\" image=\"steadysets-icon-chat\"] Contexto Spot de la Campa\u00f1a de Balbina Herrera a la Presidencia de Panam\u00e1, durante la contienda electoral de 2009. La candidatura de Balbina surgi\u00f3 de una consulta partidista\u2026","rel":"","context":"En \u00abCampa\u00f1a Presidencial\u00bb","block_context":{"text":"Campa\u00f1a Presidencial","link":"https:\/\/estrategica.com.co\/blog\/category\/temas\/campana-presidencial\/"},"img":{"alt_text":"","src":"https:\/\/i0.wp.com\/estrategica.com.co\/blog\/wp-content\/uploads\/2009\/05\/av140_thumb.png?fit=450%2C282&ssl=1&resize=350%2C200","width":350,"height":200},"classes":[]},{"id":14631,"url":"https:\/\/estrategica.com.co\/blog\/japanesse-balbina-herrera\/","url_meta":{"origin":14625,"position":3},"title":"Japanesse &#8211; Balbina Herrera","author":"estrategica.com","date":"mayo 21, 2009","format":false,"excerpt":"[hana-flv-player video=\"\/blog\/wp-content\/uploads\/2009\/01\/videos_ultimos\/av149.flv\" width=\"550\" height=\"\" description=\"Japanesse - Balbina Herrera\" clickurl=\"\" clicktarget=\"\" player=\"4\" autoplay=\"false\" loop=\"false\" autorewind=\"true\" splashimage=\"\" skin=\"\" \/] [icon color=\"Accent-Color\" size=\"regular\" image=\"steadysets-icon-chat\"] Contexto Spot de la Campa\u00f1a de Balbina Herrera a la Presidencia de Panam\u00e1, durante la contienda electoral de 2009. La candidatura de Balbina surgi\u00f3 de una consulta partidista del\u2026","rel":"","context":"En \u00abCampa\u00f1a Presidencial\u00bb","block_context":{"text":"Campa\u00f1a Presidencial","link":"https:\/\/estrategica.com.co\/blog\/category\/temas\/campana-presidencial\/"},"img":{"alt_text":"","src":"https:\/\/i0.wp.com\/estrategica.com.co\/blog\/wp-content\/uploads\/2009\/05\/av149_thumb.png?fit=440%2C333&ssl=1&resize=350%2C200","width":350,"height":200},"classes":[]},{"id":15682,"url":"https:\/\/estrategica.com.co\/blog\/saico-balbina\/","url_meta":{"origin":14625,"position":4},"title":"Sa\u00edco &#8211; Balbina","author":"Juliana","date":"junio 15, 2009","format":false,"excerpt":"[hana-flv-player video=\"\/blog\/wp-content\/uploads\/2009\/01\/videos_ultimos\/av286.flv\" width=\"550\" height=\"\" description=\"Sa\u00edco - Balbina\" clickurl=\"\" clicktarget=\"\" player=\"4\" autoplay=\"false\" loop=\"false\" autorewind=\"true\" splashimage=\"\" skin=\"\" \/] [icon color=\"Accent-Color\" size=\"regular\" image=\"steadysets-icon-chat\"] Contexto Spot de la Campa\u00f1a de Balbina Herrera a la Presidencia de Panam\u00e1, durante la contienda electoral de 2009. La candidatura de Balbina surgi\u00f3 de una consulta partidista del PRD\u2026","rel":"","context":"En \u00abCampa\u00f1a Presidencial\u00bb","block_context":{"text":"Campa\u00f1a Presidencial","link":"https:\/\/estrategica.com.co\/blog\/category\/temas\/campana-presidencial\/"},"img":{"alt_text":"","src":"https:\/\/i0.wp.com\/estrategica.com.co\/blog\/wp-content\/uploads\/2009\/05\/av286_thumb.png?fit=423%2C344&ssl=1&resize=350%2C200","width":350,"height":200},"classes":[]},{"id":15793,"url":"https:\/\/estrategica.com.co\/blog\/de-corazon-balbina\/","url_meta":{"origin":14625,"position":5},"title":"De Coraz\u00f3n &#8211; Balbina","author":"Juliana","date":"junio 14, 2009","format":false,"excerpt":"[hana-flv-player video=\"\/blog\/wp-content\/uploads\/2009\/01\/videos_ultimos\/av307.flv\" width=\"550\" height=\"\" description=\"De Coraz\u00f3n - Balbina\" clickurl=\"\" clicktarget=\"\" player=\"4\" autoplay=\"false\" loop=\"false\" autorewind=\"true\" splashimage=\"\" skin=\"\" \/] [icon color=\"Accent-Color\" size=\"regular\" image=\"steadysets-icon-chat\"] Contexto Spot de la Campa\u00f1a de Balbina Herrera a la Presidencia de Panam\u00e1, durante la contienda electoral de 2009. La candidatura de Balbina surgi\u00f3 de una consulta partidista del\u2026","rel":"","context":"En \u00abCampa\u00f1a Presidencial\u00bb","block_context":{"text":"Campa\u00f1a Presidencial","link":"https:\/\/estrategica.com.co\/blog\/category\/temas\/campana-presidencial\/"},"img":{"alt_text":"","src":"https:\/\/i0.wp.com\/estrategica.com.co\/blog\/wp-content\/uploads\/2009\/05\/av307_thumb.png?fit=437%2C341&ssl=1&resize=350%2C200","width":350,"height":200},"classes":[]}],"jetpack_sharing_enabled":true,"_links":{"self":[{"href":"https:\/\/estrategica.com.co\/blog\/wp-json\/wp\/v2\/posts\/14625","targetHints":{"allow":["GET"]}}],"collection":[{"href":"https:\/\/estrategica.com.co\/blog\/wp-json\/wp\/v2\/posts"}],"about":[{"href":"https:\/\/estrategica.com.co\/blog\/wp-json\/wp\/v2\/types\/post"}],"author":[{"embeddable":true,"href":"https:\/\/estrategica.com.co\/blog\/wp-json\/wp\/v2\/users\/4"}],"replies":[{"embeddable":true,"href":"https:\/\/estrategica.com.co\/blog\/wp-json\/wp\/v2\/comments?post=14625"}],"version-history":[{"count":10,"href":"https:\/\/estrategica.com.co\/blog\/wp-json\/wp\/v2\/posts\/14625\/revisions"}],"predecessor-version":[{"id":45958,"href":"https:\/\/estrategica.com.co\/blog\/wp-json\/wp\/v2\/posts\/14625\/revisions\/45958"}],"wp:featuredmedia":[{"embeddable":true,"href":"https:\/\/estrategica.com.co\/blog\/wp-json\/wp\/v2\/media\/14626"}],"wp:attachment":[{"href":"https:\/\/estrategica.com.co\/blog\/wp-json\/wp\/v2\/media?parent=14625"}],"wp:term":[{"taxonomy":"category","embeddable":true,"href":"https:\/\/estrategica.com.co\/blog\/wp-json\/wp\/v2\/categories?post=14625"},{"taxonomy":"post_tag","embeddable":true,"href":"https:\/\/estrategica.com.co\/blog\/wp-json\/wp\/v2\/tags?post=14625"}],"curies":[{"name":"wp","href":"https:\/\/api.w.org\/{rel}","templated":true}]}}