{"id":147,"date":"2008-12-31T04:23:58","date_gmt":"2008-12-31T04:23:58","guid":{"rendered":"http:\/\/estrategica.com.co\/blog\/?p=147"},"modified":"2015-07-08T10:57:35","modified_gmt":"2015-07-08T15:57:35","slug":"pour-une-alternative-a-gauche","status":"publish","type":"post","link":"https:\/\/estrategica.com.co\/blog\/pour-une-alternative-a-gauche\/","title":{"rendered":"Por una Alternativa de Izquierda"},"content":{"rendered":"<p><img loading=\"lazy\" decoding=\"async\" data-attachment-id=\"146\" data-permalink=\"https:\/\/estrategica.com.co\/blog\/pour-une-alternative-a-gauche\/affichedecampagnebovc3a92007\/\" data-orig-file=\"https:\/\/i0.wp.com\/estrategica.com.co\/blog\/wp-content\/uploads\/2008\/12\/affichedecampagnebovc3a92007.jpg?fit=306%2C400&amp;ssl=1\" data-orig-size=\"306,400\" data-comments-opened=\"1\" data-image-meta=\"{&quot;aperture&quot;:&quot;0&quot;,&quot;credit&quot;:&quot;&quot;,&quot;camera&quot;:&quot;&quot;,&quot;caption&quot;:&quot;&quot;,&quot;created_timestamp&quot;:&quot;0&quot;,&quot;copyright&quot;:&quot;&quot;,&quot;focal_length&quot;:&quot;0&quot;,&quot;iso&quot;:&quot;0&quot;,&quot;shutter_speed&quot;:&quot;0&quot;,&quot;title&quot;:&quot;&quot;}\" data-image-title=\"affichedecampagnebovc3a92007\" data-image-description=\"\" data-image-caption=\"\" data-medium-file=\"https:\/\/i0.wp.com\/estrategica.com.co\/blog\/wp-content\/uploads\/2008\/12\/affichedecampagnebovc3a92007.jpg?fit=229%2C300&amp;ssl=1\" data-large-file=\"https:\/\/i0.wp.com\/estrategica.com.co\/blog\/wp-content\/uploads\/2008\/12\/affichedecampagnebovc3a92007.jpg?fit=306%2C400&amp;ssl=1\" class=\"alignnone size-full wp-image-146\" title=\"affichedecampagnebovc3a92007\" src=\"https:\/\/i0.wp.com\/estrategica.com.co\/blog\/wp-content\/uploads\/2008\/12\/affichedecampagnebovc3a92007.jpg?resize=306%2C400\" alt=\"affichedecampagnebovc3a92007\" width=\"306\" height=\"400\" srcset=\"https:\/\/i0.wp.com\/estrategica.com.co\/blog\/wp-content\/uploads\/2008\/12\/affichedecampagnebovc3a92007.jpg?w=306&amp;ssl=1 306w, https:\/\/i0.wp.com\/estrategica.com.co\/blog\/wp-content\/uploads\/2008\/12\/affichedecampagnebovc3a92007.jpg?resize=229%2C300&amp;ssl=1 229w\" sizes=\"(max-width: 306px) 100vw, 306px\" data-recalc-dims=\"1\" \/><\/p>\n<p style=\"text-align: justify;\">Jos\u00e9 Bov\u00e9 se lanza a la Presidencia en una entrevista al diario Lib\u00e9ration el 13 de junio de 2006 con la intenci\u00f3n de agrupar a la izquierda antiliberal, es decir, a lo que \u00e9l mismo denomin\u00f3 \u201cla izquierda de la izquierda\u201d. Sin embargo, sus diferencias con el candidato del Partido Comunista de Francia, Marie-George Buffet, impidieron dicho prop\u00f3sito y la izquierda liberal se present\u00f3 dividida en 5 candidatos: Olivier Besancenot, Marie-George Buffet, Arlette Laguiller, G\u00e9rard Schivardi y el mismo Bov\u00e9. Ante la imposibilidad de la uni\u00f3n Bov\u00e9 se inscribe por firmas el 16 de marzo de 2007 y en la primera vuelta electoral, el 22 de abril de 2007, obtiene 483.008 votos que representaron el 1,32% de la participaci\u00f3n total. Este afiche de Bov\u00e9 es <em>sui generis <\/em>dentro de la grafica de la campa\u00f1a pues se utiliza la fotograf\u00eda del candidato con una mirada distra\u00edda y sin saber d\u00f3nde poner las manos, parece confundido en medio de la gente. Seis motivos distintos de afiches en la misma campa\u00f1a muestran no solo dispersi\u00f3n de recursos sino indisciplina de mensaje visual y desorden. Muchos mensajes no posicionan ninguno.<\/p>\n","protected":false},"excerpt":{"rendered":"<p>Jos\u00e9 Bov\u00e9 se lanza a la Presidencia en una entrevista al diario Lib\u00e9ration el 13 de junio de 2006 con la intenci\u00f3n de agrupar a la izquierda antiliberal, es decir, a lo que \u00e9l mismo denomin\u00f3 \u201cla izquierda de la izquierda\u201d. Sin embargo, sus diferencias con el candidato del Partido Comunista de Francia, Marie-George Buffet, [&hellip;]<\/p>\n","protected":false},"author":2,"featured_media":59125,"comment_status":"open","ping_status":"open","sticky":false,"template":"","format":"standard","meta":{"_et_pb_use_builder":"","_et_pb_old_content":"","_et_gb_content_width":"","advanced_seo_description":"","jetpack_seo_html_title":"","jetpack_seo_noindex":false,"footnotes":""},"categories":[269,5,263,57,46,50,10,11],"tags":[52,51],"class_list":["post-147","post","type-post","status-publish","format-standard","has-post-thumbnail","hentry","category-269","category-afiches","category-ano","category-campana-presidencial","category-fotograficos","category-francia","category-geo","category-temas","tag-elecciones-2007","tag-jose-bove"],"jetpack_featured_media_url":"https:\/\/i0.wp.com\/estrategica.com.co\/blog\/wp-content\/uploads\/2008\/12\/Por-una-Alternativa-de-Izquierda.jpg?fit=306%2C400&ssl=1","jetpack_shortlink":"https:\/\/wp.me\/p4wgsh-2n","jetpack-related-posts":[{"id":44,"url":"https:\/\/estrategica.com.co\/blog\/unidos-jose-bove\/","url_meta":{"origin":147,"position":0},"title":"Unidos &#8211; Bov\u00e9","author":"camilorojas","date":"diciembre 30, 2008","format":false,"excerpt":"Jos\u00e9 Bov\u00e9 se lanza a la Presidencia en una entrevista al diario Lib\u00e9ration el 13 de junio de 2006 con la intenci\u00f3n de agrupar a la izquierda antiliberal, es decir, a lo que \u00e9l mismo denomin\u00f3 \u201cla izquierda de la izquierda\u201d. Sin embargo, sus diferencias con el candidato del Partido\u2026","rel":"","context":"En \u00ab2007\u00bb","block_context":{"text":"2007","link":"https:\/\/estrategica.com.co\/blog\/category\/ano\/2007\/"},"img":{"alt_text":"","src":"https:\/\/i0.wp.com\/estrategica.com.co\/blog\/wp-content\/uploads\/2008\/12\/Unidos-\u2013-Bov\u00e9.jpg?fit=500%2C304&ssl=1&resize=350%2C200","width":350,"height":200},"classes":[]},{"id":40,"url":"https:\/\/estrategica.com.co\/blog\/otro-mundo-es-posible-bove\/","url_meta":{"origin":147,"position":1},"title":"Otro Mundo es Posible &#8211; Bov\u00e9","author":"camilorojas","date":"diciembre 30, 2008","format":false,"excerpt":"Jos\u00e9 Bov\u00e9 se lanza a la Presidencia en una entrevista al diario Lib\u00e9ration el 13 de junio de 2006 con la intenci\u00f3n de agrupar a la izquierda antiliberal, es decir, a lo que \u00e9l mismo denomin\u00f3 \u201cla izquierda de la izquierda\u201d. Sin embargo, sus diferencias con el candidato del Partido\u2026","rel":"","context":"En \u00ab2007\u00bb","block_context":{"text":"2007","link":"https:\/\/estrategica.com.co\/blog\/category\/ano\/2007\/"},"img":{"alt_text":"","src":"https:\/\/i0.wp.com\/estrategica.com.co\/blog\/wp-content\/uploads\/2008\/12\/Otro-Mundo-es-Posible-\u2013-Bov\u00e9.jpg?fit=421%2C600&ssl=1&resize=350%2C200","width":350,"height":200},"classes":[]},{"id":48,"url":"https:\/\/estrategica.com.co\/blog\/por-otra-realidad-bove\/","url_meta":{"origin":147,"position":2},"title":"Por Otra Realidad &#8211; Bov\u00e9","author":"camilorojas","date":"diciembre 30, 2008","format":false,"excerpt":"Jos\u00e9 Bov\u00e9 se lanza a la Presidencia en una entrevista al diario Lib\u00e9ration el 13 de junio de 2006 con la intenci\u00f3n de agrupar a la izquierda antiliberal, es decir, a lo que \u00e9l mismo denomin\u00f3 \u201cla izquierda de la izquierda\u201d. Sin embargo, sus diferencias con el candidato del Partido\u2026","rel":"","context":"En \u00ab2007\u00bb","block_context":{"text":"2007","link":"https:\/\/estrategica.com.co\/blog\/category\/ano\/2007\/"},"img":{"alt_text":"","src":"https:\/\/i0.wp.com\/estrategica.com.co\/blog\/wp-content\/uploads\/2008\/12\/Por-Otra-Realidad-\u2013-Bov\u00e9.jpg?fit=424%2C600&ssl=1&resize=350%2C200","width":350,"height":200},"classes":[]},{"id":64,"url":"https:\/\/estrategica.com.co\/blog\/otro-mundo-esta-en-marcha-bove\/","url_meta":{"origin":147,"position":3},"title":"Otro Mundo esta en Marcha &#8211; Bov\u00e9","author":"camilorojas","date":"diciembre 30, 2008","format":false,"excerpt":"Jos\u00e9 Bov\u00e9 se lanza a la Presidencia en una entrevista al diario Lib\u00e9ration el 13 de junio de 2006 con la intenci\u00f3n de agrupar a la izquierda antiliberal, es decir, a lo que \u00e9l mismo denomin\u00f3 \u201cla izquierda de la izquierda\u201d. Sin embargo, sus diferencias con el candidato del Partido\u2026","rel":"","context":"En \u00ab2007\u00bb","block_context":{"text":"2007","link":"https:\/\/estrategica.com.co\/blog\/category\/ano\/2007\/"},"img":{"alt_text":"","src":"https:\/\/i0.wp.com\/estrategica.com.co\/blog\/wp-content\/uploads\/2008\/12\/Otro-Mundo-esta-en-Marcha-\u2013-Bov\u00e9.gif?fit=399%2C600&ssl=1&resize=350%2C200","width":350,"height":200},"classes":[]},{"id":32,"url":"https:\/\/estrategica.com.co\/blog\/pipa-y-bigote\/","url_meta":{"origin":147,"position":4},"title":"Pipa y Bigote &#8211; Bov\u00e9","author":"camilorojas","date":"diciembre 30, 2008","format":false,"excerpt":"Jos\u00e9 Bov\u00e9 se lanza a la Presidencia en una entrevista al diario Lib\u00e9ration el 13 de junio de 2006 con la intenci\u00f3n de agrupar a la izquierda antiliberal, es decir, a lo que \u00e9l mismo denomin\u00f3 \u201cla izquierda de la izquierda\u201d. Sin embargo, sus diferencias con el candidato del Partido\u2026","rel":"","context":"En \u00ab2007\u00bb","block_context":{"text":"2007","link":"https:\/\/estrategica.com.co\/blog\/category\/ano\/2007\/"},"img":{"alt_text":"","src":"https:\/\/i0.wp.com\/estrategica.com.co\/blog\/wp-content\/uploads\/2008\/12\/Pipa-y-Bigote-\u2013-Bov\u00e9.jpg?fit=800%2C599&ssl=1&resize=350%2C200","width":350,"height":200},"classes":[]},{"id":374,"url":"https:\/\/estrategica.com.co\/blog\/una-izquierda-valiente-para-cambiar-la-vida\/","url_meta":{"origin":147,"position":5},"title":"Una izquierda valiente, para cambiar la vida!","author":"camilorojas","date":"enero 4, 2009","format":false,"excerpt":"Candidata del Partido Comunista Frances. Sus planteamientos han estado dirigidos a proteger las condiciones laborales de los trabajadores. Sus planteamientos pol\u00edticos se encuadran dentro del espectro anti-liberal en donde tuvo que competir con Olivier Besancenot, Jos\u00e9 Bov\u00e9 y Arlette Laguiller. El resultado electoral que obtuvo fueron 707.628 votos, es decir,\u2026","rel":"","context":"En \u00ab2007\u00bb","block_context":{"text":"2007","link":"https:\/\/estrategica.com.co\/blog\/category\/ano\/2007\/"},"img":{"alt_text":"","src":"https:\/\/i0.wp.com\/estrategica.com.co\/blog\/wp-content\/uploads\/2009\/01\/Una-izquierda-valiente-para-cambiar-la-vida.jpg?fit=326%2C456&ssl=1&resize=350%2C200","width":350,"height":200},"classes":[]}],"jetpack_sharing_enabled":true,"_links":{"self":[{"href":"https:\/\/estrategica.com.co\/blog\/wp-json\/wp\/v2\/posts\/147","targetHints":{"allow":["GET"]}}],"collection":[{"href":"https:\/\/estrategica.com.co\/blog\/wp-json\/wp\/v2\/posts"}],"about":[{"href":"https:\/\/estrategica.com.co\/blog\/wp-json\/wp\/v2\/types\/post"}],"author":[{"embeddable":true,"href":"https:\/\/estrategica.com.co\/blog\/wp-json\/wp\/v2\/users\/2"}],"replies":[{"embeddable":true,"href":"https:\/\/estrategica.com.co\/blog\/wp-json\/wp\/v2\/comments?post=147"}],"version-history":[{"count":5,"href":"https:\/\/estrategica.com.co\/blog\/wp-json\/wp\/v2\/posts\/147\/revisions"}],"predecessor-version":[{"id":4034,"href":"https:\/\/estrategica.com.co\/blog\/wp-json\/wp\/v2\/posts\/147\/revisions\/4034"}],"wp:featuredmedia":[{"embeddable":true,"href":"https:\/\/estrategica.com.co\/blog\/wp-json\/wp\/v2\/media\/59125"}],"wp:attachment":[{"href":"https:\/\/estrategica.com.co\/blog\/wp-json\/wp\/v2\/media?parent=147"}],"wp:term":[{"taxonomy":"category","embeddable":true,"href":"https:\/\/estrategica.com.co\/blog\/wp-json\/wp\/v2\/categories?post=147"},{"taxonomy":"post_tag","embeddable":true,"href":"https:\/\/estrategica.com.co\/blog\/wp-json\/wp\/v2\/tags?post=147"}],"curies":[{"name":"wp","href":"https:\/\/api.w.org\/{rel}","templated":true}]}}