{"id":14955,"date":"2009-05-23T14:00:35","date_gmt":"2009-05-23T14:00:35","guid":{"rendered":"http:\/\/estrategica.com.co\/blog\/?p=14955"},"modified":"2015-02-10T16:21:37","modified_gmt":"2015-02-10T21:21:37","slug":"una-pelicula-sos-peruanitos","status":"publish","type":"post","link":"https:\/\/estrategica.com.co\/blog\/una-pelicula-sos-peruanitos\/","title":{"rendered":"Una Pelicula &#8211; S.O.S Peruanitos"},"content":{"rendered":"<p> <script type='text\/javascript' src='https:\/\/estrategica.com.co\/blog\/wp-content\/plugins\/hana-flv-player\/flowplayer3\/example\/flowplayer-3.2.6.min.js'><\/script>\n<div >\n<div id='hana_flv_flow3_1' style='display:block;width:550px;height:413px;background-color:#555555;color:#ffffff;padding:0' title=\"*Video:una pelicula - s.o.s peruanitos\"><\/div>\n<\/div>\n\n<script  type='text\/javascript'>\nif (typeof g_hanaFlash !== 'undefined' && !g_hanaFlash){\n    jQuery('#hana_flv_flow3_1').css( 'padding', '5px' );\n\tjQuery('#hana_flv_flow3_1').html(\"<span class='inactive_message' style='display:block'>Sorry, your browser does not support Flash Video Player<\/span> *Video:una pelicula - s.o.s peruanitos\");\n}else{\t\t\t\n\t\tflowplayer('hana_flv_flow3_1', { src: 'https:\/\/estrategica.com.co\/blog\/wp-content\/plugins\/hana-flv-player\/flowplayer3\/flowplayer-3.2.7.swf', wmode: 'transparent' }, { \n\n\t\t\tcanvas: { backgroundColor: '#000000', backgroundGradient: 'none',},\n    \t\tclip:  { \n    \t\t\turl: '\/blog\/wp-content\/uploads\/2009\/01\/videos_ultimos\/av186.flv',\n        \t\tscaling: 'fit', autoPlay: false, autoBuffering: true \n\t\t\t\t   , onFinish : function () { this.seek(0); }  \n\n\t        }\n\n\t\t});\n}\n<\/script><br \/>\n<\/br><\/p>\n<p>[icon color=\u00bbAccent-Color\u00bb size=\u00bbregular\u00bb image=\u00bbsteadysets-icon-chat\u00bb] <strong>Contexto<\/strong><\/br><\/br><\/p>\n<p style=\"text-align: justify;\">Spot de la Fundaci\u00f3n S.O.S Peruanitos que tiene como objetivo educar a los ni\u00f1os que por su extrema pobreza no pueden asistir a una escuela. El spot es sencillo pero con vocaci\u00f3n de recordaci\u00f3n, tiene un mensaje contundente y la \u00faltima escena es de una crudeza tan natural que golpea al espectador. El spot obtuvo el premio Dolly 2006 a mejor publicidad.<\/p><\/p>\n","protected":false},"excerpt":{"rendered":"<p>*Video: una pelicula &#8211; s.o.s peruanitos [icon color=\u00bbAccent-Color\u00bb size=\u00bbregular\u00bb image=\u00bbsteadysets-icon-chat\u00bb] Contexto Spot de la Fundaci\u00f3n S.O.S Peruanitos que tiene como objetivo educar a los ni\u00f1os que por su extrema pobreza no pueden asistir a una escuela. El spot es sencillo pero con vocaci\u00f3n de recordaci\u00f3n, tiene un mensaje contundente y la \u00faltima escena es de [&hellip;]<\/p>\n","protected":false},"author":5,"featured_media":14956,"comment_status":"open","ping_status":"open","sticky":false,"template":"","format":"standard","meta":{"_et_pb_use_builder":"","_et_pb_old_content":"","_et_gb_content_width":"","advanced_seo_description":"","jetpack_seo_html_title":"","jetpack_seo_noindex":false,"footnotes":""},"categories":[264,263,27,10,35,247,11,3],"tags":[543,542],"class_list":["post-14955","post","type-post","status-publish","format-standard","has-post-thumbnail","hentry","category-264","category-ano","category-divulgacion-politica","category-geo","category-mensaje-politico","category-peru","category-temas","category-video","tag-hambre","tag-pobreza"],"jetpack_featured_media_url":"https:\/\/i0.wp.com\/estrategica.com.co\/blog\/wp-content\/uploads\/2009\/05\/av186_thumb.png?fit=434%2C347&ssl=1","jetpack_shortlink":"https:\/\/wp.me\/p4wgsh-3Td","jetpack-related-posts":[{"id":15609,"url":"https:\/\/estrategica.com.co\/blog\/cosechan-pobreza-correa\/","url_meta":{"origin":14955,"position":0},"title":"Cosechan Pobreza &#8211; Correa","author":"Juliana","date":"junio 15, 2009","format":false,"excerpt":"[hana-flv-player video=\"\/blog\/wp-content\/uploads\/2009\/01\/videos_ultimos\/av271.flv\" width=\"550\" height=\"\" description=\"Cosechan Pobreza - Correa\" clickurl=\"\" clicktarget=\"\" player=\"4\" autoplay=\"false\" loop=\"false\" autorewind=\"true\" splashimage=\"\" skin=\"\" \/] [icon color=\"Accent-Color\" size=\"regular\" image=\"steadysets-icon-chat\"] Contexto Spot de la campa\u00f1a presidencial de Rafael Correa, durante la contienda electoral de 2006. Las elecciones se dieron en un ambiente f\u00e9rtil para candidaturas alternativas. Los partidos tradicionales\u2026","rel":"","context":"En \u00abCampa\u00f1a Presidencial\u00bb","block_context":{"text":"Campa\u00f1a Presidencial","link":"https:\/\/estrategica.com.co\/blog\/category\/temas\/campana-presidencial\/"},"img":{"alt_text":"","src":"https:\/\/i0.wp.com\/estrategica.com.co\/blog\/wp-content\/uploads\/2009\/05\/av271_thumb.png?fit=429%2C328&ssl=1&resize=350%2C200","width":350,"height":200},"classes":[]},{"id":35281,"url":"https:\/\/estrategica.com.co\/blog\/halfinten\/","url_meta":{"origin":14955,"position":1},"title":"Reducci\u00f3n de Pobreza &#8211; Half In Ten","author":"Juliana","date":"agosto 4, 2012","format":false,"excerpt":"[hana-flv-player video=\"\/blog\/wp-content\/uploads\/2009\/01\/20111213\/HalfInTen.flv\" width=\"550\" height=\"\" description=\"Reducci\u00f3n de Pobreza - Half In Ten\" clickurl=\"\" clicktarget=\"\" player=\"4\" autoplay=\"false\" loop=\"false\" autorewind=\"false\" splashimage=\"\" skin=\"\" \/] [icon color=\"Accent-Color\" size=\"regular\" image=\"steadysets-icon-chat\"] Contexto Spot de la organizaci\u00f3n Half in Ten durante el a\u00f1o 2008, con el fin de promocionar sus actividades dirigidas a reducir la pobreza a la\u2026","rel":"","context":"En \u00ab2008\u00bb","block_context":{"text":"2008","link":"https:\/\/estrategica.com.co\/blog\/category\/ano\/2008\/"},"img":{"alt_text":"","src":"https:\/\/i0.wp.com\/estrategica.com.co\/blog\/wp-content\/uploads\/2012\/08\/HalfInTen_thumb.png?fit=803%2C595&ssl=1&resize=350%2C200","width":350,"height":200},"classes":[]},{"id":15888,"url":"https:\/\/estrategica.com.co\/blog\/la-voz-de-los-que-nadie-escucha-pobreza-cero\/","url_meta":{"origin":14955,"position":2},"title":"La Voz de los que Nadie Escucha &#8211; Pobreza Cero","author":"Juliana","date":"junio 13, 2009","format":false,"excerpt":"[hana-flv-player video=\"\/blog\/wp-content\/uploads\/2009\/01\/videos_ultimos\/av329.flv\" width=\"550\" height=\"\" description=\"La Voz de los que Nadie Escucha - Pobreza Cero\" clickurl=\"\" clicktarget=\"\" player=\"4\" autoplay=\"false\" loop=\"false\" autorewind=\"true\" splashimage=\"\" skin=\"\" \/] [icon color=\"Accent-Color\" size=\"regular\" image=\"steadysets-icon-chat\"] Contexto Spot de la ONG espa\u00f1ola Pobreza Cero, la cual busca presionar a los gobierno con el fin de que cumplan los compromisos\u2026","rel":"","context":"En \u00ab2005\u00bb","block_context":{"text":"2005","link":"https:\/\/estrategica.com.co\/blog\/category\/ano\/2005\/"},"img":{"alt_text":"","src":"https:\/\/i0.wp.com\/estrategica.com.co\/blog\/wp-content\/uploads\/2009\/05\/av329_thumb.png?fit=442%2C359&ssl=1&resize=350%2C200","width":350,"height":200},"classes":[]},{"id":2328,"url":"https:\/\/estrategica.com.co\/blog\/50-millones-de-pobres\/","url_meta":{"origin":14955,"position":3},"title":"50 millones de pobres","author":"Juliana","date":"febrero 16, 2009","format":false,"excerpt":"[hana-flv-player video=\"\/blog\/wp-content\/uploads\/2009\/01\/mexico\/Haz_una_mejor_eleccion.flv\" width=\"550\" height=\"\" description=\"50 millones de pobres\" clickurl=\"\" clicktarget=\"\" player=\"4\" autoplay=\"false\" loop=\"false\" autorewind=\"true\" splashimage=\"\" skin=\"\" \/] [icon color=\"Accent-Color\" size=\"regular\" image=\"steadysets-icon-chat\"] Contexto Spot de campa\u00f1a de Andr\u00e9s L\u00f3pez Obrador para las elecciones de 2006. La campa\u00f1a estuvo marcada por la agresividad, la confrontaci\u00f3n ciega y la publicidad negativa. El ataque\u2026","rel":"","context":"En \u00ab2006\u00bb","block_context":{"text":"2006","link":"https:\/\/estrategica.com.co\/blog\/category\/ano\/2006\/"},"img":{"alt_text":"","src":"https:\/\/i0.wp.com\/estrategica.com.co\/blog\/wp-content\/uploads\/2009\/01\/haz_una_mejor_eleccion_thumb.png?fit=308%2C210&ssl=1&resize=350%2C200","width":350,"height":200},"classes":[]},{"id":18540,"url":"https:\/\/estrategica.com.co\/blog\/pobreza-pt\/","url_meta":{"origin":14955,"position":4},"title":"Pobreza &#8211; PT","author":"estrategica.com","date":"septiembre 25, 2009","format":false,"excerpt":"[hana-flv-player video=\"\/blog\/wp-content\/uploads\/2009\/01\/videosfinconver\/GatoPT.flv\" width=\"550\" height=\"\" description=\"Pobreza - PT\" clickurl=\"\" clicktarget=\"\" player=\"4\" autoplay=\"false\" loop=\"false\" autorewind=\"true\" splashimage=\"\" skin=\"\" \/] [icon color=\"Accent-Color\" size=\"regular\" image=\"steadysets-icon-chat\"] Contexto Spot del Partido de los Trabajadores del Brasil, PT, para posicionar el tema de pobreza en el a\u00f1o 2001. En la pieza aparece un vocero que describe la situaci\u00f3n\u2026","rel":"","context":"En \u00ab2001\u00bb","block_context":{"text":"2001","link":"https:\/\/estrategica.com.co\/blog\/category\/ano\/2001\/"},"img":{"alt_text":"","src":"https:\/\/i0.wp.com\/estrategica.com.co\/blog\/wp-content\/uploads\/2009\/06\/gatopt_thumb.png?fit=652%2C498&ssl=1&resize=350%2C200","width":350,"height":200},"classes":[]},{"id":14500,"url":"https:\/\/estrategica.com.co\/blog\/cambia-de-candidato-contrato-social-por-la-educacion\/","url_meta":{"origin":14955,"position":5},"title":"Cambia de Candidato &#8211; Contrato Social por la Educaci\u00f3n","author":"estrategica.com","date":"mayo 23, 2009","format":false,"excerpt":"[hana-flv-player video=\"\/blog\/wp-content\/uploads\/2009\/01\/videos_ultimos\/av131.flv\" width=\"550\" height=\"\" description=\"Cambia de Candidato - Contrato Social por la Educaci\u00f3n\" clickurl=\"\" clicktarget=\"\" player=\"4\" autoplay=\"false\" loop=\"false\" autorewind=\"true\" splashimage=\"\" skin=\"\" \/] [icon color=\"Accent-Color\" size=\"regular\" image=\"steadysets-icon-chat\"] Contexto Spot del Movimiento Ciudadano \u201cContrato Social por la Educaci\u00f3n\u201d durante la contienda electoral de 2006. El movimiento busca poner a la educaci\u00f3n como\u2026","rel":"","context":"En \u00ab2006\u00bb","block_context":{"text":"2006","link":"https:\/\/estrategica.com.co\/blog\/category\/ano\/2006\/"},"img":{"alt_text":"","src":"https:\/\/i0.wp.com\/estrategica.com.co\/blog\/wp-content\/uploads\/2009\/05\/av131_thumb.png?fit=361%2C231&ssl=1&resize=350%2C200","width":350,"height":200},"classes":[]}],"jetpack_sharing_enabled":true,"_links":{"self":[{"href":"https:\/\/estrategica.com.co\/blog\/wp-json\/wp\/v2\/posts\/14955","targetHints":{"allow":["GET"]}}],"collection":[{"href":"https:\/\/estrategica.com.co\/blog\/wp-json\/wp\/v2\/posts"}],"about":[{"href":"https:\/\/estrategica.com.co\/blog\/wp-json\/wp\/v2\/types\/post"}],"author":[{"embeddable":true,"href":"https:\/\/estrategica.com.co\/blog\/wp-json\/wp\/v2\/users\/5"}],"replies":[{"embeddable":true,"href":"https:\/\/estrategica.com.co\/blog\/wp-json\/wp\/v2\/comments?post=14955"}],"version-history":[{"count":7,"href":"https:\/\/estrategica.com.co\/blog\/wp-json\/wp\/v2\/posts\/14955\/revisions"}],"predecessor-version":[{"id":45914,"href":"https:\/\/estrategica.com.co\/blog\/wp-json\/wp\/v2\/posts\/14955\/revisions\/45914"}],"wp:featuredmedia":[{"embeddable":true,"href":"https:\/\/estrategica.com.co\/blog\/wp-json\/wp\/v2\/media\/14956"}],"wp:attachment":[{"href":"https:\/\/estrategica.com.co\/blog\/wp-json\/wp\/v2\/media?parent=14955"}],"wp:term":[{"taxonomy":"category","embeddable":true,"href":"https:\/\/estrategica.com.co\/blog\/wp-json\/wp\/v2\/categories?post=14955"},{"taxonomy":"post_tag","embeddable":true,"href":"https:\/\/estrategica.com.co\/blog\/wp-json\/wp\/v2\/tags?post=14955"}],"curies":[{"name":"wp","href":"https:\/\/api.w.org\/{rel}","templated":true}]}}