{"id":15259,"date":"2009-11-17T23:06:18","date_gmt":"2009-11-17T23:06:18","guid":{"rendered":"http:\/\/estrategica.com.co\/blog\/?p=15259"},"modified":"2014-10-23T15:14:30","modified_gmt":"2014-10-23T20:14:30","slug":"calavera-unicef","status":"publish","type":"post","link":"https:\/\/estrategica.com.co\/blog\/calavera-unicef\/","title":{"rendered":"Calavera &#8211; UNICEF"},"content":{"rendered":"<p> <script type='text\/javascript' src='https:\/\/estrategica.com.co\/blog\/wp-content\/plugins\/hana-flv-player\/flowplayer3\/example\/flowplayer-3.2.6.min.js'><\/script>\n<div >\n<div id='hana_flv_flow3_1' style='display:block;width:550px;height:413px;background-color:#555555;color:#ffffff;padding:0' title=\"*Video:calavera - unicef\"><\/div>\n<\/div>\n\n<script  type='text\/javascript'>\nif (typeof g_hanaFlash !== 'undefined' && !g_hanaFlash){\n    jQuery('#hana_flv_flow3_1').css( 'padding', '5px' );\n\tjQuery('#hana_flv_flow3_1').html(\"<span class='inactive_message' style='display:block'>Sorry, your browser does not support Flash Video Player<\/span> *Video:calavera - unicef\");\n}else{\t\t\t\n\t\tflowplayer('hana_flv_flow3_1', { src: 'https:\/\/estrategica.com.co\/blog\/wp-content\/plugins\/hana-flv-player\/flowplayer3\/flowplayer-3.2.7.swf', wmode: 'transparent' }, { \n\n\t\t\tcanvas: { backgroundColor: '#000000', backgroundGradient: 'none',},\n    \t\tclip:  { \n    \t\t\turl: '\/blog\/wp-content\/uploads\/2009\/01\/videos_ultimos\/av191.flv',\n        \t\tscaling: 'fit', autoPlay: false, autoBuffering: true \n\t\t\t\t   , onFinish : function () { this.seek(0); }  \n\n\t        }\n\n\t\t});\n}\n<\/script><br \/>\n<\/br><\/p>\n<p>[icon color=\u00bbAccent-Color\u00bb size=\u00bbregular\u00bb image=\u00bbsteadysets-icon-chat\u00bb] <strong>Contexto<\/strong><\/br><\/br><\/p>\n<p style=\"text-align: justify;\">Spot de la campa\u00f1a de UNICEF en Alemania para sensibilizar a los africanos sobre los efectos del SIDA. La pieza muestra una calavera, que se infiere est\u00e1 ante un bebe, y le ense\u00f1a la palabra mam\u00e1, obviamente se adivina que la mam\u00e1 muri\u00f3 como consecuencia del SIDA.<\/p><\/p>\n","protected":false},"excerpt":{"rendered":"<p>*Video: calavera &#8211; unicef [icon color=\u00bbAccent-Color\u00bb size=\u00bbregular\u00bb image=\u00bbsteadysets-icon-chat\u00bb] Contexto Spot de la campa\u00f1a de UNICEF en Alemania para sensibilizar a los africanos sobre los efectos del SIDA. La pieza muestra una calavera, que se infiere est\u00e1 ante un bebe, y le ense\u00f1a la palabra mam\u00e1, obviamente se adivina que la mam\u00e1 muri\u00f3 como consecuencia del [&hellip;]<\/p>\n","protected":false},"author":5,"featured_media":15260,"comment_status":"open","ping_status":"open","sticky":false,"template":"","format":"standard","meta":{"_et_pb_use_builder":"","_et_pb_old_content":"","_et_gb_content_width":"","advanced_seo_description":"","jetpack_seo_html_title":"","jetpack_seo_noindex":false,"footnotes":""},"categories":[268,159,263,27,10,35,11,3],"tags":[381,382,172,383],"class_list":["post-15259","post","type-post","status-publish","format-standard","has-post-thumbnail","hentry","category-268","category-alemania","category-ano","category-divulgacion-politica","category-geo","category-mensaje-politico","category-temas","category-video","tag-seropositivo","tag-sida","tag-unicef","tag-vih"],"jetpack_featured_media_url":"https:\/\/i0.wp.com\/estrategica.com.co\/blog\/wp-content\/uploads\/2009\/05\/av191_thumb.png?fit=442%2C350&ssl=1","jetpack_shortlink":"https:\/\/wp.me\/p4wgsh-3Y7","jetpack-related-posts":[{"id":23999,"url":"https:\/\/estrategica.com.co\/blog\/corto-de-pelicula-unicef\/","url_meta":{"origin":15259,"position":0},"title":"Corto de Pel\u00edcula &#8211; UNICEF","author":"Juliana","date":"noviembre 16, 2010","format":false,"excerpt":"[hana-flv-player video=\"\/blog\/wp-content\/uploads\/2009\/01\/20100708\/PlayingUnicefSavethAIDSvictims.flv\" width=\"550\" height=\"\" description=\"Corto de Pel\u00edcula - UNICEF\" clickurl=\"\" clicktarget=\"\" player=\"4\" autoplay=\"false\" loop=\"false\" autorewind=\"true\" splashimage=\"\" skin=\"\" \/] [icon color=\"Accent-Color\" size=\"regular\" image=\"steadysets-icon-chat\"] Contexto Spot de UNICEF Suiza en el a\u00f1o 2007 para concientizar sobre la ayuda a las victimas del SIDA. La pieza muestra una est\u00e9tica cinematogr\u00e1fica para evidenciar una\u2026","rel":"","context":"En \u00ab2007\u00bb","block_context":{"text":"2007","link":"https:\/\/estrategica.com.co\/blog\/category\/ano\/2007\/"},"img":{"alt_text":"","src":"https:\/\/i0.wp.com\/estrategica.com.co\/blog\/wp-content\/uploads\/2010\/07\/PlayingUnicefSavethAIDSvictims_thumb.png?fit=490%2C307&ssl=1&resize=350%2C200","width":350,"height":200},"classes":[]},{"id":24515,"url":"https:\/\/estrategica.com.co\/blog\/proyecto-tap-mama-unicef\/","url_meta":{"origin":15259,"position":1},"title":"Proyecto Tap &#8211; Mam\u00e1 &#8211; UNICEF","author":"Juliana","date":"julio 24, 2010","format":false,"excerpt":"[hana-flv-player video=\"\/blog\/wp-content\/uploads\/2009\/01\/20100708\/TAPPROJECT20091.flv\" width=\"550\" height=\"\" description=\"Proyecto Tap - Mam\u00e1 - UNICEF\" clickurl=\"\" clicktarget=\"\" player=\"4\" autoplay=\"false\" loop=\"false\" autorewind=\"true\" splashimage=\"\" skin=\"\" \/] [icon color=\"Accent-Color\" size=\"regular\" image=\"steadysets-icon-chat\"] Contexto Spot de UNICEF para impulsar el Tap Project, una iniciativa que busca proveer de agua limpia y segura a millones de ni\u00f1os que no tienen acceso\u2026","rel":"","context":"En \u00ab2010\u00bb","block_context":{"text":"2010","link":"https:\/\/estrategica.com.co\/blog\/category\/ano\/2010\/"},"img":{"alt_text":"","src":"https:\/\/i0.wp.com\/estrategica.com.co\/blog\/wp-content\/uploads\/2010\/07\/TAPPROJECT20091_thumb.png?fit=547%2C403&ssl=1&resize=350%2C200","width":350,"height":200},"classes":[]},{"id":24604,"url":"https:\/\/estrategica.com.co\/blog\/cena-unicef\/","url_meta":{"origin":15259,"position":2},"title":"Cena &#8211; UNICEF","author":"Juliana","date":"julio 24, 2010","format":false,"excerpt":"[hana-flv-player video=\"\/blog\/wp-content\/uploads\/2009\/01\/20100708\/UNICEF1.flv\" width=\"550\" height=\"\" description=\"Cena - UNICEF\" clickurl=\"\" clicktarget=\"\" player=\"4\" autoplay=\"false\" loop=\"false\" autorewind=\"true\" splashimage=\"\" skin=\"\" \/] [icon color=\"Accent-Color\" size=\"regular\" image=\"steadysets-icon-chat\"] Contexto Spot de UNICEF Praga en el a\u00f1o 2010 realizado con el objeto de evidenciar la realidad de la miseria y la indiferencia con la que los ciudadanos de los\u2026","rel":"","context":"En \u00ab2010\u00bb","block_context":{"text":"2010","link":"https:\/\/estrategica.com.co\/blog\/category\/ano\/2010\/"},"img":{"alt_text":"","src":"https:\/\/i0.wp.com\/estrategica.com.co\/blog\/wp-content\/uploads\/2010\/07\/UNICEF1_thumb.png?fit=597%2C397&ssl=1&resize=350%2C200","width":350,"height":200},"classes":[]},{"id":24607,"url":"https:\/\/estrategica.com.co\/blog\/cuna-unicef\/","url_meta":{"origin":15259,"position":3},"title":"Cuna &#8211; UNICEF","author":"Juliana","date":"julio 24, 2010","format":false,"excerpt":"[hana-flv-player video=\"\/blog\/wp-content\/uploads\/2009\/01\/20100708\/UNICEF2.flv\" width=\"550\" height=\"\" description=\"Cuna - UNICEF\" clickurl=\"\" clicktarget=\"\" player=\"4\" autoplay=\"false\" loop=\"false\" autorewind=\"true\" splashimage=\"\" skin=\"\" \/] [icon color=\"Accent-Color\" size=\"regular\" image=\"steadysets-icon-chat\"] Contexto Spot de UNICEF Praga en el a\u00f1o 2010 realizado con el objeto de evidenciar la realidad de la miseria y la indiferencia con la que los ciudadanos de los\u2026","rel":"","context":"En \u00ab2010\u00bb","block_context":{"text":"2010","link":"https:\/\/estrategica.com.co\/blog\/category\/ano\/2010\/"},"img":{"alt_text":"","src":"https:\/\/i0.wp.com\/estrategica.com.co\/blog\/wp-content\/uploads\/2010\/07\/UNICEF2_thumb.png?fit=526%2C463&ssl=1&resize=350%2C200","width":350,"height":200},"classes":[]},{"id":15565,"url":"https:\/\/estrategica.com.co\/blog\/discriminacion-unicef\/","url_meta":{"origin":15259,"position":4},"title":"Discriminaci\u00f3n &#8211; UNICEF","author":"Juliana","date":"junio 15, 2009","format":false,"excerpt":"[hana-flv-player video=\"\/blog\/wp-content\/uploads\/2009\/01\/videos_ultimos\/av261.flv\" width=\"550\" height=\"\" description=\"Discriminaci\u00f3n - UNICEF\" clickurl=\"\" clicktarget=\"\" player=\"4\" autoplay=\"false\" loop=\"false\" autorewind=\"true\" splashimage=\"\" skin=\"\" \/] [icon color=\"Accent-Color\" size=\"regular\" image=\"steadysets-icon-chat\"] Contexto Spot de UNICEF en al a\u00f1o 2007. La campa\u00f1a es contra la discriminaci\u00f3n y trata de estimular a los adultos a que generen comportamientos tolerantes en los menores. La\u2026","rel":"","context":"En \u00ab2007\u00bb","block_context":{"text":"2007","link":"https:\/\/estrategica.com.co\/blog\/category\/ano\/2007\/"},"img":{"alt_text":"","src":"https:\/\/i0.wp.com\/estrategica.com.co\/blog\/wp-content\/uploads\/2009\/05\/av261_thumb.png?fit=344%2C316&ssl=1&resize=350%2C200","width":350,"height":200},"classes":[]},{"id":15863,"url":"https:\/\/estrategica.com.co\/blog\/maltrato-infantil-unicef-gobierno-de-chile\/","url_meta":{"origin":15259,"position":5},"title":"Maltrato Infantil &#8211; UNICEF &#8211; Gobierno de Chile","author":"Juliana","date":"junio 13, 2009","format":false,"excerpt":"[hana-flv-player video=\"\/blog\/wp-content\/uploads\/2009\/01\/videos_ultimos\/av324.flv\" width=\"550\" height=\"\" description=\"Maltrato Infantil - UNICEF - Gobierno de Chile\" clickurl=\"\" clicktarget=\"\" player=\"4\" autoplay=\"false\" loop=\"false\" autorewind=\"true\" splashimage=\"\" skin=\"\" \/] [icon color=\"Accent-Color\" size=\"regular\" image=\"steadysets-icon-chat\"] Contexto Spot del Gobierno de Chile y UNICEF para posicionar el tema del maltrato infantil en el a\u00f1o 2006. El spot no es impactante ni\u2026","rel":"","context":"En \u00ab2006\u00bb","block_context":{"text":"2006","link":"https:\/\/estrategica.com.co\/blog\/category\/ano\/2006\/"},"img":{"alt_text":"","src":"https:\/\/i0.wp.com\/estrategica.com.co\/blog\/wp-content\/uploads\/2009\/05\/av324_thumb.png?fit=456%2C346&ssl=1&resize=350%2C200","width":350,"height":200},"classes":[]}],"jetpack_sharing_enabled":true,"_links":{"self":[{"href":"https:\/\/estrategica.com.co\/blog\/wp-json\/wp\/v2\/posts\/15259","targetHints":{"allow":["GET"]}}],"collection":[{"href":"https:\/\/estrategica.com.co\/blog\/wp-json\/wp\/v2\/posts"}],"about":[{"href":"https:\/\/estrategica.com.co\/blog\/wp-json\/wp\/v2\/types\/post"}],"author":[{"embeddable":true,"href":"https:\/\/estrategica.com.co\/blog\/wp-json\/wp\/v2\/users\/5"}],"replies":[{"embeddable":true,"href":"https:\/\/estrategica.com.co\/blog\/wp-json\/wp\/v2\/comments?post=15259"}],"version-history":[{"count":9,"href":"https:\/\/estrategica.com.co\/blog\/wp-json\/wp\/v2\/posts\/15259\/revisions"}],"predecessor-version":[{"id":60767,"href":"https:\/\/estrategica.com.co\/blog\/wp-json\/wp\/v2\/posts\/15259\/revisions\/60767"}],"wp:featuredmedia":[{"embeddable":true,"href":"https:\/\/estrategica.com.co\/blog\/wp-json\/wp\/v2\/media\/15260"}],"wp:attachment":[{"href":"https:\/\/estrategica.com.co\/blog\/wp-json\/wp\/v2\/media?parent=15259"}],"wp:term":[{"taxonomy":"category","embeddable":true,"href":"https:\/\/estrategica.com.co\/blog\/wp-json\/wp\/v2\/categories?post=15259"},{"taxonomy":"post_tag","embeddable":true,"href":"https:\/\/estrategica.com.co\/blog\/wp-json\/wp\/v2\/tags?post=15259"}],"curies":[{"name":"wp","href":"https:\/\/api.w.org\/{rel}","templated":true}]}}