{"id":15283,"date":"2011-02-28T11:23:18","date_gmt":"2011-02-28T16:23:18","guid":{"rendered":"http:\/\/estrategica.com.co\/blog\/?p=15283"},"modified":"2015-03-25T16:54:10","modified_gmt":"2015-03-25T21:54:10","slug":"av197","status":"publish","type":"post","link":"https:\/\/estrategica.com.co\/blog\/av197\/","title":{"rendered":"Qui\u00e9n es el Candidato &#8211; Anti Rosales"},"content":{"rendered":"<p> <script type='text\/javascript' src='https:\/\/estrategica.com.co\/blog\/wp-content\/plugins\/hana-flv-player\/flowplayer3\/example\/flowplayer-3.2.6.min.js'><\/script>\n<div >\n<div id='hana_flv_flow3_1' style='display:block;width:550px;height:413px;background-color:#555555;color:#ffffff;padding:0' title=\"*Video:qui\u00e9n es el candidato - anti rosales\"><\/div>\n<\/div>\n\n<script  type='text\/javascript'>\nif (typeof g_hanaFlash !== 'undefined' && !g_hanaFlash){\n    jQuery('#hana_flv_flow3_1').css( 'padding', '5px' );\n\tjQuery('#hana_flv_flow3_1').html(\"<span class='inactive_message' style='display:block'>Sorry, your browser does not support Flash Video Player<\/span> *Video:qui\u00e9n es el candidato - anti rosales\");\n}else{\t\t\t\n\t\tflowplayer('hana_flv_flow3_1', { src: 'https:\/\/estrategica.com.co\/blog\/wp-content\/plugins\/hana-flv-player\/flowplayer3\/flowplayer-3.2.7.swf', wmode: 'transparent' }, { \n\n\t\t\tcanvas: { backgroundColor: '#000000', backgroundGradient: 'none',},\n    \t\tclip:  { \n    \t\t\turl: '\/blog\/wp-content\/uploads\/2009\/01\/videos_ultimos\/av197.flv',\n        \t\tscaling: 'fit', autoPlay: false, autoBuffering: true \n\t\t\t\t   , onFinish : function () { this.seek(0); }  \n\n\t        }\n\n\t\t});\n}\n<\/script><br \/>\n<\/br><\/p>\n<p>[icon color=\u00bbAccent-Color\u00bb size=\u00bbregular\u00bb image=\u00bbsteadysets-icon-chat\u00bb] <strong>Contexto<\/strong><\/br><\/br><\/p>\n<p style=\"text-align: justify;\">Spot de la campa\u00f1a de Manuel Rosales a la Alcald\u00eda de Maracaibo durante la contienda electoral de 2008. La pieza que vemos busca comparar el animo reeleccionista de Rosales, pues ya hab\u00eda sido dos veces alcalde en el pasado, con la percepci\u00f3n de Hugo Ch\u00e1vez. La pieza esta bien lograda en la medida en que mantiene la tensi\u00f3n comunicativa y posiciona un mensaje claro en el espectador. Al final Rosales fue elegido, venciendo a Henri Ram\u00edrez del Partido Socialista Unido de Venezuela..<\/p><\/p>\n","protected":false},"excerpt":{"rendered":"<p>*Video: qui\u00e9n es el candidato &#8211; anti rosales [icon color=\u00bbAccent-Color\u00bb size=\u00bbregular\u00bb image=\u00bbsteadysets-icon-chat\u00bb] Contexto Spot de la campa\u00f1a de Manuel Rosales a la Alcald\u00eda de Maracaibo durante la contienda electoral de 2008. La pieza que vemos busca comparar el animo reeleccionista de Rosales, pues ya hab\u00eda sido dos veces alcalde en el pasado, con la percepci\u00f3n [&hellip;]<\/p>\n","protected":false},"author":5,"featured_media":15284,"comment_status":"open","ping_status":"open","sticky":false,"template":"","format":"standard","meta":{"_et_pb_use_builder":"","_et_pb_old_content":"","_et_gb_content_width":"","advanced_seo_description":"","jetpack_seo_html_title":"","jetpack_seo_noindex":false,"footnotes":""},"categories":[268,263,59,34,10,11,61,3],"tags":[93,604],"class_list":["post-15283","post","type-post","status-publish","format-standard","has-post-thumbnail","hentry","category-268","category-ano","category-campana-uninominal","category-electoral","category-geo","category-temas","category-venezuela","category-video","tag-elecciones-2008","tag-manuel-rosales"],"jetpack_featured_media_url":"https:\/\/i0.wp.com\/estrategica.com.co\/blog\/wp-content\/uploads\/2009\/05\/av197_thumb.png?fit=463%2C355&ssl=1","jetpack_shortlink":"https:\/\/wp.me\/s4wgsh-av197","jetpack-related-posts":[{"id":15733,"url":"https:\/\/estrategica.com.co\/blog\/logros-rosales\/","url_meta":{"origin":15283,"position":0},"title":"Logros &#8211; Rosales","author":"Juliana","date":"junio 14, 2009","format":false,"excerpt":"[hana-flv-player video=\"\/blog\/wp-content\/uploads\/2009\/01\/videos_ultimos\/av296.flv\" width=\"550\" height=\"\" description=\"Logros - Rosales\" clickurl=\"\" clicktarget=\"\" player=\"4\" autoplay=\"false\" loop=\"false\" autorewind=\"true\" splashimage=\"\" skin=\"\" \/] [icon color=\"Accent-Color\" size=\"regular\" image=\"steadysets-icon-chat\"] Contexto Spot de la precampa\u00f1a de Manuel Rosales en el a\u00f1o de 2008 en Venezuela. Con el fin de viabilizar futuros escenarios pol\u00edticos, como la alcald\u00eda de Zulia, el Gobernador\u2026","rel":"","context":"En \u00ab2008\u00bb","block_context":{"text":"2008","link":"https:\/\/estrategica.com.co\/blog\/category\/ano\/2008\/"},"img":{"alt_text":"","src":"https:\/\/i0.wp.com\/estrategica.com.co\/blog\/wp-content\/uploads\/2009\/05\/av296_thumb.png?fit=427%2C332&ssl=1&resize=350%2C200","width":350,"height":200},"classes":[]},{"id":14050,"url":"https:\/\/estrategica.com.co\/blog\/gobernacion-del-zulia-rosales\/","url_meta":{"origin":15283,"position":1},"title":"Gobernaci\u00f3n del Zulia &#8211; Rosales","author":"estrategica.com","date":"junio 6, 2010","format":false,"excerpt":"[hana-flv-player video=\"\/blog\/wp-content\/uploads\/2009\/01\/videos_ultimos\/av065.flv\" width=\"550\" height=\"\" description=\"Gobernaci\u00f3n del Zulia - Rosales\" clickurl=\"\" clicktarget=\"\" player=\"4\" autoplay=\"false\" loop=\"false\" autorewind=\"true\" splashimage=\"\" skin=\"\" \/] [icon color=\"Accent-Color\" size=\"regular\" image=\"steadysets-icon-chat\"] Contexto Spot de la campa\u00f1a de Manuel Rosales a la Gobernaci\u00f3n del Zulia, en la contienda electoral de 1998. El spot que vemos es una pieza pol\u00edtica normal,\u2026","rel":"","context":"En \u00abCampa\u00f1a Uninominal\u00bb","block_context":{"text":"Campa\u00f1a Uninominal","link":"https:\/\/estrategica.com.co\/blog\/category\/temas\/campana-uninominal\/"},"img":{"alt_text":"","src":"https:\/\/i0.wp.com\/estrategica.com.co\/blog\/wp-content\/uploads\/2009\/05\/av065_thumb.png?fit=433%2C317&ssl=1&resize=350%2C200","width":350,"height":200},"classes":[]},{"id":15744,"url":"https:\/\/estrategica.com.co\/blog\/carta-de-amor-rosales\/","url_meta":{"origin":15283,"position":2},"title":"Carta de Amor &#8211; Rosales","author":"Juliana","date":"junio 14, 2009","format":false,"excerpt":"[hana-flv-player video=\"\/blog\/wp-content\/uploads\/2009\/01\/videos_ultimos\/av298.flv\" width=\"550\" height=\"\" description=\"Carta de Amor - Rosales\" clickurl=\"\" clicktarget=\"\" player=\"4\" autoplay=\"false\" loop=\"false\" autorewind=\"true\" splashimage=\"\" skin=\"\" \/] [icon color=\"Accent-Color\" size=\"regular\" image=\"steadysets-icon-chat\"] Contexto Spot de la campa\u00f1a de Manuel Rosales en las elecciones presidenciales de 2006 en Venezuela. Su aspiraci\u00f3n fue presentada a nombre de una coalici\u00f3n de 44 organizaciones\u2026","rel":"","context":"En \u00abCampa\u00f1a Presidencial\u00bb","block_context":{"text":"Campa\u00f1a Presidencial","link":"https:\/\/estrategica.com.co\/blog\/category\/temas\/campana-presidencial\/"},"img":{"alt_text":"","src":"https:\/\/i0.wp.com\/estrategica.com.co\/blog\/wp-content\/uploads\/2009\/05\/av298_thumb.png?fit=448%2C316&ssl=1&resize=350%2C200","width":350,"height":200},"classes":[]},{"id":15263,"url":"https:\/\/estrategica.com.co\/blog\/primero-los-venezolanos-rosales\/","url_meta":{"origin":15283,"position":3},"title":"Primero los Venezolanos &#8211; Rosales","author":"Juliana","date":"junio 6, 2010","format":false,"excerpt":"[hana-flv-player video=\"\/blog\/wp-content\/uploads\/2009\/01\/videos_ultimos\/av192.flv\" width=\"550\" height=\"\" description=\"Primero los Venezolanos - Rosales\" clickurl=\"\" clicktarget=\"\" player=\"4\" autoplay=\"false\" loop=\"false\" autorewind=\"true\" splashimage=\"\" skin=\"\" \/] [icon color=\"Accent-Color\" size=\"regular\" image=\"steadysets-icon-chat\"] Contexto Spot de la campa\u00f1a de Manuel Rosales en las elecciones presidenciales de 2006 en Venezuela. Su aspiraci\u00f3n fue presentada a nombre de una coalici\u00f3n de 44 organizaciones\u2026","rel":"","context":"En \u00ab2006\u00bb","block_context":{"text":"2006","link":"https:\/\/estrategica.com.co\/blog\/category\/ano\/2006\/"},"img":{"alt_text":"","src":"https:\/\/i0.wp.com\/estrategica.com.co\/blog\/wp-content\/uploads\/2009\/05\/av192_thumb.png?fit=457%2C351&ssl=1&resize=350%2C200","width":350,"height":200},"classes":[]},{"id":17313,"url":"https:\/\/estrategica.com.co\/blog\/estamos-en-rojo-rosales\/","url_meta":{"origin":15283,"position":4},"title":"Estamos en Rojo &#8211; Rosales","author":"Juliana","date":"septiembre 2, 2009","format":false,"excerpt":"[hana-flv-player video=\"\/blog\/wp-content\/uploads\/2009\/01\/videosultimosconver\/estamosenrojo.flv\" width=\"550\" height=\"\" description=\"Estamos en Rojo - Rosales\" clickurl=\"\" clicktarget=\"\" player=\"4\" autoplay=\"false\" loop=\"false\" autorewind=\"true\" splashimage=\"\" skin=\"\" \/] [icon color=\"Accent-Color\" size=\"regular\" image=\"steadysets-icon-chat\"] Contexto Spot de la campa\u00f1a de Manuel Rosales en las elecciones presidenciales de 2006 en Venezuela. Su aspiraci\u00f3n fue presentada a nombre de una coalici\u00f3n de 44 organizaciones\u2026","rel":"","context":"En \u00abCampa\u00f1a Presidencial\u00bb","block_context":{"text":"Campa\u00f1a Presidencial","link":"https:\/\/estrategica.com.co\/blog\/category\/temas\/campana-presidencial\/"},"img":{"alt_text":"","src":"https:\/\/i0.wp.com\/estrategica.com.co\/blog\/wp-content\/uploads\/2009\/06\/estamosenrojo_thumb.png?fit=694%2C529&ssl=1&resize=350%2C200","width":350,"height":200},"classes":[]},{"id":17591,"url":"https:\/\/estrategica.com.co\/blog\/mi-negra-%e2%80%93-el-petroleo-no-se-regala-%e2%80%93-rosales\/","url_meta":{"origin":15283,"position":5},"title":"Mi Negra \u2013 El Petr\u00f3leo no se Regala \u2013 Rosales","author":"Juliana","date":"junio 20, 2009","format":false,"excerpt":"[hana-flv-player video=\"\/blog\/wp-content\/uploads\/2009\/01\/videosultimosconver\/minegra.flv\" width=\"550\" height=\"\" description=\"Mi Negra \u2013 El Petr\u00f3leo no se Regala \u2013 Rosales\" clickurl=\"\" clicktarget=\"\" player=\"4\" autoplay=\"false\" loop=\"false\" autorewind=\"true\" splashimage=\"\" skin=\"\" \/] [icon color=\"Accent-Color\" size=\"regular\" image=\"steadysets-icon-chat\"] Contexto Spot de la campa\u00f1a de Manuel Rosales en las elecciones presidenciales de 2006 en Venezuela. Su aspiraci\u00f3n fue presentada a nombre de\u2026","rel":"","context":"En \u00abCampa\u00f1a Presidencial\u00bb","block_context":{"text":"Campa\u00f1a Presidencial","link":"https:\/\/estrategica.com.co\/blog\/category\/temas\/campana-presidencial\/"},"img":{"alt_text":"","src":"https:\/\/i0.wp.com\/estrategica.com.co\/blog\/wp-content\/uploads\/2009\/06\/minegra_thumb.png?fit=669%2C514&ssl=1&resize=350%2C200","width":350,"height":200},"classes":[]}],"jetpack_sharing_enabled":true,"_links":{"self":[{"href":"https:\/\/estrategica.com.co\/blog\/wp-json\/wp\/v2\/posts\/15283","targetHints":{"allow":["GET"]}}],"collection":[{"href":"https:\/\/estrategica.com.co\/blog\/wp-json\/wp\/v2\/posts"}],"about":[{"href":"https:\/\/estrategica.com.co\/blog\/wp-json\/wp\/v2\/types\/post"}],"author":[{"embeddable":true,"href":"https:\/\/estrategica.com.co\/blog\/wp-json\/wp\/v2\/users\/5"}],"replies":[{"embeddable":true,"href":"https:\/\/estrategica.com.co\/blog\/wp-json\/wp\/v2\/comments?post=15283"}],"version-history":[{"count":7,"href":"https:\/\/estrategica.com.co\/blog\/wp-json\/wp\/v2\/posts\/15283\/revisions"}],"predecessor-version":[{"id":60747,"href":"https:\/\/estrategica.com.co\/blog\/wp-json\/wp\/v2\/posts\/15283\/revisions\/60747"}],"wp:featuredmedia":[{"embeddable":true,"href":"https:\/\/estrategica.com.co\/blog\/wp-json\/wp\/v2\/media\/15284"}],"wp:attachment":[{"href":"https:\/\/estrategica.com.co\/blog\/wp-json\/wp\/v2\/media?parent=15283"}],"wp:term":[{"taxonomy":"category","embeddable":true,"href":"https:\/\/estrategica.com.co\/blog\/wp-json\/wp\/v2\/categories?post=15283"},{"taxonomy":"post_tag","embeddable":true,"href":"https:\/\/estrategica.com.co\/blog\/wp-json\/wp\/v2\/tags?post=15283"}],"curies":[{"name":"wp","href":"https:\/\/api.w.org\/{rel}","templated":true}]}}