{"id":15325,"date":"2010-06-06T16:57:45","date_gmt":"2010-06-06T16:57:45","guid":{"rendered":"http:\/\/estrategica.com.co\/blog\/?p=15325"},"modified":"2014-09-25T09:39:41","modified_gmt":"2014-09-25T14:39:41","slug":"crisis-economica-mundial-calderon","status":"publish","type":"post","link":"https:\/\/estrategica.com.co\/blog\/crisis-economica-mundial-calderon\/","title":{"rendered":"Crisis Econ\u00f3mica Mundial &#8211; Calder\u00f3n"},"content":{"rendered":"<p> <script type='text\/javascript' src='https:\/\/estrategica.com.co\/blog\/wp-content\/plugins\/hana-flv-player\/flowplayer3\/example\/flowplayer-3.2.6.min.js'><\/script>\n<div >\n<div id='hana_flv_flow3_1' style='display:block;width:550px;height:413px;background-color:#555555;color:#ffffff;padding:0' title=\"*Video:crisis econ\u00f3mica mundial - calder\u00f3n\"><\/div>\n<\/div>\n\n<script  type='text\/javascript'>\nif (typeof g_hanaFlash !== 'undefined' && !g_hanaFlash){\n    jQuery('#hana_flv_flow3_1').css( 'padding', '5px' );\n\tjQuery('#hana_flv_flow3_1').html(\"<span class='inactive_message' style='display:block'>Sorry, your browser does not support Flash Video Player<\/span> *Video:crisis econ\u00f3mica mundial - calder\u00f3n\");\n}else{\t\t\t\n\t\tflowplayer('hana_flv_flow3_1', { src: 'https:\/\/estrategica.com.co\/blog\/wp-content\/plugins\/hana-flv-player\/flowplayer3\/flowplayer-3.2.7.swf', wmode: 'transparent' }, { \n\n\t\t\tcanvas: { backgroundColor: '#000000', backgroundGradient: 'none',},\n    \t\tclip:  { \n    \t\t\turl: '\/blog\/wp-content\/uploads\/2009\/01\/videos_ultimos\/av207.flv',\n        \t\tscaling: 'fit', autoPlay: false, autoBuffering: true \n\t\t\t\t   , onFinish : function () { this.seek(0); }  \n\n\t        }\n\n\t\t});\n}\n<\/script><br \/>\n<\/br><\/p>\n<p>[icon color=\u00bbAccent-Color\u00bb size=\u00bbregular\u00bb image=\u00bbsteadysets-icon-chat\u00bb] <strong>Contexto<\/strong><\/br><\/br><\/p>\n<p style=\"text-align: justify;\">Spot del Gobierno de Felipe Calder\u00f3n con el cual intenta posicionar sus logros y programas de cara al cumplimiento de los primeros dos a\u00f1os de gobierno. La piezas, est\u00e9ticamente, est\u00e1n bien logradas y algunas, como la del agua, son imaginativas y con posibilidades de recordaci\u00f3n y por lo tanto persuasi\u00f3n. Los voceros de los distintos programas es gente com\u00fan y corriente lo que le da gran credibilidad al mensaje. Es interesante resaltar que el gobierno en su esfuerzo de comunicaci\u00f3n le da gran protagonismo al programa y no a los funcionarios, distingui\u00e9ndose, as\u00ed, de esfuerzos de comunicaci\u00f3n m\u00e1s elementales en donde el vocero de la pol\u00edtica es el gobernante mismo, lo cual genera animadversi\u00f3n si no es manejado en forma cuidadosa y estrat\u00e9gica. La comunicaci\u00f3n se dio en su mayor\u00eda durante el a\u00f1o 2009 lo cual le da un sentido pol\u00edtico electoral pues ese a\u00f1o, en julio, se realizar\u00edan las elecciones federales y seguramente el gobierno trataba de propiciar un clima de logros favorable a las aspiraciones del PAN, lo cual, estrat\u00e9gicamente, esta bien pensado.<\/p><\/p>\n","protected":false},"excerpt":{"rendered":"<p>*Video: crisis econ\u00f3mica mundial &#8211; calder\u00f3n [icon color=\u00bbAccent-Color\u00bb size=\u00bbregular\u00bb image=\u00bbsteadysets-icon-chat\u00bb] Contexto Spot del Gobierno de Felipe Calder\u00f3n con el cual intenta posicionar sus logros y programas de cara al cumplimiento de los primeros dos a\u00f1os de gobierno. La piezas, est\u00e9ticamente, est\u00e1n bien logradas y algunas, como la del agua, son imaginativas y con posibilidades de [&hellip;]<\/p>\n","protected":false},"author":5,"featured_media":15326,"comment_status":"open","ping_status":"open","sticky":false,"template":"","format":"standard","meta":{"_et_pb_use_builder":"","_et_pb_old_content":"","_et_gb_content_width":"","advanced_seo_description":"","jetpack_seo_html_title":"","jetpack_seo_noindex":false,"footnotes":""},"categories":[28,36,10,201,11,3],"tags":[259],"class_list":["post-15325","post","type-post","status-publish","format-standard","has-post-thumbnail","hentry","category-comunicacion-gobierno","category-de-gobierno","category-geo","category-mexico","category-temas","category-video","tag-felipe-calderon"],"jetpack_featured_media_url":"https:\/\/i0.wp.com\/estrategica.com.co\/blog\/wp-content\/uploads\/2009\/05\/av207_thumb.png?fit=433%2C353&ssl=1","jetpack_shortlink":"https:\/\/wp.me\/p4wgsh-3Zb","jetpack-related-posts":[{"id":17221,"url":"https:\/\/estrategica.com.co\/blog\/crisis-economica-calderon\/","url_meta":{"origin":15325,"position":0},"title":"Crisis Econ\u00f3mica &#8211; Calder\u00f3n","author":"Juliana","date":"junio 20, 2009","format":false,"excerpt":"[hana-flv-player video=\"\/blog\/wp-content\/uploads\/2009\/01\/videosultimosconver\/crisiseconomica.flv\" width=\"550\" height=\"\" description=\"Crisis Econ\u00f3mica - Calder\u00f3n\" clickurl=\"\" clicktarget=\"\" player=\"4\" autoplay=\"false\" loop=\"false\" autorewind=\"true\" splashimage=\"\" skin=\"\" \/] [icon color=\"Accent-Color\" size=\"regular\" image=\"steadysets-icon-chat\"] Contexto Spot del Gobierno de Felipe Calder\u00f3n con el cual intenta posicionar sus logros y programas de cara al cumplimiento de los primeros dos a\u00f1os de gobierno. La piezas,\u2026","rel":"","context":"En \u00ab2008\u00bb","block_context":{"text":"2008","link":"https:\/\/estrategica.com.co\/blog\/category\/ano\/2008\/"},"img":{"alt_text":"","src":"https:\/\/i0.wp.com\/estrategica.com.co\/blog\/wp-content\/uploads\/2009\/06\/crisiseconomica_thumb.png?fit=702%2C576&ssl=1&resize=350%2C200","width":350,"height":200},"classes":[]},{"id":17402,"url":"https:\/\/estrategica.com.co\/blog\/influenza-calderon-2\/","url_meta":{"origin":15325,"position":1},"title":"Influenza &#8211; Calder\u00f3n","author":"Juliana","date":"junio 20, 2009","format":false,"excerpt":"[hana-flv-player video=\"\/blog\/wp-content\/uploads\/2009\/01\/videosultimosconver\/influenza1.flv\" width=\"550\" height=\"\" description=\"Influenza - Calder\u00f3n\" clickurl=\"\" clicktarget=\"\" player=\"4\" autoplay=\"false\" loop=\"false\" autorewind=\"true\" splashimage=\"\" skin=\"\" \/] [icon color=\"Accent-Color\" size=\"regular\" image=\"steadysets-icon-chat\"] Contexto Spot del Gobierno de Felipe Calder\u00f3n con el cual intenta posicionar sus logros y programas de cara al cumplimiento de los primeros dos a\u00f1os de gobierno. La piezas, est\u00e9ticamente,\u2026","rel":"","context":"En \u00ab2009\u00bb","block_context":{"text":"2009","link":"https:\/\/estrategica.com.co\/blog\/category\/ano\/2009\/"},"img":{"alt_text":"","src":"https:\/\/i0.wp.com\/estrategica.com.co\/blog\/wp-content\/uploads\/2009\/06\/influenza_thumb1.png?fit=655%2C422&ssl=1&resize=350%2C200","width":350,"height":200},"classes":[]},{"id":17407,"url":"https:\/\/estrategica.com.co\/blog\/influenza-calderon-4\/","url_meta":{"origin":15325,"position":2},"title":"Influenza &#8211; Calder\u00f3n","author":"Juliana","date":"junio 20, 2009","format":false,"excerpt":"[hana-flv-player video=\"\/blog\/wp-content\/uploads\/2009\/01\/videosultimosconver\/Influenza03.flv\" width=\"550\" height=\"\" description=\"Influenza - Calder\u00f3n\" clickurl=\"\" clicktarget=\"\" player=\"4\" autoplay=\"false\" loop=\"false\" autorewind=\"true\" splashimage=\"\" skin=\"\" \/] [icon color=\"Accent-Color\" size=\"regular\" image=\"steadysets-icon-chat\"] Contexto Spot del Gobierno de Felipe Calder\u00f3n con el cual intenta posicionar sus logros y programas de cara al cumplimiento de los primeros dos a\u00f1os de gobierno. La piezas, est\u00e9ticamente,\u2026","rel":"","context":"En \u00ab2009\u00bb","block_context":{"text":"2009","link":"https:\/\/estrategica.com.co\/blog\/category\/ano\/2009\/"},"img":{"alt_text":"","src":"https:\/\/i0.wp.com\/estrategica.com.co\/blog\/wp-content\/uploads\/2009\/06\/influenza03_thumb.png?fit=696%2C543&ssl=1&resize=350%2C200","width":350,"height":200},"classes":[]},{"id":17414,"url":"https:\/\/estrategica.com.co\/blog\/influenza-calderon-5\/","url_meta":{"origin":15325,"position":3},"title":"Influenza &#8211; Calder\u00f3n","author":"Juliana","date":"junio 20, 2009","format":false,"excerpt":"[hana-flv-player video=\"\/blog\/wp-content\/uploads\/2009\/01\/videosultimosconver\/Influenza04.flv\" width=\"550\" height=\"\" description=\"Influenza - Calder\u00f3n\" clickurl=\"\" clicktarget=\"\" player=\"4\" autoplay=\"false\" loop=\"false\" autorewind=\"true\" splashimage=\"\" skin=\"\" \/] [icon color=\"Accent-Color\" size=\"regular\" image=\"steadysets-icon-chat\"] Contexto Spot del Gobierno de Felipe Calder\u00f3n con el cual intenta posicionar sus logros y programas de cara al cumplimiento de los primeros dos a\u00f1os de gobierno. La piezas, est\u00e9ticamente,\u2026","rel":"","context":"En \u00ab2009\u00bb","block_context":{"text":"2009","link":"https:\/\/estrategica.com.co\/blog\/category\/ano\/2009\/"},"img":{"alt_text":"","src":"https:\/\/i0.wp.com\/estrategica.com.co\/blog\/wp-content\/uploads\/2009\/06\/influenza04_thumb.png?fit=700%2C541&ssl=1&resize=350%2C200","width":350,"height":200},"classes":[]},{"id":17629,"url":"https:\/\/estrategica.com.co\/blog\/lucha-contra-el-narcotrafico-calderon\/","url_meta":{"origin":15325,"position":4},"title":"Lucha contra el Narcotr\u00e1fico &#8211; Calder\u00f3n","author":"Juliana","date":"junio 20, 2009","format":false,"excerpt":"[hana-flv-player video=\"\/blog\/wp-content\/uploads\/2009\/01\/videosultimosconver\/narcotrafico1.flv\" width=\"550\" height=\"\" description=\"Lucha contra el Narcotr\u00e1fico - Calder\u00f3n\" clickurl=\"\" clicktarget=\"\" player=\"4\" autoplay=\"false\" loop=\"false\" autorewind=\"true\" splashimage=\"\" skin=\"\" \/] [icon color=\"Accent-Color\" size=\"regular\" image=\"steadysets-icon-chat\"] Contexto Spot del Gobierno de Felipe Calder\u00f3n con el cual intenta posicionar sus logros y programas de cara al cumplimiento de los primeros dos a\u00f1os de gobierno.\u2026","rel":"","context":"En \u00ab2008\u00bb","block_context":{"text":"2008","link":"https:\/\/estrategica.com.co\/blog\/category\/ano\/2008\/"},"img":{"alt_text":"","src":"https:\/\/i0.wp.com\/estrategica.com.co\/blog\/wp-content\/uploads\/2009\/06\/narcotrafico1_thumb.png?fit=675%2C551&ssl=1&resize=350%2C200","width":350,"height":200},"classes":[]},{"id":16705,"url":"https:\/\/estrategica.com.co\/blog\/centros-nueva-vida-calderon\/","url_meta":{"origin":15325,"position":5},"title":"Centros Nueva Vida &#8211; Calder\u00f3n","author":"estrategica.com","date":"junio 19, 2009","format":false,"excerpt":"[hana-flv-player video=\"\/blog\/wp-content\/uploads\/2009\/01\/videosultimosconver\/100dias1.flv\" width=\"550\" height=\"\" description=\"Centros Nueva Vida - Calder\u00f3n\" clickurl=\"\" clicktarget=\"\" player=\"4\" autoplay=\"false\" loop=\"false\" autorewind=\"true\" splashimage=\"\" skin=\"\" \/] [icon color=\"Accent-Color\" size=\"regular\" image=\"steadysets-icon-chat\"] Contexto Spot del Gobierno de Felipe Calder\u00f3n con el cual intenta posicionar sus logros y programas de cara al cumplimiento de los primeros dos a\u00f1os de gobierno. La\u2026","rel":"","context":"En \u00ab2009\u00bb","block_context":{"text":"2009","link":"https:\/\/estrategica.com.co\/blog\/category\/ano\/2009\/"},"img":{"alt_text":"","src":"https:\/\/i0.wp.com\/estrategica.com.co\/blog\/wp-content\/uploads\/2009\/06\/100dias1_thumb.png?fit=412%2C315&ssl=1&resize=350%2C200","width":350,"height":200},"classes":[]}],"jetpack_sharing_enabled":true,"_links":{"self":[{"href":"https:\/\/estrategica.com.co\/blog\/wp-json\/wp\/v2\/posts\/15325","targetHints":{"allow":["GET"]}}],"collection":[{"href":"https:\/\/estrategica.com.co\/blog\/wp-json\/wp\/v2\/posts"}],"about":[{"href":"https:\/\/estrategica.com.co\/blog\/wp-json\/wp\/v2\/types\/post"}],"author":[{"embeddable":true,"href":"https:\/\/estrategica.com.co\/blog\/wp-json\/wp\/v2\/users\/5"}],"replies":[{"embeddable":true,"href":"https:\/\/estrategica.com.co\/blog\/wp-json\/wp\/v2\/comments?post=15325"}],"version-history":[{"count":7,"href":"https:\/\/estrategica.com.co\/blog\/wp-json\/wp\/v2\/posts\/15325\/revisions"}],"predecessor-version":[{"id":60784,"href":"https:\/\/estrategica.com.co\/blog\/wp-json\/wp\/v2\/posts\/15325\/revisions\/60784"}],"wp:featuredmedia":[{"embeddable":true,"href":"https:\/\/estrategica.com.co\/blog\/wp-json\/wp\/v2\/media\/15326"}],"wp:attachment":[{"href":"https:\/\/estrategica.com.co\/blog\/wp-json\/wp\/v2\/media?parent=15325"}],"wp:term":[{"taxonomy":"category","embeddable":true,"href":"https:\/\/estrategica.com.co\/blog\/wp-json\/wp\/v2\/categories?post=15325"},{"taxonomy":"post_tag","embeddable":true,"href":"https:\/\/estrategica.com.co\/blog\/wp-json\/wp\/v2\/tags?post=15325"}],"curies":[{"name":"wp","href":"https:\/\/api.w.org\/{rel}","templated":true}]}}