{"id":15570,"date":"2009-06-15T21:37:40","date_gmt":"2009-06-15T21:37:40","guid":{"rendered":"http:\/\/estrategica.com.co\/blog\/?p=15570"},"modified":"2015-01-27T16:58:49","modified_gmt":"2015-01-27T21:58:49","slug":"disparo-sida-mtv","status":"publish","type":"post","link":"https:\/\/estrategica.com.co\/blog\/disparo-sida-mtv\/","title":{"rendered":"Disparo &#8211; Sida &#8211; MTV"},"content":{"rendered":"<p> <script type='text\/javascript' src='https:\/\/estrategica.com.co\/blog\/wp-content\/plugins\/hana-flv-player\/flowplayer3\/example\/flowplayer-3.2.6.min.js'><\/script>\n<div >\n<div id='hana_flv_flow3_1' style='display:block;width:550px;height:413px;background-color:#555555;color:#ffffff;padding:0' title=\"*Video:disparo - sida - mtv\"><\/div>\n<\/div>\n\n<script  type='text\/javascript'>\nif (typeof g_hanaFlash !== 'undefined' && !g_hanaFlash){\n    jQuery('#hana_flv_flow3_1').css( 'padding', '5px' );\n\tjQuery('#hana_flv_flow3_1').html(\"<span class='inactive_message' style='display:block'>Sorry, your browser does not support Flash Video Player<\/span> *Video:disparo - sida - mtv\");\n}else{\t\t\t\n\t\tflowplayer('hana_flv_flow3_1', { src: 'https:\/\/estrategica.com.co\/blog\/wp-content\/plugins\/hana-flv-player\/flowplayer3\/flowplayer-3.2.7.swf', wmode: 'transparent' }, { \n\n\t\t\tcanvas: { backgroundColor: '#000000', backgroundGradient: 'none',},\n    \t\tclip:  { \n    \t\t\turl: '\/blog\/wp-content\/uploads\/2009\/01\/videos_ultimos\/av262.flv',\n        \t\tscaling: 'fit', autoPlay: false, autoBuffering: true \n\t\t\t\t   , onFinish : function () { this.seek(0); }  \n\n\t        }\n\n\t\t});\n}\n<\/script><br \/>\n<\/br><\/p>\n<p>[icon color=\u00bbAccent-Color\u00bb size=\u00bbregular\u00bb image=\u00bbsteadysets-icon-chat\u00bb] <strong>Contexto<\/strong><\/br><\/br><\/p>\n<p>Spot de la campa\u00f1a liderada en 2007 por MTV con el fin de estimular el uso de preservativo por parte de los j\u00f3venes. El gui\u00f3n es impecable y el mensaje contundente. La forma como culmina la pieza es de tal impacto que genera recordaci\u00f3n y por lo tanto propicia comportamientos. El director del instrumento fue Neil Harris y el productor Daniel Bergmann.<\/p><\/p>\n","protected":false},"excerpt":{"rendered":"<p>*Video: disparo &#8211; sida &#8211; mtv [icon color=\u00bbAccent-Color\u00bb size=\u00bbregular\u00bb image=\u00bbsteadysets-icon-chat\u00bb] Contexto Spot de la campa\u00f1a liderada en 2007 por MTV con el fin de estimular el uso de preservativo por parte de los j\u00f3venes. El gui\u00f3n es impecable y el mensaje contundente. La forma como culmina la pieza es de tal impacto que genera recordaci\u00f3n [&hellip;]<\/p>\n","protected":false},"author":5,"featured_media":15571,"comment_status":"open","ping_status":"open","sticky":false,"template":"","format":"standard","meta":{"_et_pb_use_builder":"","_et_pb_old_content":"","_et_gb_content_width":"","advanced_seo_description":"","jetpack_seo_html_title":"","jetpack_seo_noindex":false,"footnotes":""},"categories":[269,263,27,64,10,35,11,3],"tags":[608,381,382,383],"class_list":["post-15570","post","type-post","status-publish","format-standard","has-post-thumbnail","hentry","category-269","category-ano","category-divulgacion-politica","category-estados-unidos","category-geo","category-mensaje-politico","category-temas","category-video","tag-mtv","tag-seropositivo","tag-sida","tag-vih"],"jetpack_featured_media_url":"https:\/\/i0.wp.com\/estrategica.com.co\/blog\/wp-content\/uploads\/2009\/05\/av262_thumb.png?fit=402%2C379&ssl=1","jetpack_shortlink":"https:\/\/wp.me\/p4wgsh-438","jetpack-related-posts":[{"id":23859,"url":"https:\/\/estrategica.com.co\/blog\/pene-huidizo-mtv\/","url_meta":{"origin":15570,"position":0},"title":"Pene Huidizo &#8211; MTV","author":"Juliana","date":"noviembre 17, 2010","format":false,"excerpt":"[hana-flv-player video=\"\/blog\/wp-content\/uploads\/2009\/01\/20100708\/MTVworldaidsday.flv\" width=\"550\" height=\"\" description=\"Pene Huidizo - MTV\" clickurl=\"\" clicktarget=\"\" player=\"4\" autoplay=\"false\" loop=\"false\" autorewind=\"true\" splashimage=\"\" skin=\"\" \/] [icon color=\"Accent-Color\" size=\"regular\" image=\"steadysets-icon-chat\"] Contexto Spot de MTV Italia en el a\u00f1o 2008 para concientizar acerca de la problem\u00e1tica del SIDA, en el marco del d\u00eda mundial del SIDA. La pieza es divertida,\u2026","rel":"","context":"En \u00ab2008\u00bb","block_context":{"text":"2008","link":"https:\/\/estrategica.com.co\/blog\/category\/ano\/2008\/"},"img":{"alt_text":"","src":"https:\/\/i0.wp.com\/estrategica.com.co\/blog\/wp-content\/uploads\/2010\/07\/MTVworldaidsday_thumb.png?fit=637%2C425&ssl=1&resize=350%2C200","width":350,"height":200},"classes":[]},{"id":15713,"url":"https:\/\/estrategica.com.co\/blog\/dia-mundial-del-sida\/","url_meta":{"origin":15570,"position":1},"title":"D\u00eda Mundial del Sida","author":"Juliana","date":"noviembre 13, 2009","format":false,"excerpt":"[hana-flv-player video=\"\/blog\/wp-content\/uploads\/2009\/01\/videos_ultimos\/av292.flv\" width=\"550\" height=\"\" description=\"D\u00eda Mundial del Sida\" clickurl=\"\" clicktarget=\"\" player=\"4\" autoplay=\"false\" loop=\"false\" autorewind=\"true\" splashimage=\"\" skin=\"\" \/] [icon color=\"Accent-Color\" size=\"regular\" image=\"steadysets-icon-chat\"] Contexto Spot de la campa\u00f1a para el D\u00eda Mundial del Sida, en el a\u00f1o 2007. La pieza busca recrear la est\u00e9tica del porno casero amateur para posicionar la importancia\u2026","rel":"","context":"En \u00ab2007\u00bb","block_context":{"text":"2007","link":"https:\/\/estrategica.com.co\/blog\/category\/ano\/2007\/"},"img":{"alt_text":"","src":"https:\/\/i0.wp.com\/estrategica.com.co\/blog\/wp-content\/uploads\/2009\/05\/av292_thumb.png?fit=445%2C349&ssl=1&resize=350%2C200","width":350,"height":200},"classes":[]},{"id":24542,"url":"https:\/\/estrategica.com.co\/blog\/reloj-de-arena-sidaction\/","url_meta":{"origin":15570,"position":2},"title":"Reloj de Arena &#8211; Sidaction","author":"Juliana","date":"agosto 23, 2010","format":false,"excerpt":"[hana-flv-player video=\"\/blog\/wp-content\/uploads\/2009\/01\/20100708\/TheHumaHourglass.flv\" width=\"550\" height=\"\" description=\"Reloj de Arena - Sidaction\" clickurl=\"\" clicktarget=\"\" player=\"4\" autoplay=\"false\" loop=\"false\" autorewind=\"true\" splashimage=\"\" skin=\"\" \/] [icon color=\"Accent-Color\" size=\"regular\" image=\"steadysets-icon-chat\"] Contexto Spot de la Fundaci\u00f3n Francesa Sidaction Unidos contra el Sida, con el que se pretende posicionar, en el a\u00f1o 2007, en forma grafica, la realidad mortal del\u2026","rel":"","context":"En \u00ab2007\u00bb","block_context":{"text":"2007","link":"https:\/\/estrategica.com.co\/blog\/category\/ano\/2007\/"},"img":{"alt_text":"","src":"https:\/\/i0.wp.com\/estrategica.com.co\/blog\/wp-content\/uploads\/2010\/07\/TheHumaHourglass_thumb.png?fit=480%2C570&ssl=1&resize=350%2C200","width":350,"height":200},"classes":[]},{"id":23999,"url":"https:\/\/estrategica.com.co\/blog\/corto-de-pelicula-unicef\/","url_meta":{"origin":15570,"position":3},"title":"Corto de Pel\u00edcula &#8211; UNICEF","author":"Juliana","date":"noviembre 16, 2010","format":false,"excerpt":"[hana-flv-player video=\"\/blog\/wp-content\/uploads\/2009\/01\/20100708\/PlayingUnicefSavethAIDSvictims.flv\" width=\"550\" height=\"\" description=\"Corto de Pel\u00edcula - UNICEF\" clickurl=\"\" clicktarget=\"\" player=\"4\" autoplay=\"false\" loop=\"false\" autorewind=\"true\" splashimage=\"\" skin=\"\" \/] [icon color=\"Accent-Color\" size=\"regular\" image=\"steadysets-icon-chat\"] Contexto Spot de UNICEF Suiza en el a\u00f1o 2007 para concientizar sobre la ayuda a las victimas del SIDA. La pieza muestra una est\u00e9tica cinematogr\u00e1fica para evidenciar una\u2026","rel":"","context":"En \u00ab2007\u00bb","block_context":{"text":"2007","link":"https:\/\/estrategica.com.co\/blog\/category\/ano\/2007\/"},"img":{"alt_text":"","src":"https:\/\/i0.wp.com\/estrategica.com.co\/blog\/wp-content\/uploads\/2010\/07\/PlayingUnicefSavethAIDSvictims_thumb.png?fit=490%2C307&ssl=1&resize=350%2C200","width":350,"height":200},"classes":[]},{"id":8137,"url":"https:\/\/estrategica.com.co\/blog\/el-sexo-de-los-angeles-sida\/","url_meta":{"origin":15570,"position":4},"title":"El Sexo de los \u00c1ngeles &#8211; Sida","author":"Juliana","date":"marzo 29, 2009","format":false,"excerpt":"[hana-flv-player video=\"\/blog\/wp-content\/uploads\/2009\/01\/videos_varios_f\/Sexo_dos_Anjos_Spot_TV_1.flv\" width=\"550\" height=\"\" description=\"El Sexo de los \u00c1ngeles - Sida\" clickurl=\"\" clicktarget=\"\" player=\"4\" autoplay=\"false\" loop=\"false\" autorewind=\"true\" splashimage=\"\" skin=\"\" \/] [icon color=\"Accent-Color\" size=\"regular\" image=\"steadysets-icon-chat\"] Contexto Spot de una campa\u00f1a de sensibilizaci\u00f3n para hacerse la prueba de Sida en Brasil Fue lanzada por la Coordinaci\u00f3n nacional para la Infecci\u00f3n VIH\/SIDA en\u2026","rel":"","context":"En \u00ab2008\u00bb","block_context":{"text":"2008","link":"https:\/\/estrategica.com.co\/blog\/category\/ano\/2008\/"},"img":{"alt_text":"","src":"","width":0,"height":0},"classes":[]},{"id":24774,"url":"https:\/\/estrategica.com.co\/blog\/campana-contra-el-sida\/","url_meta":{"origin":15570,"position":5},"title":"Campa\u00f1a contra el SIDA","author":"Juliana","date":"agosto 7, 2010","format":false,"excerpt":"[hana-flv-player video=\"\/blog\/wp-content\/uploads\/2009\/01\/20100708\/WorldAIDSCampaignPSA.flv\" width=\"550\" height=\"\" description=\"Campa\u00f1a contra el SIDA\" clickurl=\"\" clicktarget=\"\" player=\"4\" autoplay=\"false\" loop=\"false\" autorewind=\"true\" splashimage=\"\" skin=\"\" \/] [icon color=\"Accent-Color\" size=\"regular\" image=\"steadysets-icon-chat\"] Contexto Spot de la World AIDS en el a\u00f1o 2006. Esta organizaci\u00f3n es una coalici\u00f3n de grupos de la sociedad civil para luchar contra el SIDA, bajo el slogan:\u2026","rel":"","context":"En \u00ab2006\u00bb","block_context":{"text":"2006","link":"https:\/\/estrategica.com.co\/blog\/category\/ano\/2006\/"},"img":{"alt_text":"","src":"https:\/\/i0.wp.com\/estrategica.com.co\/blog\/wp-content\/uploads\/2010\/07\/WorldAIDSCampaignPSA_thumb.png?fit=586%2C487&ssl=1&resize=350%2C200","width":350,"height":200},"classes":[]}],"jetpack_sharing_enabled":true,"_links":{"self":[{"href":"https:\/\/estrategica.com.co\/blog\/wp-json\/wp\/v2\/posts\/15570","targetHints":{"allow":["GET"]}}],"collection":[{"href":"https:\/\/estrategica.com.co\/blog\/wp-json\/wp\/v2\/posts"}],"about":[{"href":"https:\/\/estrategica.com.co\/blog\/wp-json\/wp\/v2\/types\/post"}],"author":[{"embeddable":true,"href":"https:\/\/estrategica.com.co\/blog\/wp-json\/wp\/v2\/users\/5"}],"replies":[{"embeddable":true,"href":"https:\/\/estrategica.com.co\/blog\/wp-json\/wp\/v2\/comments?post=15570"}],"version-history":[{"count":6,"href":"https:\/\/estrategica.com.co\/blog\/wp-json\/wp\/v2\/posts\/15570\/revisions"}],"predecessor-version":[{"id":45477,"href":"https:\/\/estrategica.com.co\/blog\/wp-json\/wp\/v2\/posts\/15570\/revisions\/45477"}],"wp:featuredmedia":[{"embeddable":true,"href":"https:\/\/estrategica.com.co\/blog\/wp-json\/wp\/v2\/media\/15571"}],"wp:attachment":[{"href":"https:\/\/estrategica.com.co\/blog\/wp-json\/wp\/v2\/media?parent=15570"}],"wp:term":[{"taxonomy":"category","embeddable":true,"href":"https:\/\/estrategica.com.co\/blog\/wp-json\/wp\/v2\/categories?post=15570"},{"taxonomy":"post_tag","embeddable":true,"href":"https:\/\/estrategica.com.co\/blog\/wp-json\/wp\/v2\/tags?post=15570"}],"curies":[{"name":"wp","href":"https:\/\/api.w.org\/{rel}","templated":true}]}}