{"id":15574,"date":"2009-06-15T21:01:26","date_gmt":"2009-06-15T21:01:26","guid":{"rendered":"http:\/\/estrategica.com.co\/blog\/?p=15574"},"modified":"2015-01-27T17:00:40","modified_gmt":"2015-01-27T22:00:40","slug":"tu-piel-unicef","status":"publish","type":"post","link":"https:\/\/estrategica.com.co\/blog\/tu-piel-unicef\/","title":{"rendered":"Tu Piel &#8211; UNICEF"},"content":{"rendered":"<p> <script type='text\/javascript' src='https:\/\/estrategica.com.co\/blog\/wp-content\/plugins\/hana-flv-player\/flowplayer3\/example\/flowplayer-3.2.6.min.js'><\/script>\n<div >\n<div id='hana_flv_flow3_1' style='display:block;width:550px;height:413px;background-color:#555555;color:#ffffff;padding:0' title=\"*Video:tu piel - unicef\"><\/div>\n<\/div>\n\n<script  type='text\/javascript'>\nif (typeof g_hanaFlash !== 'undefined' && !g_hanaFlash){\n    jQuery('#hana_flv_flow3_1').css( 'padding', '5px' );\n\tjQuery('#hana_flv_flow3_1').html(\"<span class='inactive_message' style='display:block'>Sorry, your browser does not support Flash Video Player<\/span> *Video:tu piel - unicef\");\n}else{\t\t\t\n\t\tflowplayer('hana_flv_flow3_1', { src: 'https:\/\/estrategica.com.co\/blog\/wp-content\/plugins\/hana-flv-player\/flowplayer3\/flowplayer-3.2.7.swf', wmode: 'transparent' }, { \n\n\t\t\tcanvas: { backgroundColor: '#000000', backgroundGradient: 'none',},\n    \t\tclip:  { \n    \t\t\turl: '\/blog\/wp-content\/uploads\/2009\/01\/videos_ultimos\/av263.flv',\n        \t\tscaling: 'fit', autoPlay: false, autoBuffering: true \n\t\t\t\t   , onFinish : function () { this.seek(0); }  \n\n\t        }\n\n\t\t});\n}\n<\/script><br \/>\n<\/br><\/p>\n<p>[icon color=\u00bbAccent-Color\u00bb size=\u00bbregular\u00bb image=\u00bbsteadysets-icon-chat\u00bb] <strong>Contexto<\/strong><\/br><\/br><\/p>\n<p>Spot de UNICEF en al a\u00f1o 2007. La pieza muestra una serie de im\u00e1genes est\u00e1ticas, en blanco y negro, en donde aparecen ni\u00f1os de todas las razas  nacionalidades mirando al espectador. A trav\u00e9s de una secuencia visual acompa\u00f1ada de m\u00fasica se busca sensibilizar en torno a la realidad de los ni\u00f1os, sin embargo, no se solicita un comportamiento de parte del observador, es decir, no se sabe qu\u00e9 hay que hacer, El cierre \u201cSi a tu piel no le es indiferente, todav\u00eda hay esperanza\u201d es impactante y con vocaci\u00f3n de recordaci\u00f3n.<\/p><\/p>\n","protected":false},"excerpt":{"rendered":"<p>*Video: tu piel &#8211; unicef [icon color=\u00bbAccent-Color\u00bb size=\u00bbregular\u00bb image=\u00bbsteadysets-icon-chat\u00bb] Contexto Spot de UNICEF en al a\u00f1o 2007. La pieza muestra una serie de im\u00e1genes est\u00e1ticas, en blanco y negro, en donde aparecen ni\u00f1os de todas las razas nacionalidades mirando al espectador. A trav\u00e9s de una secuencia visual acompa\u00f1ada de m\u00fasica se busca sensibilizar en torno [&hellip;]<\/p>\n","protected":false},"author":5,"featured_media":15575,"comment_status":"open","ping_status":"open","sticky":false,"template":"","format":"standard","meta":{"_et_pb_use_builder":"","_et_pb_old_content":"","_et_gb_content_width":"","advanced_seo_description":"","jetpack_seo_html_title":"","jetpack_seo_noindex":false,"footnotes":""},"categories":[269,263,27,64,10,35,11,3],"tags":[414,542,172],"class_list":["post-15574","post","type-post","status-publish","format-standard","has-post-thumbnail","hentry","category-269","category-ano","category-divulgacion-politica","category-estados-unidos","category-geo","category-mensaje-politico","category-temas","category-video","tag-ninos","tag-pobreza","tag-unicef"],"jetpack_featured_media_url":"https:\/\/i0.wp.com\/estrategica.com.co\/blog\/wp-content\/uploads\/2009\/05\/av263_thumb.png?fit=393%2C372&ssl=1","jetpack_shortlink":"https:\/\/wp.me\/p4wgsh-43c","jetpack-related-posts":[{"id":23999,"url":"https:\/\/estrategica.com.co\/blog\/corto-de-pelicula-unicef\/","url_meta":{"origin":15574,"position":0},"title":"Corto de Pel\u00edcula &#8211; UNICEF","author":"Juliana","date":"noviembre 16, 2010","format":false,"excerpt":"[hana-flv-player video=\"\/blog\/wp-content\/uploads\/2009\/01\/20100708\/PlayingUnicefSavethAIDSvictims.flv\" width=\"550\" height=\"\" description=\"Corto de Pel\u00edcula - UNICEF\" clickurl=\"\" clicktarget=\"\" player=\"4\" autoplay=\"false\" loop=\"false\" autorewind=\"true\" splashimage=\"\" skin=\"\" \/] [icon color=\"Accent-Color\" size=\"regular\" image=\"steadysets-icon-chat\"] Contexto Spot de UNICEF Suiza en el a\u00f1o 2007 para concientizar sobre la ayuda a las victimas del SIDA. La pieza muestra una est\u00e9tica cinematogr\u00e1fica para evidenciar una\u2026","rel":"","context":"En \u00ab2007\u00bb","block_context":{"text":"2007","link":"https:\/\/estrategica.com.co\/blog\/category\/ano\/2007\/"},"img":{"alt_text":"","src":"https:\/\/i0.wp.com\/estrategica.com.co\/blog\/wp-content\/uploads\/2010\/07\/PlayingUnicefSavethAIDSvictims_thumb.png?fit=490%2C307&ssl=1&resize=350%2C200","width":350,"height":200},"classes":[]},{"id":17292,"url":"https:\/\/estrategica.com.co\/blog\/el-hambre-mata-unicef\/","url_meta":{"origin":15574,"position":1},"title":"El Hambre Mata &#8211; UNICEF","author":"Juliana","date":"octubre 11, 2009","format":false,"excerpt":"[hana-flv-player video=\"\/blog\/wp-content\/uploads\/2009\/01\/videosultimosconver\/El_hambra_mata._Spot.flv\" width=\"550\" height=\"\" description=\"El Hambre Mata - UNICEF\" clickurl=\"\" clicktarget=\"\" player=\"4\" autoplay=\"false\" loop=\"false\" autorewind=\"true\" splashimage=\"\" skin=\"\" \/] [icon color=\"Accent-Color\" size=\"regular\" image=\"steadysets-icon-chat\"] Contexto Spot de UNICEF Francia para propiciar ayuda humanitaria para los ni\u00f1os de Irak. La pieza usa una bala convertida en biber\u00f3n para decir: el hambre mata a\u2026","rel":"","context":"En \u00ab2007\u00bb","block_context":{"text":"2007","link":"https:\/\/estrategica.com.co\/blog\/category\/ano\/2007\/"},"img":{"alt_text":"","src":"https:\/\/i0.wp.com\/estrategica.com.co\/blog\/wp-content\/uploads\/2009\/06\/el_hambra_mata_spot_thumb.png?fit=545%2C476&ssl=1&resize=350%2C200","width":350,"height":200},"classes":[]},{"id":18229,"url":"https:\/\/estrategica.com.co\/blog\/diego-torres-%e2%80%93-maltrato-infantil-unicef\/","url_meta":{"origin":15574,"position":2},"title":"Diego Torres \u2013 Maltrato Infantil &#8211; UNICEF","author":"Juliana","date":"junio 26, 2009","format":false,"excerpt":"[hana-flv-player video=\"\/blog\/wp-content\/uploads\/2009\/01\/videosultimosconver\/UNICEFDiegoTorres.flv\" width=\"550\" height=\"\" description=\"Diego Torres \u2013 Maltrato Infantil - UNICEF\" clickurl=\"\" clicktarget=\"\" player=\"4\" autoplay=\"false\" loop=\"false\" autorewind=\"true\" splashimage=\"\" skin=\"\" \/] [icon color=\"Accent-Color\" size=\"regular\" image=\"steadysets-icon-chat\"] Contexto Spot de UNICEF del a\u00f1o 2007 en el cual el cantante argentino Diego Torres asume la vocer\u00eda para posicionar un mensaje contra el maltrato infantil.\u2026","rel":"","context":"En \u00ab2007\u00bb","block_context":{"text":"2007","link":"https:\/\/estrategica.com.co\/blog\/category\/ano\/2007\/"},"img":{"alt_text":"","src":"https:\/\/i0.wp.com\/estrategica.com.co\/blog\/wp-content\/uploads\/2009\/06\/unicefdiegotorres_thumb.png?fit=591%2C411&ssl=1&resize=350%2C200","width":350,"height":200},"classes":[]},{"id":14731,"url":"https:\/\/estrategica.com.co\/blog\/el-maltrato-deja-una-marca-unicef\/","url_meta":{"origin":15574,"position":3},"title":"El Maltrato deja una Marca\u00bb &#8211; UNICEF","author":"estrategica.com","date":"mayo 21, 2009","format":false,"excerpt":"[hana-flv-player video=\"\/blog\/wp-content\/uploads\/2009\/01\/videos_ultimos\/av162.flv\" width=\"550\" height=\"\" description=\"El Maltrato deja una Marca\" - UNICEF\" clickurl=\"\" clicktarget=\"\" player=\"4\" autoplay=\"false\" loop=\"false\" autorewind=\"true\" splashimage=\"\" skin=\"\" \/] [icon color=\"Accent-Color\" size=\"regular\" image=\"steadysets-icon-chat\"] Contexto Spot de la campa\u00f1a de UNICEF Chile contra el maltrato infantil, en el a\u00f1o 2007. La est\u00e9tica es dram\u00e1tica y posiciona un mensaje contundente en\u2026","rel":"","context":"En \u00ab2007\u00bb","block_context":{"text":"2007","link":"https:\/\/estrategica.com.co\/blog\/category\/ano\/2007\/"},"img":{"alt_text":"","src":"https:\/\/i0.wp.com\/estrategica.com.co\/blog\/wp-content\/uploads\/2009\/05\/av162_thumb.png?fit=358%2C230&ssl=1&resize=350%2C200","width":350,"height":200},"classes":[]},{"id":15565,"url":"https:\/\/estrategica.com.co\/blog\/discriminacion-unicef\/","url_meta":{"origin":15574,"position":4},"title":"Discriminaci\u00f3n &#8211; UNICEF","author":"Juliana","date":"junio 15, 2009","format":false,"excerpt":"[hana-flv-player video=\"\/blog\/wp-content\/uploads\/2009\/01\/videos_ultimos\/av261.flv\" width=\"550\" height=\"\" description=\"Discriminaci\u00f3n - UNICEF\" clickurl=\"\" clicktarget=\"\" player=\"4\" autoplay=\"false\" loop=\"false\" autorewind=\"true\" splashimage=\"\" skin=\"\" \/] [icon color=\"Accent-Color\" size=\"regular\" image=\"steadysets-icon-chat\"] Contexto Spot de UNICEF en al a\u00f1o 2007. La campa\u00f1a es contra la discriminaci\u00f3n y trata de estimular a los adultos a que generen comportamientos tolerantes en los menores. La\u2026","rel":"","context":"En \u00ab2007\u00bb","block_context":{"text":"2007","link":"https:\/\/estrategica.com.co\/blog\/category\/ano\/2007\/"},"img":{"alt_text":"","src":"https:\/\/i0.wp.com\/estrategica.com.co\/blog\/wp-content\/uploads\/2009\/05\/av261_thumb.png?fit=344%2C316&ssl=1&resize=350%2C200","width":350,"height":200},"classes":[]},{"id":24613,"url":"https:\/\/estrategica.com.co\/blog\/embajador-messi-unicef\/","url_meta":{"origin":15574,"position":5},"title":"Embajador Messi &#8211; UNICEF","author":"Juliana","date":"agosto 25, 2010","format":false,"excerpt":"[hana-flv-player video=\"\/blog\/wp-content\/uploads\/2009\/01\/20100708\/UNICEF3.flv\" width=\"550\" height=\"\" description=\"Embajador Messi - UNICEF\" clickurl=\"\" clicktarget=\"\" player=\"4\" autoplay=\"false\" loop=\"false\" autorewind=\"true\" splashimage=\"\" skin=\"\" \/] [icon color=\"Accent-Color\" size=\"regular\" image=\"steadysets-icon-chat\"] Contexto Spot de UNICEF en donde se posiciona la figura del futbolista Leonel Messi como embajador de buena voluntad, en el a\u00f1o 2010. La idea es que Messi trabaje\u2026","rel":"","context":"En \u00ab2010\u00bb","block_context":{"text":"2010","link":"https:\/\/estrategica.com.co\/blog\/category\/ano\/2010\/"},"img":{"alt_text":"","src":"https:\/\/i0.wp.com\/estrategica.com.co\/blog\/wp-content\/uploads\/2010\/07\/UNICEF3_thumb1.png?fit=494%2C316&ssl=1&resize=350%2C200","width":350,"height":200},"classes":[]}],"jetpack_sharing_enabled":true,"_links":{"self":[{"href":"https:\/\/estrategica.com.co\/blog\/wp-json\/wp\/v2\/posts\/15574","targetHints":{"allow":["GET"]}}],"collection":[{"href":"https:\/\/estrategica.com.co\/blog\/wp-json\/wp\/v2\/posts"}],"about":[{"href":"https:\/\/estrategica.com.co\/blog\/wp-json\/wp\/v2\/types\/post"}],"author":[{"embeddable":true,"href":"https:\/\/estrategica.com.co\/blog\/wp-json\/wp\/v2\/users\/5"}],"replies":[{"embeddable":true,"href":"https:\/\/estrategica.com.co\/blog\/wp-json\/wp\/v2\/comments?post=15574"}],"version-history":[{"count":6,"href":"https:\/\/estrategica.com.co\/blog\/wp-json\/wp\/v2\/posts\/15574\/revisions"}],"predecessor-version":[{"id":60678,"href":"https:\/\/estrategica.com.co\/blog\/wp-json\/wp\/v2\/posts\/15574\/revisions\/60678"}],"wp:featuredmedia":[{"embeddable":true,"href":"https:\/\/estrategica.com.co\/blog\/wp-json\/wp\/v2\/media\/15575"}],"wp:attachment":[{"href":"https:\/\/estrategica.com.co\/blog\/wp-json\/wp\/v2\/media?parent=15574"}],"wp:term":[{"taxonomy":"category","embeddable":true,"href":"https:\/\/estrategica.com.co\/blog\/wp-json\/wp\/v2\/categories?post=15574"},{"taxonomy":"post_tag","embeddable":true,"href":"https:\/\/estrategica.com.co\/blog\/wp-json\/wp\/v2\/tags?post=15574"}],"curies":[{"name":"wp","href":"https:\/\/api.w.org\/{rel}","templated":true}]}}