{"id":15666,"date":"2009-06-15T22:44:03","date_gmt":"2009-06-15T22:44:03","guid":{"rendered":"http:\/\/estrategica.com.co\/blog\/?p=15666"},"modified":"2015-01-27T16:31:05","modified_gmt":"2015-01-27T21:31:05","slug":"robert-de-niro-rock-the-vote","status":"publish","type":"post","link":"https:\/\/estrategica.com.co\/blog\/robert-de-niro-rock-the-vote\/","title":{"rendered":"Robert De Niro &#8211; Rock the Vote"},"content":{"rendered":"<p> <script type='text\/javascript' src='https:\/\/estrategica.com.co\/blog\/wp-content\/plugins\/hana-flv-player\/flowplayer3\/example\/flowplayer-3.2.6.min.js'><\/script>\n<div >\n<div id='hana_flv_flow3_1' style='display:block;width:550px;height:413px;background-color:#555555;color:#ffffff;padding:0' title=\"*Video:robert de niro - rock the vote\"><\/div>\n<\/div>\n\n<script  type='text\/javascript'>\nif (typeof g_hanaFlash !== 'undefined' && !g_hanaFlash){\n    jQuery('#hana_flv_flow3_1').css( 'padding', '5px' );\n\tjQuery('#hana_flv_flow3_1').html(\"<span class='inactive_message' style='display:block'>Sorry, your browser does not support Flash Video Player<\/span> *Video:robert de niro - rock the vote\");\n}else{\t\t\t\n\t\tflowplayer('hana_flv_flow3_1', { src: 'https:\/\/estrategica.com.co\/blog\/wp-content\/plugins\/hana-flv-player\/flowplayer3\/flowplayer-3.2.7.swf', wmode: 'transparent' }, { \n\n\t\t\tcanvas: { backgroundColor: '#000000', backgroundGradient: 'none',},\n    \t\tclip:  { \n    \t\t\turl: '\/blog\/wp-content\/uploads\/2009\/01\/videos_ultimos\/av282.flv',\n        \t\tscaling: 'fit', autoPlay: false, autoBuffering: true \n\t\t\t\t   , onFinish : function () { this.seek(0); }  \n\n\t        }\n\n\t\t});\n}\n<\/script><br \/>\n<\/br><\/p>\n<p>[icon color=\u00bbAccent-Color\u00bb size=\u00bbregular\u00bb image=\u00bbsteadysets-icon-chat\u00bb] <strong>Contexto<\/strong><\/br><\/br><\/p>\n<p>Spot de la organizaci\u00f3n Rock the Vote que tiene como finalidad incitar a los j\u00f3venes a participar en pol\u00edtica a trav\u00e9s de las actividades juveniles. La idea es estimular a los j\u00f3venes a inscribirse para votar y elegir cuidadosamente al depositario de su elecci\u00f3n. La iniciativa no es partidista aunque ha sido se\u00f1alada de propiciar valores liberales. Las campa\u00f1as impulsadas van desde inscribir cedula, votar y proteger el voto. En sus distintas campa\u00f1as audiovisuales se han seleccionado algunos voceros con audiencia entre los j\u00f3venes, entre ellos est\u00e1n: Christina Aguilera, Leonardo DiCaprio, Samuel L. Jackson, Madonna, Ricky Martin, Donny Osmond, P. Diddy, The Ramones, Justin Timberlake, Benicio del Toro y Juanes, entre muchos otros.<\/p><\/p>\n","protected":false},"excerpt":{"rendered":"<p>*Video: robert de niro &#8211; rock the vote [icon color=\u00bbAccent-Color\u00bb size=\u00bbregular\u00bb image=\u00bbsteadysets-icon-chat\u00bb] Contexto Spot de la organizaci\u00f3n Rock the Vote que tiene como finalidad incitar a los j\u00f3venes a participar en pol\u00edtica a trav\u00e9s de las actividades juveniles. La idea es estimular a los j\u00f3venes a inscribirse para votar y elegir cuidadosamente al depositario de [&hellip;]<\/p>\n","protected":false},"author":5,"featured_media":15667,"comment_status":"open","ping_status":"open","sticky":false,"template":"","format":"standard","meta":{"_et_pb_use_builder":"","_et_pb_old_content":"","_et_gb_content_width":"","advanced_seo_description":"","jetpack_seo_html_title":"","jetpack_seo_noindex":false,"footnotes":""},"categories":[268,263,27,64,10,35,11,3],"tags":[597],"class_list":["post-15666","post","type-post","status-publish","format-standard","has-post-thumbnail","hentry","category-268","category-ano","category-divulgacion-politica","category-estados-unidos","category-geo","category-mensaje-politico","category-temas","category-video","tag-rock-the-vote"],"jetpack_featured_media_url":"https:\/\/i0.wp.com\/estrategica.com.co\/blog\/wp-content\/uploads\/2009\/05\/av282_thumb.png?fit=440%2C264&ssl=1","jetpack_shortlink":"https:\/\/wp.me\/p4wgsh-44G","jetpack-related-posts":[{"id":15674,"url":"https:\/\/estrategica.com.co\/blog\/musicos-rock-the-vote\/","url_meta":{"origin":15666,"position":0},"title":"M\u00fasicos &#8211; Rock the Vote","author":"Juliana","date":"junio 15, 2009","format":false,"excerpt":"[hana-flv-player video=\"\/blog\/wp-content\/uploads\/2009\/01\/videos_ultimos\/av284.flv\" width=\"550\" height=\"\" description=\"M\u00fasicos - Rock the Vote\" clickurl=\"\" clicktarget=\"\" player=\"4\" autoplay=\"false\" loop=\"false\" autorewind=\"true\" splashimage=\"\" skin=\"\" \/] [icon color=\"Accent-Color\" size=\"regular\" image=\"steadysets-icon-chat\"] Contexto Spot de la organizaci\u00f3n Rock the Vote que tiene como finalidad incitar a los j\u00f3venes a participar en pol\u00edtica a trav\u00e9s de las actividades juveniles. La idea\u2026","rel":"","context":"En \u00ab2008\u00bb","block_context":{"text":"2008","link":"https:\/\/estrategica.com.co\/blog\/category\/ano\/2008\/"},"img":{"alt_text":"","src":"https:\/\/i0.wp.com\/estrategica.com.co\/blog\/wp-content\/uploads\/2009\/05\/av284_thumb.png?fit=415%2C358&ssl=1&resize=350%2C200","width":350,"height":200},"classes":[]},{"id":15849,"url":"https:\/\/estrategica.com.co\/blog\/tu-rock-es-votar-actores\/","url_meta":{"origin":15666,"position":1},"title":"Tu Rock es Votar &#8211; Actores","author":"Juliana","date":"junio 13, 2009","format":false,"excerpt":"[hana-flv-player video=\"\/blog\/wp-content\/uploads\/2009\/01\/videos_ultimos\/av321.flv\" width=\"550\" height=\"\" description=\"Tu Rock es Votar - Actores\" clickurl=\"\" clicktarget=\"\" player=\"4\" autoplay=\"false\" loop=\"false\" autorewind=\"true\" splashimage=\"\" skin=\"\" \/] [icon color=\"Accent-Color\" size=\"regular\" image=\"steadysets-icon-chat\"] Contexto Spot de la Campa\u00f1a Tu Rock es Votar en M\u00e9xico, la cual esta inspirada en la iniciativa norteamericana Rock the Vote. El formato de las piezas\u2026","rel":"","context":"En \u00abDivulgaci\u00f3n Pol\u00edtica\u00bb","block_context":{"text":"Divulgaci\u00f3n Pol\u00edtica","link":"https:\/\/estrategica.com.co\/blog\/category\/temas\/divulgacion-politica\/"},"img":{"alt_text":"","src":"https:\/\/i0.wp.com\/estrategica.com.co\/blog\/wp-content\/uploads\/2009\/05\/av321_thumb.png?fit=441%2C357&ssl=1&resize=350%2C200","width":350,"height":200},"classes":[]},{"id":15853,"url":"https:\/\/estrategica.com.co\/blog\/tu-rock-en-votar-actores\/","url_meta":{"origin":15666,"position":2},"title":"Tu Rock en Votar &#8211; Actores","author":"Juliana","date":"junio 13, 2009","format":false,"excerpt":"[hana-flv-player video=\"\/blog\/wp-content\/uploads\/2009\/01\/videos_ultimos\/av322.flv\" width=\"550\" height=\"\" description=\"Tu Rock en Votar - Actores\" clickurl=\"\" clicktarget=\"\" player=\"4\" autoplay=\"false\" loop=\"false\" autorewind=\"true\" splashimage=\"\" skin=\"\" \/] [icon color=\"Accent-Color\" size=\"regular\" image=\"steadysets-icon-chat\"] Contexto Spot de la Campa\u00f1a Tu Rock es Votar en M\u00e9xico, la cual esta inspirada en la iniciativa norteamericana Rock the Vote. El formato de las piezas\u2026","rel":"","context":"En \u00abDivulgaci\u00f3n Pol\u00edtica\u00bb","block_context":{"text":"Divulgaci\u00f3n Pol\u00edtica","link":"https:\/\/estrategica.com.co\/blog\/category\/temas\/divulgacion-politica\/"},"img":{"alt_text":"","src":"https:\/\/i0.wp.com\/estrategica.com.co\/blog\/wp-content\/uploads\/2009\/05\/av322_thumb.png?fit=430%2C339&ssl=1&resize=350%2C200","width":350,"height":200},"classes":[]},{"id":6287,"url":"https:\/\/estrategica.com.co\/blog\/vote-por-el-cambio-alicia-keys\/","url_meta":{"origin":15666,"position":3},"title":"Vote por el Cambio &#8211; Alicia Keys","author":"Juliana","date":"marzo 14, 2009","format":false,"excerpt":"[hana-flv-player video=\"\/blog\/wp-content\/uploads\/2009\/01\/CONVERTIDOS_USA\/VoteForChangecom_Alicia_Keys.flv\" width=\"550\" height=\"\" description=\"Vote por el Cambio - Alicia Keys\" clickurl=\"\" clicktarget=\"\" player=\"4\" autoplay=\"false\" loop=\"false\" autorewind=\"true\" splashimage=\"\" skin=\"\" \/] [icon color=\"Accent-Color\" size=\"regular\" image=\"steadysets-icon-chat\"] Contexto El movimiento Vota por el Cambio se inici\u00f3 durante las elecciones de 2004 en donde se enfrentaron George W Bush y John Kerry. La iniciativa\u2026","rel":"","context":"En \u00abCampa\u00f1a Presidencial\u00bb","block_context":{"text":"Campa\u00f1a Presidencial","link":"https:\/\/estrategica.com.co\/blog\/category\/temas\/campana-presidencial\/"},"img":{"alt_text":"","src":"","width":0,"height":0},"classes":[]},{"id":6291,"url":"https:\/\/estrategica.com.co\/blog\/vote-por-el-cambio-haga-la-diferencia\/","url_meta":{"origin":15666,"position":4},"title":"Vote por el Cambio &#8211; Haga la Diferencia","author":"Juliana","date":"marzo 14, 2009","format":false,"excerpt":"[hana-flv-player video=\"\/blog\/wp-content\/uploads\/2009\/01\/CONVERTIDOS_USA\/VoteForChangecom_Make_the_Difference.flv\" width=\"550\" height=\"\" description=\"Vote por el Cambio - Haga la Diferencia\" clickurl=\"\" clicktarget=\"\" player=\"4\" autoplay=\"false\" loop=\"false\" autorewind=\"true\" splashimage=\"\" skin=\"\" \/] [icon color=\"Accent-Color\" size=\"regular\" image=\"steadysets-icon-chat\"] Contexto El movimiento Vota por el Cambio se inici\u00f3 durante las elecciones de 2004 en donde se enfrentaron George W Bush y John Kerry. La\u2026","rel":"","context":"En \u00abCampa\u00f1a Presidencial\u00bb","block_context":{"text":"Campa\u00f1a Presidencial","link":"https:\/\/estrategica.com.co\/blog\/category\/temas\/campana-presidencial\/"},"img":{"alt_text":"","src":"https:\/\/i0.wp.com\/estrategica.com.co\/blog\/wp-content\/uploads\/2009\/03\/voteforchangecom_make_the_difference_thumb.png?fit=315%2C237&ssl=1&resize=350%2C200","width":350,"height":200},"classes":[]},{"id":6296,"url":"https:\/\/estrategica.com.co\/blog\/vote-por-el-cambio-queen-latifah\/","url_meta":{"origin":15666,"position":5},"title":"Vote por el Cambio &#8211; Queen Latifah","author":"Juliana","date":"marzo 14, 2009","format":false,"excerpt":"[hana-flv-player video=\"\/blog\/wp-content\/uploads\/2009\/01\/CONVERTIDOS_USA\/VoteForChange.com_Queen_Latifah.flv\" width=\"550\" height=\"\" description=\"Vote por el Cambio - Queen Latifah\" clickurl=\"\" clicktarget=\"\" player=\"4\" autoplay=\"false\" loop=\"false\" autorewind=\"true\" splashimage=\"\" skin=\"\" \/] [icon color=\"Accent-Color\" size=\"regular\" image=\"steadysets-icon-chat\"] Contexto El movimiento Vota por el Cambio se inici\u00f3 durante las elecciones de 2004 en donde se enfrentaron George W Bush y John Kerry. La iniciativa\u2026","rel":"","context":"En \u00abCampa\u00f1a Presidencial\u00bb","block_context":{"text":"Campa\u00f1a Presidencial","link":"https:\/\/estrategica.com.co\/blog\/category\/temas\/campana-presidencial\/"},"img":{"alt_text":"","src":"","width":0,"height":0},"classes":[]}],"jetpack_sharing_enabled":true,"_links":{"self":[{"href":"https:\/\/estrategica.com.co\/blog\/wp-json\/wp\/v2\/posts\/15666","targetHints":{"allow":["GET"]}}],"collection":[{"href":"https:\/\/estrategica.com.co\/blog\/wp-json\/wp\/v2\/posts"}],"about":[{"href":"https:\/\/estrategica.com.co\/blog\/wp-json\/wp\/v2\/types\/post"}],"author":[{"embeddable":true,"href":"https:\/\/estrategica.com.co\/blog\/wp-json\/wp\/v2\/users\/5"}],"replies":[{"embeddable":true,"href":"https:\/\/estrategica.com.co\/blog\/wp-json\/wp\/v2\/comments?post=15666"}],"version-history":[{"count":5,"href":"https:\/\/estrategica.com.co\/blog\/wp-json\/wp\/v2\/posts\/15666\/revisions"}],"predecessor-version":[{"id":45465,"href":"https:\/\/estrategica.com.co\/blog\/wp-json\/wp\/v2\/posts\/15666\/revisions\/45465"}],"wp:featuredmedia":[{"embeddable":true,"href":"https:\/\/estrategica.com.co\/blog\/wp-json\/wp\/v2\/media\/15667"}],"wp:attachment":[{"href":"https:\/\/estrategica.com.co\/blog\/wp-json\/wp\/v2\/media?parent=15666"}],"wp:term":[{"taxonomy":"category","embeddable":true,"href":"https:\/\/estrategica.com.co\/blog\/wp-json\/wp\/v2\/categories?post=15666"},{"taxonomy":"post_tag","embeddable":true,"href":"https:\/\/estrategica.com.co\/blog\/wp-json\/wp\/v2\/tags?post=15666"}],"curies":[{"name":"wp","href":"https:\/\/api.w.org\/{rel}","templated":true}]}}