{"id":15707,"date":"2009-06-16T17:57:21","date_gmt":"2009-06-16T17:57:21","guid":{"rendered":"http:\/\/estrategica.com.co\/blog\/?p=15707"},"modified":"2015-01-27T16:12:11","modified_gmt":"2015-01-27T21:12:11","slug":"av291","status":"publish","type":"post","link":"https:\/\/estrategica.com.co\/blog\/av291\/","title":{"rendered":"El Sexo de los Angeles &#8211; Sida"},"content":{"rendered":"<p> <script type='text\/javascript' src='https:\/\/estrategica.com.co\/blog\/wp-content\/plugins\/hana-flv-player\/flowplayer3\/example\/flowplayer-3.2.6.min.js'><\/script>\n<div >\n<div id='hana_flv_flow3_1' style='display:block;width:550px;height:413px;background-color:#555555;color:#ffffff;padding:0' title=\"*Video:el sexo de los angeles - sida\"><\/div>\n<\/div>\n\n<script  type='text\/javascript'>\nif (typeof g_hanaFlash !== 'undefined' && !g_hanaFlash){\n    jQuery('#hana_flv_flow3_1').css( 'padding', '5px' );\n\tjQuery('#hana_flv_flow3_1').html(\"<span class='inactive_message' style='display:block'>Sorry, your browser does not support Flash Video Player<\/span> *Video:el sexo de los angeles - sida\");\n}else{\t\t\t\n\t\tflowplayer('hana_flv_flow3_1', { src: 'https:\/\/estrategica.com.co\/blog\/wp-content\/plugins\/hana-flv-player\/flowplayer3\/flowplayer-3.2.7.swf', wmode: 'transparent' }, { \n\n\t\t\tcanvas: { backgroundColor: '#000000', backgroundGradient: 'none',},\n    \t\tclip:  { \n    \t\t\turl: '\/blog\/wp-content\/uploads\/2009\/01\/videos_ultimos\/av291.flv',\n        \t\tscaling: 'fit', autoPlay: false, autoBuffering: true \n\t\t\t\t   , onFinish : function () { this.seek(0); }  \n\n\t        }\n\n\t\t});\n}\n<\/script><br \/>\n<\/br><\/p>\n<p>[icon color=\u00bbAccent-Color\u00bb size=\u00bbregular\u00bb image=\u00bbsteadysets-icon-chat\u00bb] <strong>Contexto<\/strong><\/br><\/br><\/p>\n<p>Spot de una campa\u00f1a de sensibilizaci\u00f3n para hacerse la prueba de Sida en Brasil Fue lanzada por la Coordinaci\u00f3n nacional para la Infecci\u00f3n VIH\/SIDA en julio de 2008 y fue escrita, producida y realizada por Monomito. El gui\u00f3n desarrolla el tema de que hasta los \u00e1ngeles tienen sexo, es decir, que as\u00ed se piense que estamos rodeados de \u00e1ngeles hay que hacerse el examen. Una pieza bien hecha, con un mensaje claro y persuasivo con vocaci\u00f3n de recordaci\u00f3n.<\/p><\/p>\n","protected":false},"excerpt":{"rendered":"<p>*Video: el sexo de los angeles &#8211; sida [icon color=\u00bbAccent-Color\u00bb size=\u00bbregular\u00bb image=\u00bbsteadysets-icon-chat\u00bb] Contexto Spot de una campa\u00f1a de sensibilizaci\u00f3n para hacerse la prueba de Sida en Brasil Fue lanzada por la Coordinaci\u00f3n nacional para la Infecci\u00f3n VIH\/SIDA en julio de 2008 y fue escrita, producida y realizada por Monomito. El gui\u00f3n desarrolla el tema de [&hellip;]<\/p>\n","protected":false},"author":5,"featured_media":15708,"comment_status":"open","ping_status":"open","sticky":false,"template":"","format":"standard","meta":{"_et_pb_use_builder":"","_et_pb_old_content":"","_et_gb_content_width":"","advanced_seo_description":"","jetpack_seo_html_title":"","jetpack_seo_noindex":false,"footnotes":""},"categories":[268,263,60,27,10,35,11,3],"tags":[381,382,383],"class_list":["post-15707","post","type-post","status-publish","format-standard","has-post-thumbnail","hentry","category-268","category-ano","category-brazil","category-divulgacion-politica","category-geo","category-mensaje-politico","category-temas","category-video","tag-seropositivo","tag-sida","tag-vih"],"jetpack_featured_media_url":"https:\/\/i0.wp.com\/estrategica.com.co\/blog\/wp-content\/uploads\/2009\/05\/av291_thumb.png?fit=366%2C364&ssl=1","jetpack_shortlink":"https:\/\/wp.me\/s4wgsh-av291","jetpack-related-posts":[{"id":8137,"url":"https:\/\/estrategica.com.co\/blog\/el-sexo-de-los-angeles-sida\/","url_meta":{"origin":15707,"position":0},"title":"El Sexo de los \u00c1ngeles &#8211; Sida","author":"Juliana","date":"marzo 29, 2009","format":false,"excerpt":"[hana-flv-player video=\"\/blog\/wp-content\/uploads\/2009\/01\/videos_varios_f\/Sexo_dos_Anjos_Spot_TV_1.flv\" width=\"550\" height=\"\" description=\"El Sexo de los \u00c1ngeles - Sida\" clickurl=\"\" clicktarget=\"\" player=\"4\" autoplay=\"false\" loop=\"false\" autorewind=\"true\" splashimage=\"\" skin=\"\" \/] [icon color=\"Accent-Color\" size=\"regular\" image=\"steadysets-icon-chat\"] Contexto Spot de una campa\u00f1a de sensibilizaci\u00f3n para hacerse la prueba de Sida en Brasil Fue lanzada por la Coordinaci\u00f3n nacional para la Infecci\u00f3n VIH\/SIDA en\u2026","rel":"","context":"En \u00ab2008\u00bb","block_context":{"text":"2008","link":"https:\/\/estrategica.com.co\/blog\/category\/ano\/2008\/"},"img":{"alt_text":"","src":"","width":0,"height":0},"classes":[]},{"id":23859,"url":"https:\/\/estrategica.com.co\/blog\/pene-huidizo-mtv\/","url_meta":{"origin":15707,"position":1},"title":"Pene Huidizo &#8211; MTV","author":"Juliana","date":"noviembre 17, 2010","format":false,"excerpt":"[hana-flv-player video=\"\/blog\/wp-content\/uploads\/2009\/01\/20100708\/MTVworldaidsday.flv\" width=\"550\" height=\"\" description=\"Pene Huidizo - MTV\" clickurl=\"\" clicktarget=\"\" player=\"4\" autoplay=\"false\" loop=\"false\" autorewind=\"true\" splashimage=\"\" skin=\"\" \/] [icon color=\"Accent-Color\" size=\"regular\" image=\"steadysets-icon-chat\"] Contexto Spot de MTV Italia en el a\u00f1o 2008 para concientizar acerca de la problem\u00e1tica del SIDA, en el marco del d\u00eda mundial del SIDA. La pieza es divertida,\u2026","rel":"","context":"En \u00ab2008\u00bb","block_context":{"text":"2008","link":"https:\/\/estrategica.com.co\/blog\/category\/ano\/2008\/"},"img":{"alt_text":"","src":"https:\/\/i0.wp.com\/estrategica.com.co\/blog\/wp-content\/uploads\/2010\/07\/MTVworldaidsday_thumb.png?fit=637%2C425&ssl=1&resize=350%2C200","width":350,"height":200},"classes":[]},{"id":15259,"url":"https:\/\/estrategica.com.co\/blog\/calavera-unicef\/","url_meta":{"origin":15707,"position":2},"title":"Calavera &#8211; UNICEF","author":"Juliana","date":"noviembre 17, 2009","format":false,"excerpt":"[hana-flv-player video=\"\/blog\/wp-content\/uploads\/2009\/01\/videos_ultimos\/av191.flv\" width=\"550\" height=\"\" description=\"Calavera - UNICEF\" clickurl=\"\" clicktarget=\"\" player=\"4\" autoplay=\"false\" loop=\"false\" autorewind=\"true\" splashimage=\"\" skin=\"\" \/] [icon color=\"Accent-Color\" size=\"regular\" image=\"steadysets-icon-chat\"] Contexto Spot de la campa\u00f1a de UNICEF en Alemania para sensibilizar a los africanos sobre los efectos del SIDA. La pieza muestra una calavera, que se infiere est\u00e1 ante un\u2026","rel":"","context":"En \u00ab2008\u00bb","block_context":{"text":"2008","link":"https:\/\/estrategica.com.co\/blog\/category\/ano\/2008\/"},"img":{"alt_text":"","src":"https:\/\/i0.wp.com\/estrategica.com.co\/blog\/wp-content\/uploads\/2009\/05\/av191_thumb.png?fit=442%2C350&ssl=1&resize=350%2C200","width":350,"height":200},"classes":[]},{"id":24774,"url":"https:\/\/estrategica.com.co\/blog\/campana-contra-el-sida\/","url_meta":{"origin":15707,"position":3},"title":"Campa\u00f1a contra el SIDA","author":"Juliana","date":"agosto 7, 2010","format":false,"excerpt":"[hana-flv-player video=\"\/blog\/wp-content\/uploads\/2009\/01\/20100708\/WorldAIDSCampaignPSA.flv\" width=\"550\" height=\"\" description=\"Campa\u00f1a contra el SIDA\" clickurl=\"\" clicktarget=\"\" player=\"4\" autoplay=\"false\" loop=\"false\" autorewind=\"true\" splashimage=\"\" skin=\"\" \/] [icon color=\"Accent-Color\" size=\"regular\" image=\"steadysets-icon-chat\"] Contexto Spot de la World AIDS en el a\u00f1o 2006. Esta organizaci\u00f3n es una coalici\u00f3n de grupos de la sociedad civil para luchar contra el SIDA, bajo el slogan:\u2026","rel":"","context":"En \u00ab2006\u00bb","block_context":{"text":"2006","link":"https:\/\/estrategica.com.co\/blog\/category\/ano\/2006\/"},"img":{"alt_text":"","src":"https:\/\/i0.wp.com\/estrategica.com.co\/blog\/wp-content\/uploads\/2010\/07\/WorldAIDSCampaignPSA_thumb.png?fit=586%2C487&ssl=1&resize=350%2C200","width":350,"height":200},"classes":[]},{"id":23040,"url":"https:\/\/estrategica.com.co\/blog\/macho-sida\/","url_meta":{"origin":15707,"position":4},"title":"Macho &#8211; SIDA","author":"Juliana","date":"abril 23, 2011","format":false,"excerpt":"[hana-flv-player video=\"\/blog\/wp-content\/uploads\/2009\/01\/20100708\/AIDSPreventionMacho.flv\" width=\"550\" height=\"\" description=\"Macho - SIDA\" clickurl=\"\" clicktarget=\"\" player=\"4\" autoplay=\"false\" loop=\"false\" autorewind=\"true\" splashimage=\"\" skin=\"\" \/] [icon color=\"Accent-Color\" size=\"regular\" image=\"steadysets-icon-chat\"] Contexto Spot de campa\u00f1a contra el SIDA en 1988. Fue el primer anuncio donde se utilizo la palabra cond\u00f3n en Estados Unidos. La pieza caracteriza el esteriotipo del macho masculino\u2026","rel":"","context":"En \u00ab1988\u00bb","block_context":{"text":"1988","link":"https:\/\/estrategica.com.co\/blog\/category\/ano\/1988\/"},"img":{"alt_text":"","src":"https:\/\/i0.wp.com\/estrategica.com.co\/blog\/wp-content\/uploads\/2010\/07\/AIDSPreventionMacho_thumb.png?fit=492%2C493&ssl=1&resize=350%2C200","width":350,"height":200},"classes":[]},{"id":15713,"url":"https:\/\/estrategica.com.co\/blog\/dia-mundial-del-sida\/","url_meta":{"origin":15707,"position":5},"title":"D\u00eda Mundial del Sida","author":"Juliana","date":"noviembre 13, 2009","format":false,"excerpt":"[hana-flv-player video=\"\/blog\/wp-content\/uploads\/2009\/01\/videos_ultimos\/av292.flv\" width=\"550\" height=\"\" description=\"D\u00eda Mundial del Sida\" clickurl=\"\" clicktarget=\"\" player=\"4\" autoplay=\"false\" loop=\"false\" autorewind=\"true\" splashimage=\"\" skin=\"\" \/] [icon color=\"Accent-Color\" size=\"regular\" image=\"steadysets-icon-chat\"] Contexto Spot de la campa\u00f1a para el D\u00eda Mundial del Sida, en el a\u00f1o 2007. La pieza busca recrear la est\u00e9tica del porno casero amateur para posicionar la importancia\u2026","rel":"","context":"En \u00ab2007\u00bb","block_context":{"text":"2007","link":"https:\/\/estrategica.com.co\/blog\/category\/ano\/2007\/"},"img":{"alt_text":"","src":"https:\/\/i0.wp.com\/estrategica.com.co\/blog\/wp-content\/uploads\/2009\/05\/av292_thumb.png?fit=445%2C349&ssl=1&resize=350%2C200","width":350,"height":200},"classes":[]}],"jetpack_sharing_enabled":true,"_links":{"self":[{"href":"https:\/\/estrategica.com.co\/blog\/wp-json\/wp\/v2\/posts\/15707","targetHints":{"allow":["GET"]}}],"collection":[{"href":"https:\/\/estrategica.com.co\/blog\/wp-json\/wp\/v2\/posts"}],"about":[{"href":"https:\/\/estrategica.com.co\/blog\/wp-json\/wp\/v2\/types\/post"}],"author":[{"embeddable":true,"href":"https:\/\/estrategica.com.co\/blog\/wp-json\/wp\/v2\/users\/5"}],"replies":[{"embeddable":true,"href":"https:\/\/estrategica.com.co\/blog\/wp-json\/wp\/v2\/comments?post=15707"}],"version-history":[{"count":9,"href":"https:\/\/estrategica.com.co\/blog\/wp-json\/wp\/v2\/posts\/15707\/revisions"}],"predecessor-version":[{"id":60679,"href":"https:\/\/estrategica.com.co\/blog\/wp-json\/wp\/v2\/posts\/15707\/revisions\/60679"}],"wp:featuredmedia":[{"embeddable":true,"href":"https:\/\/estrategica.com.co\/blog\/wp-json\/wp\/v2\/media\/15708"}],"wp:attachment":[{"href":"https:\/\/estrategica.com.co\/blog\/wp-json\/wp\/v2\/media?parent=15707"}],"wp:term":[{"taxonomy":"category","embeddable":true,"href":"https:\/\/estrategica.com.co\/blog\/wp-json\/wp\/v2\/categories?post=15707"},{"taxonomy":"post_tag","embeddable":true,"href":"https:\/\/estrategica.com.co\/blog\/wp-json\/wp\/v2\/tags?post=15707"}],"curies":[{"name":"wp","href":"https:\/\/api.w.org\/{rel}","templated":true}]}}