{"id":15804,"date":"2009-06-14T12:56:04","date_gmt":"2009-06-14T12:56:04","guid":{"rendered":"http:\/\/estrategica.com.co\/blog\/?p=15804"},"modified":"2015-01-30T16:30:00","modified_gmt":"2015-01-30T21:30:00","slug":"flores-%e2%80%93-no-des-una-segunda-oportunidad-fundacion-mujeres","status":"publish","type":"post","link":"https:\/\/estrategica.com.co\/blog\/flores-%e2%80%93-no-des-una-segunda-oportunidad-fundacion-mujeres\/","title":{"rendered":"Flores \u2013 No des una Segunda Oportunidad &#8211; Fundaci\u00f3n Mujeres"},"content":{"rendered":"<p> <script type='text\/javascript' src='https:\/\/estrategica.com.co\/blog\/wp-content\/plugins\/hana-flv-player\/flowplayer3\/example\/flowplayer-3.2.6.min.js'><\/script>\n<div >\n<div id='hana_flv_flow3_1' style='display:block;width:550px;height:413px;background-color:#555555;color:#ffffff;padding:0' title=\"*Video:flores \u2013 no des una segunda oportunidad - fundaci\u00f3n mujeres\"><\/div>\n<\/div>\n\n<script  type='text\/javascript'>\nif (typeof g_hanaFlash !== 'undefined' && !g_hanaFlash){\n    jQuery('#hana_flv_flow3_1').css( 'padding', '5px' );\n\tjQuery('#hana_flv_flow3_1').html(\"<span class='inactive_message' style='display:block'>Sorry, your browser does not support Flash Video Player<\/span> *Video:flores \u2013 no des una segunda oportunidad - fundaci\u00f3n mujeres\");\n}else{\t\t\t\n\t\tflowplayer('hana_flv_flow3_1', { src: 'https:\/\/estrategica.com.co\/blog\/wp-content\/plugins\/hana-flv-player\/flowplayer3\/flowplayer-3.2.7.swf', wmode: 'transparent' }, { \n\n\t\t\tcanvas: { backgroundColor: '#000000', backgroundGradient: 'none',},\n    \t\tclip:  { \n    \t\t\turl: '\/blog\/wp-content\/uploads\/2009\/01\/videos_ultimos\/av311.flv',\n        \t\tscaling: 'fit', autoPlay: false, autoBuffering: true \n\t\t\t\t   , onFinish : function () { this.seek(0); }  \n\n\t        }\n\n\t\t});\n}\n<\/script><br \/>\n<\/br><\/p>\n<p>[icon color=\u00bbAccent-Color\u00bb size=\u00bbregular\u00bb image=\u00bbsteadysets-icon-chat\u00bb] <strong>Contexto<\/strong><\/br><\/br><\/p>\n<p style=\"text-align: justify;\">Spot de la Fundaci\u00f3n Mujeres de Espa\u00f1a durante la campa\u00f1a realizada en 2006 contra el maltrato a las mujeres. La pieza tiene un desarrollo argumental impecable y su desenlace genera no s\u00f3lo atenci\u00f3n, sino asombro y recordaci\u00f3n. El mensaje visual es contundente y apropiado.<\/p><\/p>\n","protected":false},"excerpt":{"rendered":"<p>*Video: flores \u2013 no des una segunda oportunidad &#8211; fundaci\u00f3n mujeres [icon color=\u00bbAccent-Color\u00bb size=\u00bbregular\u00bb image=\u00bbsteadysets-icon-chat\u00bb] Contexto Spot de la Fundaci\u00f3n Mujeres de Espa\u00f1a durante la campa\u00f1a realizada en 2006 contra el maltrato a las mujeres. La pieza tiene un desarrollo argumental impecable y su desenlace genera no s\u00f3lo atenci\u00f3n, sino asombro y recordaci\u00f3n. El mensaje [&hellip;]<\/p>\n","protected":false},"author":5,"featured_media":15805,"comment_status":"open","ping_status":"open","sticky":false,"template":"","format":"standard","meta":{"_et_pb_use_builder":"","_et_pb_old_content":"","_et_gb_content_width":"","advanced_seo_description":"","jetpack_seo_html_title":"","jetpack_seo_noindex":false,"footnotes":""},"categories":[264,263,27,23,10,35,11,3],"tags":[317,316],"class_list":["post-15804","post","type-post","status-publish","format-standard","has-post-thumbnail","hentry","category-264","category-ano","category-divulgacion-politica","category-espana","category-geo","category-mensaje-politico","category-temas","category-video","tag-maltrato","tag-violencia-de-genero"],"jetpack_featured_media_url":"https:\/\/i0.wp.com\/estrategica.com.co\/blog\/wp-content\/uploads\/2009\/05\/av311_thumb.png?fit=440%2C359&ssl=1","jetpack_shortlink":"https:\/\/wp.me\/p4wgsh-46U","jetpack-related-posts":[{"id":6991,"url":"https:\/\/estrategica.com.co\/blog\/ante-el-maltratador-tolerancia-cero-mujeres\/","url_meta":{"origin":15804,"position":0},"title":"Ante el maltratador tolerancia cero &#8211; mujeres","author":"Juliana","date":"marzo 20, 2009","format":false,"excerpt":"[hana-flv-player video=\"\/blog\/wp-content\/uploads\/2009\/01\/videos_varios_f\/Ante_el_maltratador_tolerancia_cero_spot_mujeres_0.flv\" width=\"550\" height=\"\" description=\"Ante el maltratador tolerancia cero - mujeres\" clickurl=\"\" clicktarget=\"\" player=\"4\" autoplay=\"false\" loop=\"false\" autorewind=\"true\" splashimage=\"\" skin=\"\" \/] [icon color=\"Accent-Color\" size=\"regular\" image=\"steadysets-icon-chat\"] Contexto Campa\u00f1a del Ministerio de Igualdad contra la violencia de g\u00e9nero: \u201cAnte el maltratador, tolerancia cero\u201d lanzada el 8 de julio de 2008. El Ministerio expres\u00f3,\u2026","rel":"","context":"En \u00ab2008\u00bb","block_context":{"text":"2008","link":"https:\/\/estrategica.com.co\/blog\/category\/ano\/2008\/"},"img":{"alt_text":"","src":"","width":0,"height":0},"classes":[]},{"id":6985,"url":"https:\/\/estrategica.com.co\/blog\/ante-el-maltratador-tolerancia-cero-hombres\/","url_meta":{"origin":15804,"position":1},"title":"Ante el maltratador tolerancia cero &#8211; hombres","author":"Juliana","date":"marzo 20, 2009","format":false,"excerpt":"[hana-flv-player video=\"\/blog\/wp-content\/uploads\/2009\/01\/videos_varios_f\/Ante_el_maltratador_tolerancia_cero_spot_hombres_0_0.flv\" width=\"550\" height=\"\" description=\"Ante el maltratador tolerancia cero - hombres\" clickurl=\"\" clicktarget=\"\" player=\"4\" autoplay=\"false\" loop=\"false\" autorewind=\"true\" splashimage=\"\" skin=\"\" \/] [icon color=\"Accent-Color\" size=\"regular\" image=\"steadysets-icon-chat\"] Contexto Campa\u00f1a del Ministerio de Igualdad contra la violencia de g\u00e9nero: \u201cAnte el maltratador, tolerancia cero\u201d lanzada el 8 de julio de 2008. El Ministerio expres\u00f3,\u2026","rel":"","context":"En \u00ab2008\u00bb","block_context":{"text":"2008","link":"https:\/\/estrategica.com.co\/blog\/category\/ano\/2008\/"},"img":{"alt_text":"","src":"","width":0,"height":0},"classes":[]},{"id":7368,"url":"https:\/\/estrategica.com.co\/blog\/flor\/","url_meta":{"origin":15804,"position":2},"title":"Flor","author":"Juliana","date":"marzo 21, 2009","format":false,"excerpt":"[hana-flv-player video=\"\/blog\/wp-content\/uploads\/2009\/01\/videos_varios_f\/Flor.flv\" width=\"550\" height=\"\" description=\"Flor \" clickurl=\"\" clicktarget=\"\" player=\"4\" autoplay=\"false\" loop=\"false\" autorewind=\"true\" splashimage=\"\" skin=\"\" \/] [icon color=\"Accent-Color\" size=\"regular\" image=\"steadysets-icon-chat\"] Contexto \u201c12 meses, 12 causas\u201d es una iniciativa de Responsabilidad Social de la cadena de televisi\u00f3n espa\u00f1ola \u201cTelecinco\u201d. A trav\u00e9s de esta iniciativa la cadena impulsa mes a mes 12 causas\u2026","rel":"","context":"En \u00abDivulgaci\u00f3n Pol\u00edtica\u00bb","block_context":{"text":"Divulgaci\u00f3n Pol\u00edtica","link":"https:\/\/estrategica.com.co\/blog\/category\/temas\/divulgacion-politica\/"},"img":{"alt_text":"","src":"","width":0,"height":0},"classes":[]},{"id":7161,"url":"https:\/\/estrategica.com.co\/blog\/campana_igualdad_ante_el_maltratador_tolerancia_cero\/","url_meta":{"origin":15804,"position":3},"title":"Ante el Maltratador, Tolerancia Cero &#8211; Ni\u00f1os","author":"Juliana","date":"marzo 21, 2009","format":false,"excerpt":"[hana-flv-player video=\"\/blog\/wp-content\/uploads\/2009\/01\/videos_varios_f\/campana_Igualdad_Ante_el_maltratador_tolerancia_cero.flv\" width=\"550\" height=\"\" description=\"Ante el Maltratador, Tolerancia Cero - Ni\u00f1os\" clickurl=\"\" clicktarget=\"\" player=\"4\" autoplay=\"false\" loop=\"false\" autorewind=\"true\" splashimage=\"\" skin=\"\" \/] [icon color=\"Accent-Color\" size=\"regular\" image=\"steadysets-icon-chat\"] Contexto Campa\u00f1a del Ministerio de Igualdad contra la violencia de g\u00e9nero: \u201cAnte el maltratador, tolerancia cero\u201d lanzada el 8 de julio de 2008. El Ministerio expres\u00f3,\u2026","rel":"","context":"En \u00ab2008\u00bb","block_context":{"text":"2008","link":"https:\/\/estrategica.com.co\/blog\/category\/ano\/2008\/"},"img":{"alt_text":"","src":"","width":0,"height":0},"classes":[]},{"id":18263,"url":"https:\/\/estrategica.com.co\/blog\/violencia-de-genero-psoe\/","url_meta":{"origin":15804,"position":4},"title":"Violencia de G\u00e9nero &#8211; PSOE","author":"Juliana","date":"junio 30, 2009","format":false,"excerpt":"[hana-flv-player video=\"\/blog\/wp-content\/uploads\/2009\/01\/videosultimosconver\/violenciadegenero.flv\" width=\"550\" height=\"\" description=\"Violencia de G\u00e9nero - PSOE\" clickurl=\"\" clicktarget=\"\" player=\"4\" autoplay=\"false\" loop=\"false\" autorewind=\"true\" splashimage=\"\" skin=\"\" \/] [icon color=\"Accent-Color\" size=\"regular\" image=\"steadysets-icon-chat\"] Contexto Acto del PSOE en donde un grupo de actores, en presencia de la Ministra de Igualdad, posicionan un mensaje con ocasi\u00f3n del d\u00eda internacional de la lucha\u2026","rel":"","context":"En \u00ab2008\u00bb","block_context":{"text":"2008","link":"https:\/\/estrategica.com.co\/blog\/category\/ano\/2008\/"},"img":{"alt_text":"","src":"https:\/\/i0.wp.com\/estrategica.com.co\/blog\/wp-content\/uploads\/2009\/06\/violenciadegenero_thumb.png?fit=659%2C419&ssl=1&resize=350%2C200","width":350,"height":200},"classes":[]},{"id":24580,"url":"https:\/\/estrategica.com.co\/blog\/trata-de-blancas-es-tortura-fundacion-helen-bamber\/","url_meta":{"origin":15804,"position":5},"title":"Trata de Blancas es Tortura &#8211; Fundaci\u00f3n Helen Bamber","author":"Juliana","date":"julio 24, 2010","format":false,"excerpt":"[hana-flv-player video=\"\/blog\/wp-content\/uploads\/2009\/01\/20100708\/TraffickingisTorture.flv\" width=\"550\" height=\"\" description=\"Trata de Blancas es Tortura - Fundaci\u00f3n Helen Bamber\" clickurl=\"\" clicktarget=\"\" player=\"4\" autoplay=\"false\" loop=\"false\" autorewind=\"true\" splashimage=\"\" skin=\"\" \/] [icon color=\"Accent-Color\" size=\"regular\" image=\"steadysets-icon-chat\"] Contexto Spot de la Fundaci\u00f3n Helen Bamber para posicionar en la opini\u00f3n la realidad de la trata de mujeres. La actriz Emma Thompsons\u00a0 retrata\u2026","rel":"","context":"En \u00ab2008\u00bb","block_context":{"text":"2008","link":"https:\/\/estrategica.com.co\/blog\/category\/ano\/2008\/"},"img":{"alt_text":"","src":"https:\/\/i0.wp.com\/estrategica.com.co\/blog\/wp-content\/uploads\/2010\/07\/TraffickingisTorture_thumb1.png?fit=603%2C399&ssl=1&resize=350%2C200","width":350,"height":200},"classes":[]}],"jetpack_sharing_enabled":true,"_links":{"self":[{"href":"https:\/\/estrategica.com.co\/blog\/wp-json\/wp\/v2\/posts\/15804","targetHints":{"allow":["GET"]}}],"collection":[{"href":"https:\/\/estrategica.com.co\/blog\/wp-json\/wp\/v2\/posts"}],"about":[{"href":"https:\/\/estrategica.com.co\/blog\/wp-json\/wp\/v2\/types\/post"}],"author":[{"embeddable":true,"href":"https:\/\/estrategica.com.co\/blog\/wp-json\/wp\/v2\/users\/5"}],"replies":[{"embeddable":true,"href":"https:\/\/estrategica.com.co\/blog\/wp-json\/wp\/v2\/comments?post=15804"}],"version-history":[{"count":5,"href":"https:\/\/estrategica.com.co\/blog\/wp-json\/wp\/v2\/posts\/15804\/revisions"}],"predecessor-version":[{"id":45571,"href":"https:\/\/estrategica.com.co\/blog\/wp-json\/wp\/v2\/posts\/15804\/revisions\/45571"}],"wp:featuredmedia":[{"embeddable":true,"href":"https:\/\/estrategica.com.co\/blog\/wp-json\/wp\/v2\/media\/15805"}],"wp:attachment":[{"href":"https:\/\/estrategica.com.co\/blog\/wp-json\/wp\/v2\/media?parent=15804"}],"wp:term":[{"taxonomy":"category","embeddable":true,"href":"https:\/\/estrategica.com.co\/blog\/wp-json\/wp\/v2\/categories?post=15804"},{"taxonomy":"post_tag","embeddable":true,"href":"https:\/\/estrategica.com.co\/blog\/wp-json\/wp\/v2\/tags?post=15804"}],"curies":[{"name":"wp","href":"https:\/\/api.w.org\/{rel}","templated":true}]}}