{"id":15853,"date":"2009-06-13T15:14:10","date_gmt":"2009-06-13T15:14:10","guid":{"rendered":"http:\/\/estrategica.com.co\/blog\/?p=15853"},"modified":"2015-02-05T10:59:47","modified_gmt":"2015-02-05T15:59:47","slug":"tu-rock-en-votar-actores","status":"publish","type":"post","link":"https:\/\/estrategica.com.co\/blog\/tu-rock-en-votar-actores\/","title":{"rendered":"Tu Rock en Votar &#8211; Actores"},"content":{"rendered":"<p> <script type='text\/javascript' src='https:\/\/estrategica.com.co\/blog\/wp-content\/plugins\/hana-flv-player\/flowplayer3\/example\/flowplayer-3.2.6.min.js'><\/script>\n<div >\n<div id='hana_flv_flow3_1' style='display:block;width:550px;height:413px;background-color:#555555;color:#ffffff;padding:0' title=\"*Video:tu rock en votar - actores\"><\/div>\n<\/div>\n\n<script  type='text\/javascript'>\nif (typeof g_hanaFlash !== 'undefined' && !g_hanaFlash){\n    jQuery('#hana_flv_flow3_1').css( 'padding', '5px' );\n\tjQuery('#hana_flv_flow3_1').html(\"<span class='inactive_message' style='display:block'>Sorry, your browser does not support Flash Video Player<\/span> *Video:tu rock en votar - actores\");\n}else{\t\t\t\n\t\tflowplayer('hana_flv_flow3_1', { src: 'https:\/\/estrategica.com.co\/blog\/wp-content\/plugins\/hana-flv-player\/flowplayer3\/flowplayer-3.2.7.swf', wmode: 'transparent' }, { \n\n\t\t\tcanvas: { backgroundColor: '#000000', backgroundGradient: 'none',},\n    \t\tclip:  { \n    \t\t\turl: '\/blog\/wp-content\/uploads\/2009\/01\/videos_ultimos\/av322.flv',\n        \t\tscaling: 'fit', autoPlay: false, autoBuffering: true \n\t\t\t\t   , onFinish : function () { this.seek(0); }  \n\n\t        }\n\n\t\t});\n}\n<\/script><br \/>\n<\/br><\/p>\n<p>[icon color=\u00bbAccent-Color\u00bb size=\u00bbregular\u00bb image=\u00bbsteadysets-icon-chat\u00bb] <strong>Contexto<\/strong><\/br><\/br><\/p>\n<p style=\"text-align: justify;\">Spot de la Campa\u00f1a Tu Rock es Votar en M\u00e9xico, la cual esta inspirada en la iniciativa norteamericana Rock the Vote. El formato de las piezas es moderno y busca, al margen de cualquier militancia pol\u00edtica, incentivar el voto joven, combatiendo lo altos \u00edndices de abstencionismo. La estrategia es utilizar la imagen de personalidades de la vida p\u00fablica del pa\u00eds, desde actores como Jos\u00e9 Mar\u00eda Yazpik, Diego Luna, Gael Garc\u00eda, Cecilia Su\u00e1rez; m\u00fasicos como Fobia, Lino Nava, Natalia y La Forquetina, Big Metra, entre otros; as\u00ed como deportistas y comunicadores, captando, as\u00ed, la atenci\u00f3n de los j\u00f3venes sobre el voto razonado, mediante spots en TV, radio e impresos.<\/p><\/p>\n","protected":false},"excerpt":{"rendered":"<p>*Video: tu rock en votar &#8211; actores [icon color=\u00bbAccent-Color\u00bb size=\u00bbregular\u00bb image=\u00bbsteadysets-icon-chat\u00bb] Contexto Spot de la Campa\u00f1a Tu Rock es Votar en M\u00e9xico, la cual esta inspirada en la iniciativa norteamericana Rock the Vote. El formato de las piezas es moderno y busca, al margen de cualquier militancia pol\u00edtica, incentivar el voto joven, combatiendo lo altos [&hellip;]<\/p>\n","protected":false},"author":5,"featured_media":15854,"comment_status":"open","ping_status":"open","sticky":false,"template":"","format":"standard","meta":{"_et_pb_use_builder":"","_et_pb_old_content":"","_et_gb_content_width":"","advanced_seo_description":"","jetpack_seo_html_title":"","jetpack_seo_noindex":false,"footnotes":""},"categories":[27,10,35,201,11,3],"tags":[196,597,598],"class_list":["post-15853","post","type-post","status-publish","format-standard","has-post-thumbnail","hentry","category-divulgacion-politica","category-geo","category-mensaje-politico","category-mexico","category-temas","category-video","tag-elecciones-2006","tag-rock-the-vote","tag-tu-rock-es-votar"],"jetpack_featured_media_url":"https:\/\/i0.wp.com\/estrategica.com.co\/blog\/wp-content\/uploads\/2009\/05\/av322_thumb.png?fit=430%2C339&ssl=1","jetpack_shortlink":"https:\/\/wp.me\/p4wgsh-47H","jetpack-related-posts":[{"id":15849,"url":"https:\/\/estrategica.com.co\/blog\/tu-rock-es-votar-actores\/","url_meta":{"origin":15853,"position":0},"title":"Tu Rock es Votar &#8211; Actores","author":"Juliana","date":"junio 13, 2009","format":false,"excerpt":"[hana-flv-player video=\"\/blog\/wp-content\/uploads\/2009\/01\/videos_ultimos\/av321.flv\" width=\"550\" height=\"\" description=\"Tu Rock es Votar - Actores\" clickurl=\"\" clicktarget=\"\" player=\"4\" autoplay=\"false\" loop=\"false\" autorewind=\"true\" splashimage=\"\" skin=\"\" \/] [icon color=\"Accent-Color\" size=\"regular\" image=\"steadysets-icon-chat\"] Contexto Spot de la Campa\u00f1a Tu Rock es Votar en M\u00e9xico, la cual esta inspirada en la iniciativa norteamericana Rock the Vote. El formato de las piezas\u2026","rel":"","context":"En \u00abDivulgaci\u00f3n Pol\u00edtica\u00bb","block_context":{"text":"Divulgaci\u00f3n Pol\u00edtica","link":"https:\/\/estrategica.com.co\/blog\/category\/temas\/divulgacion-politica\/"},"img":{"alt_text":"","src":"https:\/\/i0.wp.com\/estrategica.com.co\/blog\/wp-content\/uploads\/2009\/05\/av321_thumb.png?fit=441%2C357&ssl=1&resize=350%2C200","width":350,"height":200},"classes":[]},{"id":15666,"url":"https:\/\/estrategica.com.co\/blog\/robert-de-niro-rock-the-vote\/","url_meta":{"origin":15853,"position":1},"title":"Robert De Niro &#8211; Rock the Vote","author":"Juliana","date":"junio 15, 2009","format":false,"excerpt":"[hana-flv-player video=\"\/blog\/wp-content\/uploads\/2009\/01\/videos_ultimos\/av282.flv\" width=\"550\" height=\"\" description=\"Robert De Niro - Rock the Vote\" clickurl=\"\" clicktarget=\"\" player=\"4\" autoplay=\"false\" loop=\"false\" autorewind=\"true\" splashimage=\"\" skin=\"\" \/] [icon color=\"Accent-Color\" size=\"regular\" image=\"steadysets-icon-chat\"] Contexto Spot de la organizaci\u00f3n Rock the Vote que tiene como finalidad incitar a los j\u00f3venes a participar en pol\u00edtica a trav\u00e9s de las actividades juveniles.\u2026","rel":"","context":"En \u00ab2008\u00bb","block_context":{"text":"2008","link":"https:\/\/estrategica.com.co\/blog\/category\/ano\/2008\/"},"img":{"alt_text":"","src":"https:\/\/i0.wp.com\/estrategica.com.co\/blog\/wp-content\/uploads\/2009\/05\/av282_thumb.png?fit=440%2C264&ssl=1&resize=350%2C200","width":350,"height":200},"classes":[]},{"id":15674,"url":"https:\/\/estrategica.com.co\/blog\/musicos-rock-the-vote\/","url_meta":{"origin":15853,"position":2},"title":"M\u00fasicos &#8211; Rock the Vote","author":"Juliana","date":"junio 15, 2009","format":false,"excerpt":"[hana-flv-player video=\"\/blog\/wp-content\/uploads\/2009\/01\/videos_ultimos\/av284.flv\" width=\"550\" height=\"\" description=\"M\u00fasicos - Rock the Vote\" clickurl=\"\" clicktarget=\"\" player=\"4\" autoplay=\"false\" loop=\"false\" autorewind=\"true\" splashimage=\"\" skin=\"\" \/] [icon color=\"Accent-Color\" size=\"regular\" image=\"steadysets-icon-chat\"] Contexto Spot de la organizaci\u00f3n Rock the Vote que tiene como finalidad incitar a los j\u00f3venes a participar en pol\u00edtica a trav\u00e9s de las actividades juveniles. La idea\u2026","rel":"","context":"En \u00ab2008\u00bb","block_context":{"text":"2008","link":"https:\/\/estrategica.com.co\/blog\/category\/ano\/2008\/"},"img":{"alt_text":"","src":"https:\/\/i0.wp.com\/estrategica.com.co\/blog\/wp-content\/uploads\/2009\/05\/av284_thumb.png?fit=415%2C358&ssl=1&resize=350%2C200","width":350,"height":200},"classes":[]},{"id":37453,"url":"https:\/\/estrategica.com.co\/blog\/mexicoactorglobal\/","url_meta":{"origin":15853,"position":3},"title":"M\u00e9xico Actor Global &#8211; Pe\u00f1a","author":"Juliana","date":"febrero 4, 2013","format":false,"excerpt":"[hana-flv-player video=\"\/blog\/wp-content\/uploads\/2009\/01\/20121220\/MexicoActorGlobal.flv\" width=\"550\" height=\"\" description=\"M\u00e9xico Actor Global - Pe\u00f1a\" clickurl=\"\" clicktarget=\"\" player=\"4\" autoplay=\"false\" loop=\"false\" autorewind=\"false\" splashimage=\"\" skin=\"\" \/] [icon color=\"Accent-Color\" size=\"regular\" image=\"steadysets-icon-chat\"] Contexto Spot de la Campa\u00f1a de Enrique Pe\u00f1a Nieto a la Presidencia de M\u00e9xico, durante la contienda de 2012, a nombre del PRI. Pe\u00f1a Nieto arranc\u00f3 la campa\u00f1a\u2026","rel":"","context":"En \u00ab2012\u00bb","block_context":{"text":"2012","link":"https:\/\/estrategica.com.co\/blog\/category\/ano\/2012\/"},"img":{"alt_text":"","src":"https:\/\/i0.wp.com\/estrategica.com.co\/blog\/wp-content\/uploads\/2013\/02\/MexicoActorGlobal_thumb.png?fit=721%2C464&ssl=1&resize=350%2C200","width":350,"height":200},"classes":[]},{"id":10057,"url":"https:\/\/estrategica.com.co\/blog\/vote-la-formula-democrata-mcgovern\/","url_meta":{"origin":15853,"position":4},"title":"Vote la formula dem\u00f3crata &#8211; McGovern","author":"Juliana","date":"abril 4, 2009","format":false,"excerpt":"[hana-flv-player video=\"\/blog\/wp-content\/uploads\/2009\/01\/USA_CONVERTIDOS_VIEJOS\/VotingBoothDemocMcGobern72.flv\" width=\"550\" height=\"\" description=\"Vote la formula dem\u00f3crata - McGovern\" clickurl=\"\" clicktarget=\"\" player=\"4\" autoplay=\"false\" loop=\"false\" autorewind=\"true\" splashimage=\"\" skin=\"\" \/] [icon color=\"Accent-Color\" size=\"regular\" image=\"steadysets-icon-chat\"] Contexto Spot de la Campa\u00f1a de George McGovern durante las elecciones de 1972. Una elecci\u00f3n marcada por el radicalismo pol\u00edtico generado en torno a la guerra de\u2026","rel":"","context":"En \u00abCampa\u00f1a Presidencial\u00bb","block_context":{"text":"Campa\u00f1a Presidencial","link":"https:\/\/estrategica.com.co\/blog\/category\/temas\/campana-presidencial\/"},"img":{"alt_text":"","src":"https:\/\/i0.wp.com\/estrategica.com.co\/blog\/wp-content\/uploads\/2009\/04\/votingboothdemocmcgobern72_thumb.png?fit=328%2C252&ssl=1&resize=350%2C200","width":350,"height":200},"classes":[]},{"id":15951,"url":"https:\/\/estrategica.com.co\/blog\/compra-de-votos-ife\/","url_meta":{"origin":15853,"position":5},"title":"Compra de Votos &#8211; IFE","author":"Juliana","date":"junio 1, 2009","format":false,"excerpt":"[hana-flv-player video=\"\/blog\/wp-content\/uploads\/2009\/01\/mexico_otros\/IFERV0087508.flv\" width=\"550\" height=\"\" description=\"Compra de Votos - IFE\" clickurl=\"\" clicktarget=\"\" player=\"4\" autoplay=\"false\" loop=\"false\" autorewind=\"true\" splashimage=\"\" skin=\"\" \/] [icon color=\"Accent-Color\" size=\"regular\" image=\"steadysets-icon-chat\"] Contexto Spot del Instituto Federal Electoral, IFE, de M\u00e9xico para las Elecciones Federales de 2009. La autoridad electoral busca a trav\u00e9s de campa\u00f1as institucionales persuadir la participaci\u00f3n, incentivar\u2026","rel":"","context":"En \u00abComunicaci\u00f3n Gobierno\u00bb","block_context":{"text":"Comunicaci\u00f3n Gobierno","link":"https:\/\/estrategica.com.co\/blog\/category\/temas\/comunicacion-gobierno\/"},"img":{"alt_text":"","src":"https:\/\/i0.wp.com\/estrategica.com.co\/blog\/wp-content\/uploads\/2009\/05\/iferv0087508_thumb.png?fit=354%2C302&ssl=1&resize=350%2C200","width":350,"height":200},"classes":[]}],"jetpack_sharing_enabled":true,"_links":{"self":[{"href":"https:\/\/estrategica.com.co\/blog\/wp-json\/wp\/v2\/posts\/15853","targetHints":{"allow":["GET"]}}],"collection":[{"href":"https:\/\/estrategica.com.co\/blog\/wp-json\/wp\/v2\/posts"}],"about":[{"href":"https:\/\/estrategica.com.co\/blog\/wp-json\/wp\/v2\/types\/post"}],"author":[{"embeddable":true,"href":"https:\/\/estrategica.com.co\/blog\/wp-json\/wp\/v2\/users\/5"}],"replies":[{"embeddable":true,"href":"https:\/\/estrategica.com.co\/blog\/wp-json\/wp\/v2\/comments?post=15853"}],"version-history":[{"count":6,"href":"https:\/\/estrategica.com.co\/blog\/wp-json\/wp\/v2\/posts\/15853\/revisions"}],"predecessor-version":[{"id":45599,"href":"https:\/\/estrategica.com.co\/blog\/wp-json\/wp\/v2\/posts\/15853\/revisions\/45599"}],"wp:featuredmedia":[{"embeddable":true,"href":"https:\/\/estrategica.com.co\/blog\/wp-json\/wp\/v2\/media\/15854"}],"wp:attachment":[{"href":"https:\/\/estrategica.com.co\/blog\/wp-json\/wp\/v2\/media?parent=15853"}],"wp:term":[{"taxonomy":"category","embeddable":true,"href":"https:\/\/estrategica.com.co\/blog\/wp-json\/wp\/v2\/categories?post=15853"},{"taxonomy":"post_tag","embeddable":true,"href":"https:\/\/estrategica.com.co\/blog\/wp-json\/wp\/v2\/tags?post=15853"}],"curies":[{"name":"wp","href":"https:\/\/api.w.org\/{rel}","templated":true}]}}