{"id":15893,"date":"2009-06-13T13:51:24","date_gmt":"2009-06-13T13:51:24","guid":{"rendered":"http:\/\/estrategica.com.co\/blog\/?p=15893"},"modified":"2015-02-05T11:14:57","modified_gmt":"2015-02-05T16:14:57","slug":"karla-comunidad-de-madrid","status":"publish","type":"post","link":"https:\/\/estrategica.com.co\/blog\/karla-comunidad-de-madrid\/","title":{"rendered":"Karla &#8211; Comunidad de Madrid"},"content":{"rendered":"<p> <script type='text\/javascript' src='https:\/\/estrategica.com.co\/blog\/wp-content\/plugins\/hana-flv-player\/flowplayer3\/example\/flowplayer-3.2.6.min.js'><\/script>\n<div >\n<div id='hana_flv_flow3_1' style='display:block;width:550px;height:413px;background-color:#555555;color:#ffffff;padding:0' title=\"*Video:la voz de los que nadie escucha - pobreza cero\"><\/div>\n<\/div>\n\n<script  type='text\/javascript'>\nif (typeof g_hanaFlash !== 'undefined' && !g_hanaFlash){\n    jQuery('#hana_flv_flow3_1').css( 'padding', '5px' );\n\tjQuery('#hana_flv_flow3_1').html(\"<span class='inactive_message' style='display:block'>Sorry, your browser does not support Flash Video Player<\/span> *Video:la voz de los que nadie escucha - pobreza cero\");\n}else{\t\t\t\n\t\tflowplayer('hana_flv_flow3_1', { src: 'https:\/\/estrategica.com.co\/blog\/wp-content\/plugins\/hana-flv-player\/flowplayer3\/flowplayer-3.2.7.swf', wmode: 'transparent' }, { \n\n\t\t\tcanvas: { backgroundColor: '#000000', backgroundGradient: 'none',},\n    \t\tclip:  { \n    \t\t\turl: '\/blog\/wp-content\/uploads\/2009\/01\/videos_ultimos\/av330.flv',\n        \t\tscaling: 'fit', autoPlay: false, autoBuffering: true \n\t\t\t\t   , onFinish : function () { this.seek(0); }  \n\n\t        }\n\n\t\t});\n}\n<\/script><br \/>\n<\/br><\/p>\n<p>[icon color=\u00bbAccent-Color\u00bb size=\u00bbregular\u00bb image=\u00bbsteadysets-icon-chat\u00bb] <strong>Contexto<\/strong><\/br><\/br><\/p>\n<p style=\"text-align: justify;\">Spot de la Comunidad de Madrid durante el desarrollo de una campa\u00f1a contra el maltrato. La estrategia es incentivar la denuncia, pues los estudios muestra como este fen\u00f3meno obedece a una criminalidad oculta pues las victimas no denuncia. El gui\u00f3n esta bien dise\u00f1ado y  la actuaci\u00f3n genera impacto y recordaci\u00f3n.<\/p><\/p>\n","protected":false},"excerpt":{"rendered":"<p>*Video: la voz de los que nadie escucha &#8211; pobreza cero [icon color=\u00bbAccent-Color\u00bb size=\u00bbregular\u00bb image=\u00bbsteadysets-icon-chat\u00bb] Contexto Spot de la Comunidad de Madrid durante el desarrollo de una campa\u00f1a contra el maltrato. La estrategia es incentivar la denuncia, pues los estudios muestra como este fen\u00f3meno obedece a una criminalidad oculta pues las victimas no denuncia. El [&hellip;]<\/p>\n","protected":false},"author":5,"featured_media":15894,"comment_status":"open","ping_status":"open","sticky":false,"template":"","format":"standard","meta":{"_et_pb_use_builder":"","_et_pb_old_content":"","_et_gb_content_width":"","advanced_seo_description":"","jetpack_seo_html_title":"","jetpack_seo_noindex":false,"footnotes":""},"categories":[269,263,28,36,27,23,10,35,11,3],"tags":[317,316],"class_list":["post-15893","post","type-post","status-publish","format-standard","has-post-thumbnail","hentry","category-269","category-ano","category-comunicacion-gobierno","category-de-gobierno","category-divulgacion-politica","category-espana","category-geo","category-mensaje-politico","category-temas","category-video","tag-maltrato","tag-violencia-de-genero"],"jetpack_featured_media_url":"https:\/\/i0.wp.com\/estrategica.com.co\/blog\/wp-content\/uploads\/2009\/05\/av330_thumb.png?fit=450%2C337&ssl=1","jetpack_shortlink":"https:\/\/wp.me\/p4wgsh-48l","jetpack-related-posts":[{"id":8366,"url":"https:\/\/estrategica.com.co\/blog\/maria-soy-mama-comunidad-de-madrid\/","url_meta":{"origin":15893,"position":0},"title":"Maria soy Mam\u00e1 &#8211; Comunidad de Madrid","author":"Juliana","date":"marzo 28, 2009","format":false,"excerpt":"[hana-flv-player video=\"\/blog\/wp-content\/uploads\/2009\/01\/videos_varios_f\/Violencia_de_Gnero_Madre.flv\" width=\"550\" height=\"\" description=\"Maria soy Mam\u00e1 - Comunidad de Madrid\" clickurl=\"\" clicktarget=\"\" player=\"4\" autoplay=\"false\" loop=\"false\" autorewind=\"true\" splashimage=\"\" skin=\"\" \/] [icon color=\"Accent-Color\" size=\"regular\" image=\"steadysets-icon-chat\"] Contexto Campa\u00f1a de la Comunidad de Madrid contra la violencia de g\u00e9nero en el a\u00f1o 2008. En la historia hay una mujer que llama y del\u2026","rel":"","context":"En \u00ab2008\u00bb","block_context":{"text":"2008","link":"https:\/\/estrategica.com.co\/blog\/category\/ano\/2008\/"},"img":{"alt_text":"","src":"","width":0,"height":0},"classes":[]},{"id":13952,"url":"https:\/\/estrategica.com.co\/blog\/mi-padre-comunidad-de-madrid\/","url_meta":{"origin":15893,"position":1},"title":"Mi Padre &#8211; Comunidad de Madrid","author":"estrategica.com","date":"abril 17, 2011","format":false,"excerpt":"[hana-flv-player video=\"\/blog\/wp-content\/uploads\/2009\/01\/videos_ultimos\/av051.flv\" width=\"550\" height=\"\" description=\"Mi Padre - Comunidad de Madrid\" clickurl=\"\" clicktarget=\"\" player=\"4\" autoplay=\"false\" loop=\"false\" autorewind=\"true\" splashimage=\"\" skin=\"\" \/] [icon color=\"Accent-Color\" size=\"regular\" image=\"steadysets-icon-chat\"] Contexto Spot de la Comunidad de Madrid contra la violencia de genero, la pieza fue emitida en 2005. Es interesante el recurso de focalizar la comunicaci\u00f3n en\u2026","rel":"","context":"En \u00ab2005\u00bb","block_context":{"text":"2005","link":"https:\/\/estrategica.com.co\/blog\/category\/ano\/2005\/"},"img":{"alt_text":"","src":"https:\/\/i0.wp.com\/estrategica.com.co\/blog\/wp-content\/uploads\/2009\/05\/av051_thumb.png?fit=453%2C346&ssl=1&resize=350%2C200","width":350,"height":200},"classes":[]},{"id":15863,"url":"https:\/\/estrategica.com.co\/blog\/maltrato-infantil-unicef-gobierno-de-chile\/","url_meta":{"origin":15893,"position":2},"title":"Maltrato Infantil &#8211; UNICEF &#8211; Gobierno de Chile","author":"Juliana","date":"junio 13, 2009","format":false,"excerpt":"[hana-flv-player video=\"\/blog\/wp-content\/uploads\/2009\/01\/videos_ultimos\/av324.flv\" width=\"550\" height=\"\" description=\"Maltrato Infantil - UNICEF - Gobierno de Chile\" clickurl=\"\" clicktarget=\"\" player=\"4\" autoplay=\"false\" loop=\"false\" autorewind=\"true\" splashimage=\"\" skin=\"\" \/] [icon color=\"Accent-Color\" size=\"regular\" image=\"steadysets-icon-chat\"] Contexto Spot del Gobierno de Chile y UNICEF para posicionar el tema del maltrato infantil en el a\u00f1o 2006. El spot no es impactante ni\u2026","rel":"","context":"En \u00ab2006\u00bb","block_context":{"text":"2006","link":"https:\/\/estrategica.com.co\/blog\/category\/ano\/2006\/"},"img":{"alt_text":"","src":"https:\/\/i0.wp.com\/estrategica.com.co\/blog\/wp-content\/uploads\/2009\/05\/av324_thumb.png?fit=456%2C346&ssl=1&resize=350%2C200","width":350,"height":200},"classes":[]},{"id":7636,"url":"https:\/\/estrategica.com.co\/blog\/malos-tratos-ella\/","url_meta":{"origin":15893,"position":3},"title":"Malos Tratos &#8211; Ella","author":"Juliana","date":"marzo 30, 2009","format":false,"excerpt":"[hana-flv-player video=\"\/blog\/wp-content\/uploads\/2009\/01\/videos_varios_f\/Malos_tratos_Ella.flv\" width=\"550\" height=\"\" description=\"Malos Tratos - Ella\" clickurl=\"\" clicktarget=\"\" player=\"4\" autoplay=\"false\" loop=\"false\" autorewind=\"true\" splashimage=\"\" skin=\"\" \/] [icon color=\"Accent-Color\" size=\"regular\" image=\"steadysets-icon-chat\"] Contexto spot narran el final de una historia de malos tratos y lo hace desde tres puntos de vista diferentes: el de la mujer maltratada, el del maltratador y\u2026","rel":"","context":"En \u00ab2006\u00bb","block_context":{"text":"2006","link":"https:\/\/estrategica.com.co\/blog\/category\/ano\/2006\/"},"img":{"alt_text":"","src":"","width":0,"height":0},"classes":[]},{"id":15251,"url":"https:\/\/estrategica.com.co\/blog\/av189\/","url_meta":{"origin":15893,"position":4},"title":"\u00c9L- Gobierno de Espa\u00f1a","author":"Juliana","date":"abril 17, 2011","format":false,"excerpt":"[hana-flv-player video=\"\/blog\/wp-content\/uploads\/2009\/01\/videos_ultimos\/av189.flv\" width=\"550\" height=\"\" description=\"\u00c9L- Gobierno de Espa\u00f1a\" clickurl=\"\" clicktarget=\"\" player=\"4\" autoplay=\"false\" loop=\"false\" autorewind=\"true\" splashimage=\"\" skin=\"\" \/] [icon color=\"Accent-Color\" size=\"regular\" image=\"steadysets-icon-chat\"] Contexto Spot del Ministerio de Trabajo y Asuntos Sociales de Espa\u00f1a, en el a\u00f1o 2007, para promocionar las acciones que se desprenden contra la ley que lucha contra los\u2026","rel":"","context":"En \u00ab2007\u00bb","block_context":{"text":"2007","link":"https:\/\/estrategica.com.co\/blog\/category\/ano\/2007\/"},"img":{"alt_text":"","src":"https:\/\/i0.wp.com\/estrategica.com.co\/blog\/wp-content\/uploads\/2009\/05\/av189_thumb.png?fit=441%2C258&ssl=1&resize=350%2C200","width":350,"height":200},"classes":[]},{"id":15255,"url":"https:\/\/estrategica.com.co\/blog\/av190\/","url_meta":{"origin":15893,"position":5},"title":"Ellos &#8211; Gobierno de Espa\u00f1a","author":"Juliana","date":"abril 17, 2011","format":false,"excerpt":"[hana-flv-player video=\"\/blog\/wp-content\/uploads\/2009\/01\/videos_ultimos\/av190.flv\" width=\"550\" height=\"\" description=\"Ellos - Gobierno de Espa\u00f1a\" clickurl=\"\" clicktarget=\"\" player=\"4\" autoplay=\"false\" loop=\"false\" autorewind=\"true\" splashimage=\"\" skin=\"\" \/] [icon color=\"Accent-Color\" size=\"regular\" image=\"steadysets-icon-chat\"] Contexto Spot del Ministerio de Trabajo y Asuntos Sociales de Espa\u00f1a, en el a\u00f1o 2007, para promocionar las acciones que se desprenden contra la ley que lucha contra\u2026","rel":"","context":"En \u00ab2007\u00bb","block_context":{"text":"2007","link":"https:\/\/estrategica.com.co\/blog\/category\/ano\/2007\/"},"img":{"alt_text":"","src":"https:\/\/i0.wp.com\/estrategica.com.co\/blog\/wp-content\/uploads\/2009\/05\/av190_thumb.png?fit=398%2C254&ssl=1&resize=350%2C200","width":350,"height":200},"classes":[]}],"jetpack_sharing_enabled":true,"_links":{"self":[{"href":"https:\/\/estrategica.com.co\/blog\/wp-json\/wp\/v2\/posts\/15893","targetHints":{"allow":["GET"]}}],"collection":[{"href":"https:\/\/estrategica.com.co\/blog\/wp-json\/wp\/v2\/posts"}],"about":[{"href":"https:\/\/estrategica.com.co\/blog\/wp-json\/wp\/v2\/types\/post"}],"author":[{"embeddable":true,"href":"https:\/\/estrategica.com.co\/blog\/wp-json\/wp\/v2\/users\/5"}],"replies":[{"embeddable":true,"href":"https:\/\/estrategica.com.co\/blog\/wp-json\/wp\/v2\/comments?post=15893"}],"version-history":[{"count":7,"href":"https:\/\/estrategica.com.co\/blog\/wp-json\/wp\/v2\/posts\/15893\/revisions"}],"predecessor-version":[{"id":60664,"href":"https:\/\/estrategica.com.co\/blog\/wp-json\/wp\/v2\/posts\/15893\/revisions\/60664"}],"wp:featuredmedia":[{"embeddable":true,"href":"https:\/\/estrategica.com.co\/blog\/wp-json\/wp\/v2\/media\/15894"}],"wp:attachment":[{"href":"https:\/\/estrategica.com.co\/blog\/wp-json\/wp\/v2\/media?parent=15893"}],"wp:term":[{"taxonomy":"category","embeddable":true,"href":"https:\/\/estrategica.com.co\/blog\/wp-json\/wp\/v2\/categories?post=15893"},{"taxonomy":"post_tag","embeddable":true,"href":"https:\/\/estrategica.com.co\/blog\/wp-json\/wp\/v2\/tags?post=15893"}],"curies":[{"name":"wp","href":"https:\/\/api.w.org\/{rel}","templated":true}]}}