{"id":16798,"date":"2009-06-23T15:35:21","date_gmt":"2009-06-23T15:35:21","guid":{"rendered":"http:\/\/estrategica.com.co\/blog\/?p=16798"},"modified":"2014-12-19T16:35:34","modified_gmt":"2014-12-19T21:35:34","slug":"afichesen-el-muro-kammerath","status":"publish","type":"post","link":"https:\/\/estrategica.com.co\/blog\/afichesen-el-muro-kammerath\/","title":{"rendered":"Afiches en el Muro &#8211; Kammerath"},"content":{"rendered":"<p> <script type='text\/javascript' src='https:\/\/estrategica.com.co\/blog\/wp-content\/plugins\/hana-flv-player\/flowplayer3\/example\/flowplayer-3.2.6.min.js'><\/script>\n<div >\n<div id='hana_flv_flow3_1' style='display:block;width:550px;height:413px;background-color:#555555;color:#ffffff;padding:0' title=\"*Video:afiches en el muro - kammerath\"><\/div>\n<\/div>\n\n<script  type='text\/javascript'>\nif (typeof g_hanaFlash !== 'undefined' && !g_hanaFlash){\n    jQuery('#hana_flv_flow3_1').css( 'padding', '5px' );\n\tjQuery('#hana_flv_flow3_1').html(\"<span class='inactive_message' style='display:block'>Sorry, your browser does not support Flash Video Player<\/span> *Video:afiches en el muro - kammerath\");\n}else{\t\t\t\n\t\tflowplayer('hana_flv_flow3_1', { src: 'https:\/\/estrategica.com.co\/blog\/wp-content\/plugins\/hana-flv-player\/flowplayer3\/flowplayer-3.2.7.swf', wmode: 'transparent' }, { \n\n\t\t\tcanvas: { backgroundColor: '#000000', backgroundGradient: 'none',},\n    \t\tclip:  { \n    \t\t\turl: '\/blog\/wp-content\/uploads\/2009\/01\/videosultimosconver\/Afiches.flv',\n        \t\tscaling: 'fit', autoPlay: false, autoBuffering: true \n\t\t\t\t   , onFinish : function () { this.seek(0); }  \n\n\t        }\n\n\t\t});\n}\n<\/script><br \/>\n<\/br><\/p>\n<p>[icon color=\u00bbAccent-Color\u00bb size=\u00bbregular\u00bb image=\u00bbsteadysets-icon-chat\u00bb] <strong>Contexto<\/strong><\/br><\/br><\/p>\n<p style=\"text-align: justify;\">Spot de la campa\u00f1a de German Kammerath para la campa\u00f1a de Alcalde en C\u00f3rdoba, durante la contienda electoral de 1999. La pieza es atractiva y visualmente bien desarrollada, mezcla humor y mensaje lo cual es muy rentable en materia de recordaci\u00f3n.<\/p><\/p>\n","protected":false},"excerpt":{"rendered":"<p>*Video: afiches en el muro &#8211; kammerath [icon color=\u00bbAccent-Color\u00bb size=\u00bbregular\u00bb image=\u00bbsteadysets-icon-chat\u00bb] Contexto Spot de la campa\u00f1a de German Kammerath para la campa\u00f1a de Alcalde en C\u00f3rdoba, durante la contienda electoral de 1999. La pieza es atractiva y visualmente bien desarrollada, mezcla humor y mensaje lo cual es muy rentable en materia de recordaci\u00f3n.<\/p>\n","protected":false},"author":4,"featured_media":16799,"comment_status":"open","ping_status":"open","sticky":false,"template":"","format":"standard","meta":{"_et_pb_use_builder":"","_et_pb_old_content":"","_et_gb_content_width":"","advanced_seo_description":"","jetpack_seo_html_title":"","jetpack_seo_noindex":false,"footnotes":""},"categories":[24,59,34,10,11,3],"tags":[286,616],"class_list":["post-16798","post","type-post","status-publish","format-standard","has-post-thumbnail","hentry","category-argentina","category-campana-uninominal","category-electoral","category-geo","category-temas","category-video","tag-elecciones-1999","tag-german-kammerath"],"jetpack_featured_media_url":"https:\/\/i0.wp.com\/estrategica.com.co\/blog\/wp-content\/uploads\/2009\/06\/afiches_thumb.png?fit=441%2C328&ssl=1","jetpack_shortlink":"https:\/\/wp.me\/p4wgsh-4mW","jetpack-related-posts":[{"id":2461,"url":"https:\/\/estrategica.com.co\/blog\/campana_presidencial_frei_bolivar_1999\/","url_meta":{"origin":16798,"position":0},"title":"\u00a1Uno como Usted! &#8211; Frei","author":"Juliana","date":"noviembre 13, 2010","format":false,"excerpt":"[hana-flv-player video=\"\/blog\/wp-content\/uploads\/2009\/01\/CHILE\/Campana_Presidencial_Frei_Bolivar_1999.flv\" width=\"550\" height=\"\" description=\"\u00a1Uno como Usted! - Frei\" clickurl=\"\" clicktarget=\"\" player=\"4\" autoplay=\"false\" loop=\"false\" autorewind=\"true\" splashimage=\"\" skin=\"\" \/] [icon color=\"Accent-Color\" size=\"regular\" image=\"steadysets-icon-chat\"] Contexto Spot de la campa\u00f1a de Arturo Frei Bolivar a la Presidencia de Chile, durante la contienda electoral de 1999, present\u00e1ndose como independiente. El spot grafica el Jingle\u2026","rel":"","context":"En \u00ab1999\u00bb","block_context":{"text":"1999","link":"https:\/\/estrategica.com.co\/blog\/category\/ano\/1999\/"},"img":{"alt_text":"","src":"https:\/\/i0.wp.com\/estrategica.com.co\/blog\/wp-content\/uploads\/2009\/01\/campana_presidencial_frei_bolivar_1999_thumb.png?fit=315%2C215&ssl=1&resize=350%2C200","width":350,"height":200},"classes":[]},{"id":11096,"url":"https:\/\/estrategica.com.co\/blog\/cambio-autentico-roque\/","url_meta":{"origin":16798,"position":1},"title":"Cambio Aut\u00e9ntico &#8211; Roque","author":"Juliana","date":"abril 17, 2011","format":false,"excerpt":"[hana-flv-player video=\"\/blog\/wp-content\/uploads\/2009\/01\/carpeta_muchos_varios\/MexicoPRIHumbertoRoque99.flv\" width=\"550\" height=\"\" description=\"Cambio Aut\u00e9ntico - Roque\" clickurl=\"\" clicktarget=\"\" player=\"4\" autoplay=\"false\" loop=\"false\" autorewind=\"true\" splashimage=\"\" skin=\"\" \/] [icon color=\"Accent-Color\" size=\"regular\" image=\"steadysets-icon-chat\"] Contexto Spot de la campa\u00f1a de Humberto Roque Villanueva\u00a0en la consulta interna del PRI en 1999 en M\u00e9xico. La contienda fue finalmente ganada por Francisco Labastida.","rel":"","context":"En \u00ab1999\u00bb","block_context":{"text":"1999","link":"https:\/\/estrategica.com.co\/blog\/category\/ano\/1999\/"},"img":{"alt_text":"","src":"https:\/\/i0.wp.com\/estrategica.com.co\/blog\/wp-content\/uploads\/2009\/04\/mexicoprihumbertoroque99_thumb.png?fit=332%2C241&ssl=1&resize=350%2C200","width":350,"height":200},"classes":[]},{"id":16883,"url":"https:\/\/estrategica.com.co\/blog\/para-volver-a-vivir-batlle\/","url_meta":{"origin":16798,"position":2},"title":"Para Volver a Vivir &#8211; Batlle","author":"estrategica.com","date":"noviembre 13, 2009","format":false,"excerpt":"[hana-flv-player video=\"\/blog\/wp-content\/uploads\/2009\/01\/videosultimosconver\/Batlle_para_volver_a_vivir.flv\" width=\"550\" height=\"\" description=\"Para Volver a Vivir - Batlle\" clickurl=\"\" clicktarget=\"\" player=\"4\" autoplay=\"false\" loop=\"false\" autorewind=\"true\" splashimage=\"\" skin=\"\" \/] [icon color=\"Accent-Color\" size=\"regular\" image=\"steadysets-icon-chat\"] Contexto Spot de la campa\u00f1a de Jorge Batlle a la Presidencia de Uruguay durante la contienda electoral de 1999. El slogan era \u201cPara Volver a Vivir\u201d y\u2026","rel":"","context":"En \u00abCampa\u00f1a Presidencial\u00bb","block_context":{"text":"Campa\u00f1a Presidencial","link":"https:\/\/estrategica.com.co\/blog\/category\/temas\/campana-presidencial\/"},"img":{"alt_text":"","src":"https:\/\/i0.wp.com\/estrategica.com.co\/blog\/wp-content\/uploads\/2009\/06\/batlle_para_volver_a_vivir_thumb.png?fit=399%2C333&ssl=1&resize=350%2C200","width":350,"height":200},"classes":[]},{"id":13960,"url":"https:\/\/estrategica.com.co\/blog\/garantia-de-buen-gobierno-cavallo\/","url_meta":{"origin":16798,"position":3},"title":"Garantia de Buen Gobierno &#8211; Cavallo","author":"estrategica.com","date":"junio 6, 2010","format":false,"excerpt":"[hana-flv-player video=\"\/blog\/wp-content\/uploads\/2009\/01\/videos_ultimos\/av052.flv\" width=\"550\" height=\"\" description=\"Garantia de Buen Gobierno - Cavallo\" clickurl=\"\" clicktarget=\"\" player=\"4\" autoplay=\"false\" loop=\"false\" autorewind=\"true\" splashimage=\"\" skin=\"\" \/] [icon color=\"Accent-Color\" size=\"regular\" image=\"steadysets-icon-chat\"] Contexto Spot de la campa\u00f1a de Domingo Cavallo a la Presidencia de Argentina durante la contienda electoral 1999. En dicho certamen Cavallo obtuvo 2 millones de votos\u2026","rel":"","context":"En \u00abArgentina\u00bb","block_context":{"text":"Argentina","link":"https:\/\/estrategica.com.co\/blog\/category\/geo\/america\/argentina\/"},"img":{"alt_text":"","src":"https:\/\/i0.wp.com\/estrategica.com.co\/blog\/wp-content\/uploads\/2009\/05\/av052_thumb.png?fit=386%2C274&ssl=1&resize=350%2C200","width":350,"height":200},"classes":[]},{"id":23641,"url":"https:\/\/estrategica.com.co\/blog\/con-tu-voto-mas-voto-lavin\/","url_meta":{"origin":16798,"position":4},"title":"Con tu voto m\u00e1s un voto &#8211; Lav\u00edn","author":"Juliana","date":"noviembre 7, 2010","format":false,"excerpt":"[hana-flv-player video=\"\/blog\/wp-content\/uploads\/2009\/01\/20100708\/JOAQUINLAVIN.flv\" width=\"550\" height=\"\" description=\"Con tu voto m\u00e1s un voto - Lav\u00edn\" clickurl=\"\" clicktarget=\"\" player=\"4\" autoplay=\"false\" loop=\"false\" autorewind=\"true\" splashimage=\"\" skin=\"\" \/] [icon color=\"Accent-Color\" size=\"regular\" image=\"steadysets-icon-chat\"] Contexto Spot de campa\u00f1a de Joaqu\u00edn Lav\u00edn para las elecciones presidenciales chilenas de 1999. En esta campa\u00f1a Lav\u00edn representaba el cambio, no en vano su\u2026","rel":"","context":"En \u00ab1999\u00bb","block_context":{"text":"1999","link":"https:\/\/estrategica.com.co\/blog\/category\/ano\/1999\/"},"img":{"alt_text":"","src":"https:\/\/i0.wp.com\/estrategica.com.co\/blog\/wp-content\/uploads\/2010\/07\/JOAQUINLAVIN_thumb.png?fit=598%2C486&ssl=1&resize=350%2C200","width":350,"height":200},"classes":[]},{"id":23644,"url":"https:\/\/estrategica.com.co\/blog\/joaquinlavininfante\/","url_meta":{"origin":16798,"position":5},"title":"Vientos de Cambio &#8211; Lav\u00edn","author":"Juliana","date":"noviembre 7, 2010","format":false,"excerpt":"[hana-flv-player video=\"\/blog\/wp-content\/uploads\/2009\/01\/20100708\/JOAQUINLAVININFANTE.flv\" width=\"550\" height=\"\" description=\"Vientos de Cambio - Lav\u00edn\" clickurl=\"\" clicktarget=\"\" player=\"4\" autoplay=\"false\" loop=\"false\" autorewind=\"true\" splashimage=\"\" skin=\"\" \/] [icon color=\"Accent-Color\" size=\"regular\" image=\"steadysets-icon-chat\"] Contexto Spot de campa\u00f1a de Joaqu\u00edn Lav\u00edn para las elecciones presidenciales chilenas de 1999. En esta campa\u00f1a Lav\u00edn representaba el cambio, no en vano su slogan de campa\u00f1a\u2026","rel":"","context":"En \u00ab1999\u00bb","block_context":{"text":"1999","link":"https:\/\/estrategica.com.co\/blog\/category\/ano\/1999\/"},"img":{"alt_text":"","src":"https:\/\/i0.wp.com\/estrategica.com.co\/blog\/wp-content\/uploads\/2010\/07\/JOAQUINLAVININFANTE_thumb.png?fit=578%2C505&ssl=1&resize=350%2C200","width":350,"height":200},"classes":[]}],"jetpack_sharing_enabled":true,"_links":{"self":[{"href":"https:\/\/estrategica.com.co\/blog\/wp-json\/wp\/v2\/posts\/16798","targetHints":{"allow":["GET"]}}],"collection":[{"href":"https:\/\/estrategica.com.co\/blog\/wp-json\/wp\/v2\/posts"}],"about":[{"href":"https:\/\/estrategica.com.co\/blog\/wp-json\/wp\/v2\/types\/post"}],"author":[{"embeddable":true,"href":"https:\/\/estrategica.com.co\/blog\/wp-json\/wp\/v2\/users\/4"}],"replies":[{"embeddable":true,"href":"https:\/\/estrategica.com.co\/blog\/wp-json\/wp\/v2\/comments?post=16798"}],"version-history":[{"count":14,"href":"https:\/\/estrategica.com.co\/blog\/wp-json\/wp\/v2\/posts\/16798\/revisions"}],"predecessor-version":[{"id":45237,"href":"https:\/\/estrategica.com.co\/blog\/wp-json\/wp\/v2\/posts\/16798\/revisions\/45237"}],"wp:featuredmedia":[{"embeddable":true,"href":"https:\/\/estrategica.com.co\/blog\/wp-json\/wp\/v2\/media\/16799"}],"wp:attachment":[{"href":"https:\/\/estrategica.com.co\/blog\/wp-json\/wp\/v2\/media?parent=16798"}],"wp:term":[{"taxonomy":"category","embeddable":true,"href":"https:\/\/estrategica.com.co\/blog\/wp-json\/wp\/v2\/categories?post=16798"},{"taxonomy":"post_tag","embeddable":true,"href":"https:\/\/estrategica.com.co\/blog\/wp-json\/wp\/v2\/tags?post=16798"}],"curies":[{"name":"wp","href":"https:\/\/api.w.org\/{rel}","templated":true}]}}