{"id":17292,"date":"2009-10-11T20:38:33","date_gmt":"2009-10-11T20:38:33","guid":{"rendered":"http:\/\/estrategica.com.co\/blog\/?p=17292"},"modified":"2014-10-24T16:28:04","modified_gmt":"2014-10-24T21:28:04","slug":"el-hambre-mata-unicef","status":"publish","type":"post","link":"https:\/\/estrategica.com.co\/blog\/el-hambre-mata-unicef\/","title":{"rendered":"El Hambre Mata &#8211; UNICEF"},"content":{"rendered":"<p> <script type='text\/javascript' src='https:\/\/estrategica.com.co\/blog\/wp-content\/plugins\/hana-flv-player\/flowplayer3\/example\/flowplayer-3.2.6.min.js'><\/script>\n<div >\n<div id='hana_flv_flow3_1' style='display:block;width:550px;height:413px;background-color:#555555;color:#ffffff;padding:0' title=\"*Video:el hambre mata - unicef\"><\/div>\n<\/div>\n\n<script  type='text\/javascript'>\nif (typeof g_hanaFlash !== 'undefined' && !g_hanaFlash){\n    jQuery('#hana_flv_flow3_1').css( 'padding', '5px' );\n\tjQuery('#hana_flv_flow3_1').html(\"<span class='inactive_message' style='display:block'>Sorry, your browser does not support Flash Video Player<\/span> *Video:el hambre mata - unicef\");\n}else{\t\t\t\n\t\tflowplayer('hana_flv_flow3_1', { src: 'https:\/\/estrategica.com.co\/blog\/wp-content\/plugins\/hana-flv-player\/flowplayer3\/flowplayer-3.2.7.swf', wmode: 'transparent' }, { \n\n\t\t\tcanvas: { backgroundColor: '#000000', backgroundGradient: 'none',},\n    \t\tclip:  { \n    \t\t\turl: '\/blog\/wp-content\/uploads\/2009\/01\/videosultimosconver\/El_hambra_mata._Spot.flv',\n        \t\tscaling: 'fit', autoPlay: false, autoBuffering: true \n\t\t\t\t   , onFinish : function () { this.seek(0); }  \n\n\t        }\n\n\t\t});\n}\n<\/script><br \/>\n<\/br><\/p>\n<p>[icon color=\u00bbAccent-Color\u00bb size=\u00bbregular\u00bb image=\u00bbsteadysets-icon-chat\u00bb] <strong>Contexto<\/strong><\/br><\/br><\/p>\n<p style=\"text-align: justify;\">Spot de UNICEF Francia para propiciar ayuda humanitaria para los ni\u00f1os de Irak. La pieza usa una bala convertida en biber\u00f3n para decir: el hambre mata a los ni\u00f1os de Irak. Una pieza bien lograda y con una capacidad de recordaci\u00f3n maravillosa por la sencillez de la grafica y la contundencia del mensaje.<\/p><\/p>\n","protected":false},"excerpt":{"rendered":"<p>*Video: el hambre mata &#8211; unicef [icon color=\u00bbAccent-Color\u00bb size=\u00bbregular\u00bb image=\u00bbsteadysets-icon-chat\u00bb] Contexto Spot de UNICEF Francia para propiciar ayuda humanitaria para los ni\u00f1os de Irak. La pieza usa una bala convertida en biber\u00f3n para decir: el hambre mata a los ni\u00f1os de Irak. Una pieza bien lograda y con una capacidad de recordaci\u00f3n maravillosa por la [&hellip;]<\/p>\n","protected":false},"author":5,"featured_media":17293,"comment_status":"open","ping_status":"open","sticky":false,"template":"","format":"standard","meta":{"_et_pb_use_builder":"","_et_pb_old_content":"","_et_gb_content_width":"","advanced_seo_description":"","jetpack_seo_html_title":"","jetpack_seo_noindex":false,"footnotes":""},"categories":[269,263,27,50,10,35,11,3],"tags":[172],"class_list":["post-17292","post","type-post","status-publish","format-standard","has-post-thumbnail","hentry","category-269","category-ano","category-divulgacion-politica","category-francia","category-geo","category-mensaje-politico","category-temas","category-video","tag-unicef"],"jetpack_featured_media_url":"https:\/\/i0.wp.com\/estrategica.com.co\/blog\/wp-content\/uploads\/2009\/06\/el_hambra_mata_spot_thumb.png?fit=545%2C476&ssl=1","jetpack_shortlink":"https:\/\/wp.me\/p4wgsh-4uU","jetpack-related-posts":[{"id":24604,"url":"https:\/\/estrategica.com.co\/blog\/cena-unicef\/","url_meta":{"origin":17292,"position":0},"title":"Cena &#8211; UNICEF","author":"Juliana","date":"julio 24, 2010","format":false,"excerpt":"[hana-flv-player video=\"\/blog\/wp-content\/uploads\/2009\/01\/20100708\/UNICEF1.flv\" width=\"550\" height=\"\" description=\"Cena - UNICEF\" clickurl=\"\" clicktarget=\"\" player=\"4\" autoplay=\"false\" loop=\"false\" autorewind=\"true\" splashimage=\"\" skin=\"\" \/] [icon color=\"Accent-Color\" size=\"regular\" image=\"steadysets-icon-chat\"] Contexto Spot de UNICEF Praga en el a\u00f1o 2010 realizado con el objeto de evidenciar la realidad de la miseria y la indiferencia con la que los ciudadanos de los\u2026","rel":"","context":"En \u00ab2010\u00bb","block_context":{"text":"2010","link":"https:\/\/estrategica.com.co\/blog\/category\/ano\/2010\/"},"img":{"alt_text":"","src":"https:\/\/i0.wp.com\/estrategica.com.co\/blog\/wp-content\/uploads\/2010\/07\/UNICEF1_thumb.png?fit=597%2C397&ssl=1&resize=350%2C200","width":350,"height":200},"classes":[]},{"id":24607,"url":"https:\/\/estrategica.com.co\/blog\/cuna-unicef\/","url_meta":{"origin":17292,"position":1},"title":"Cuna &#8211; UNICEF","author":"Juliana","date":"julio 24, 2010","format":false,"excerpt":"[hana-flv-player video=\"\/blog\/wp-content\/uploads\/2009\/01\/20100708\/UNICEF2.flv\" width=\"550\" height=\"\" description=\"Cuna - UNICEF\" clickurl=\"\" clicktarget=\"\" player=\"4\" autoplay=\"false\" loop=\"false\" autorewind=\"true\" splashimage=\"\" skin=\"\" \/] [icon color=\"Accent-Color\" size=\"regular\" image=\"steadysets-icon-chat\"] Contexto Spot de UNICEF Praga en el a\u00f1o 2010 realizado con el objeto de evidenciar la realidad de la miseria y la indiferencia con la que los ciudadanos de los\u2026","rel":"","context":"En \u00ab2010\u00bb","block_context":{"text":"2010","link":"https:\/\/estrategica.com.co\/blog\/category\/ano\/2010\/"},"img":{"alt_text":"","src":"https:\/\/i0.wp.com\/estrategica.com.co\/blog\/wp-content\/uploads\/2010\/07\/UNICEF2_thumb.png?fit=526%2C463&ssl=1&resize=350%2C200","width":350,"height":200},"classes":[]},{"id":23999,"url":"https:\/\/estrategica.com.co\/blog\/corto-de-pelicula-unicef\/","url_meta":{"origin":17292,"position":2},"title":"Corto de Pel\u00edcula &#8211; UNICEF","author":"Juliana","date":"noviembre 16, 2010","format":false,"excerpt":"[hana-flv-player video=\"\/blog\/wp-content\/uploads\/2009\/01\/20100708\/PlayingUnicefSavethAIDSvictims.flv\" width=\"550\" height=\"\" description=\"Corto de Pel\u00edcula - UNICEF\" clickurl=\"\" clicktarget=\"\" player=\"4\" autoplay=\"false\" loop=\"false\" autorewind=\"true\" splashimage=\"\" skin=\"\" \/] [icon color=\"Accent-Color\" size=\"regular\" image=\"steadysets-icon-chat\"] Contexto Spot de UNICEF Suiza en el a\u00f1o 2007 para concientizar sobre la ayuda a las victimas del SIDA. La pieza muestra una est\u00e9tica cinematogr\u00e1fica para evidenciar una\u2026","rel":"","context":"En \u00ab2007\u00bb","block_context":{"text":"2007","link":"https:\/\/estrategica.com.co\/blog\/category\/ano\/2007\/"},"img":{"alt_text":"","src":"https:\/\/i0.wp.com\/estrategica.com.co\/blog\/wp-content\/uploads\/2010\/07\/PlayingUnicefSavethAIDSvictims_thumb.png?fit=490%2C307&ssl=1&resize=350%2C200","width":350,"height":200},"classes":[]},{"id":23269,"url":"https:\/\/estrategica.com.co\/blog\/juegos-de-agua-unicef\/","url_meta":{"origin":17292,"position":3},"title":"Juegos de Agua &#8211; UNICEF","author":"Juliana","date":"abril 14, 2011","format":false,"excerpt":"[hana-flv-player video=\"\/blog\/wp-content\/uploads\/2009\/01\/20100708\/CleaWaterandUnicefTVcommercial.flv\" width=\"550\" height=\"\" description=\"Juegos de Agua - UNICEF\" clickurl=\"\" clicktarget=\"\" player=\"4\" autoplay=\"false\" loop=\"false\" autorewind=\"true\" splashimage=\"\" skin=\"\" \/] [icon color=\"Accent-Color\" size=\"regular\" image=\"steadysets-icon-chat\"] Contexto Spot de UNICEF, en el a\u00f1o 2009, para promocionar el acceso a agua pura a los ni\u00f1os. Es una pieza atractiva, moderna y con una vocaci\u00f3n de\u2026","rel":"","context":"En \u00ab2009\u00bb","block_context":{"text":"2009","link":"https:\/\/estrategica.com.co\/blog\/category\/ano\/2009\/"},"img":{"alt_text":"","src":"https:\/\/i0.wp.com\/estrategica.com.co\/blog\/wp-content\/uploads\/2010\/07\/CleaWaterandUnicefTVcommercial_thumb.png?fit=500%2C401&ssl=1&resize=350%2C200","width":350,"height":200},"classes":[]},{"id":15574,"url":"https:\/\/estrategica.com.co\/blog\/tu-piel-unicef\/","url_meta":{"origin":17292,"position":4},"title":"Tu Piel &#8211; UNICEF","author":"Juliana","date":"junio 15, 2009","format":false,"excerpt":"[hana-flv-player video=\"\/blog\/wp-content\/uploads\/2009\/01\/videos_ultimos\/av263.flv\" width=\"550\" height=\"\" description=\"Tu Piel - UNICEF\" clickurl=\"\" clicktarget=\"\" player=\"4\" autoplay=\"false\" loop=\"false\" autorewind=\"true\" splashimage=\"\" skin=\"\" \/] [icon color=\"Accent-Color\" size=\"regular\" image=\"steadysets-icon-chat\"] Contexto Spot de UNICEF en al a\u00f1o 2007. La pieza muestra una serie de im\u00e1genes est\u00e1ticas, en blanco y negro, en donde aparecen ni\u00f1os de todas las razas nacionalidades\u2026","rel":"","context":"En \u00ab2007\u00bb","block_context":{"text":"2007","link":"https:\/\/estrategica.com.co\/blog\/category\/ano\/2007\/"},"img":{"alt_text":"","src":"https:\/\/i0.wp.com\/estrategica.com.co\/blog\/wp-content\/uploads\/2009\/05\/av263_thumb.png?fit=393%2C372&ssl=1&resize=350%2C200","width":350,"height":200},"classes":[]},{"id":18229,"url":"https:\/\/estrategica.com.co\/blog\/diego-torres-%e2%80%93-maltrato-infantil-unicef\/","url_meta":{"origin":17292,"position":5},"title":"Diego Torres \u2013 Maltrato Infantil &#8211; UNICEF","author":"Juliana","date":"junio 26, 2009","format":false,"excerpt":"[hana-flv-player video=\"\/blog\/wp-content\/uploads\/2009\/01\/videosultimosconver\/UNICEFDiegoTorres.flv\" width=\"550\" height=\"\" description=\"Diego Torres \u2013 Maltrato Infantil - UNICEF\" clickurl=\"\" clicktarget=\"\" player=\"4\" autoplay=\"false\" loop=\"false\" autorewind=\"true\" splashimage=\"\" skin=\"\" \/] [icon color=\"Accent-Color\" size=\"regular\" image=\"steadysets-icon-chat\"] Contexto Spot de UNICEF del a\u00f1o 2007 en el cual el cantante argentino Diego Torres asume la vocer\u00eda para posicionar un mensaje contra el maltrato infantil.\u2026","rel":"","context":"En \u00ab2007\u00bb","block_context":{"text":"2007","link":"https:\/\/estrategica.com.co\/blog\/category\/ano\/2007\/"},"img":{"alt_text":"","src":"https:\/\/i0.wp.com\/estrategica.com.co\/blog\/wp-content\/uploads\/2009\/06\/unicefdiegotorres_thumb.png?fit=591%2C411&ssl=1&resize=350%2C200","width":350,"height":200},"classes":[]}],"jetpack_sharing_enabled":true,"_links":{"self":[{"href":"https:\/\/estrategica.com.co\/blog\/wp-json\/wp\/v2\/posts\/17292","targetHints":{"allow":["GET"]}}],"collection":[{"href":"https:\/\/estrategica.com.co\/blog\/wp-json\/wp\/v2\/posts"}],"about":[{"href":"https:\/\/estrategica.com.co\/blog\/wp-json\/wp\/v2\/types\/post"}],"author":[{"embeddable":true,"href":"https:\/\/estrategica.com.co\/blog\/wp-json\/wp\/v2\/users\/5"}],"replies":[{"embeddable":true,"href":"https:\/\/estrategica.com.co\/blog\/wp-json\/wp\/v2\/comments?post=17292"}],"version-history":[{"count":6,"href":"https:\/\/estrategica.com.co\/blog\/wp-json\/wp\/v2\/posts\/17292\/revisions"}],"predecessor-version":[{"id":44685,"href":"https:\/\/estrategica.com.co\/blog\/wp-json\/wp\/v2\/posts\/17292\/revisions\/44685"}],"wp:featuredmedia":[{"embeddable":true,"href":"https:\/\/estrategica.com.co\/blog\/wp-json\/wp\/v2\/media\/17293"}],"wp:attachment":[{"href":"https:\/\/estrategica.com.co\/blog\/wp-json\/wp\/v2\/media?parent=17292"}],"wp:term":[{"taxonomy":"category","embeddable":true,"href":"https:\/\/estrategica.com.co\/blog\/wp-json\/wp\/v2\/categories?post=17292"},{"taxonomy":"post_tag","embeddable":true,"href":"https:\/\/estrategica.com.co\/blog\/wp-json\/wp\/v2\/tags?post=17292"}],"curies":[{"name":"wp","href":"https:\/\/api.w.org\/{rel}","templated":true}]}}