{"id":17313,"date":"2009-09-02T13:41:01","date_gmt":"2009-09-02T13:41:01","guid":{"rendered":"http:\/\/estrategica.com.co\/blog\/?p=17313"},"modified":"2014-11-06T12:33:50","modified_gmt":"2014-11-06T17:33:50","slug":"estamos-en-rojo-rosales","status":"publish","type":"post","link":"https:\/\/estrategica.com.co\/blog\/estamos-en-rojo-rosales\/","title":{"rendered":"Estamos en Rojo &#8211; Rosales"},"content":{"rendered":"<p> <script type='text\/javascript' src='https:\/\/estrategica.com.co\/blog\/wp-content\/plugins\/hana-flv-player\/flowplayer3\/example\/flowplayer-3.2.6.min.js'><\/script>\n<div >\n<div id='hana_flv_flow3_1' style='display:block;width:550px;height:413px;background-color:#555555;color:#ffffff;padding:0' title=\"*Video:estamos en rojo - rosales\"><\/div>\n<\/div>\n\n<script  type='text\/javascript'>\nif (typeof g_hanaFlash !== 'undefined' && !g_hanaFlash){\n    jQuery('#hana_flv_flow3_1').css( 'padding', '5px' );\n\tjQuery('#hana_flv_flow3_1').html(\"<span class='inactive_message' style='display:block'>Sorry, your browser does not support Flash Video Player<\/span> *Video:estamos en rojo - rosales\");\n}else{\t\t\t\n\t\tflowplayer('hana_flv_flow3_1', { src: 'https:\/\/estrategica.com.co\/blog\/wp-content\/plugins\/hana-flv-player\/flowplayer3\/flowplayer-3.2.7.swf', wmode: 'transparent' }, { \n\n\t\t\tcanvas: { backgroundColor: '#000000', backgroundGradient: 'none',},\n    \t\tclip:  { \n    \t\t\turl: '\/blog\/wp-content\/uploads\/2009\/01\/videosultimosconver\/estamosenrojo.flv',\n        \t\tscaling: 'fit', autoPlay: false, autoBuffering: true \n\t\t\t\t   , onFinish : function () { this.seek(0); }  \n\n\t        }\n\n\t\t});\n}\n<\/script><br \/>\n<\/br><\/p>\n<p>[icon color=\u00bbAccent-Color\u00bb size=\u00bbregular\u00bb image=\u00bbsteadysets-icon-chat\u00bb] <strong>Contexto<\/strong><\/br><\/br><\/p>\n<p style=\"text-align: justify;\">Spot de la campa\u00f1a de Manuel Rosales en las elecciones presidenciales de 2006 en Venezuela. Su aspiraci\u00f3n fue presentada a nombre de una coalici\u00f3n de 44 organizaciones opositoras que fue conocida como \u201cCandidato Opositor de Unidad\u201d. El slogan de campa\u00f1a fue \u201cAtr\u00e9vete\u201d. El spot que vemos posiciona el mensaje de que el petr\u00f3leo venezolano tiene que ser invertido en empleo y oportunidades para la gente, enfatizando, as\u00ed, que el petr\u00f3leo no se regala que es una de las acusaciones de la oposici\u00f3n es esta contienda. La idea parece ser la de una tarjeta con la que la poblaci\u00f3n podr\u00e1 acceder directamente a los subsidios generados por la riqueza petrolera. En las elecciones result\u00f3 elegido Hugo Ch\u00e1vez con el 62,89% de los votos contra el 36,85% de Rosales.<\/p><\/p>\n","protected":false},"excerpt":{"rendered":"<p>*Video: estamos en rojo &#8211; rosales [icon color=\u00bbAccent-Color\u00bb size=\u00bbregular\u00bb image=\u00bbsteadysets-icon-chat\u00bb] Contexto Spot de la campa\u00f1a de Manuel Rosales en las elecciones presidenciales de 2006 en Venezuela. Su aspiraci\u00f3n fue presentada a nombre de una coalici\u00f3n de 44 organizaciones opositoras que fue conocida como \u201cCandidato Opositor de Unidad\u201d. El slogan de campa\u00f1a fue \u201cAtr\u00e9vete\u201d. El spot [&hellip;]<\/p>\n","protected":false},"author":5,"featured_media":17314,"comment_status":"open","ping_status":"open","sticky":false,"template":"","format":"standard","meta":{"_et_pb_use_builder":"","_et_pb_old_content":"","_et_gb_content_width":"","advanced_seo_description":"","jetpack_seo_html_title":"","jetpack_seo_noindex":false,"footnotes":""},"categories":[57,34,10,11,61,3],"tags":[196,604],"class_list":["post-17313","post","type-post","status-publish","format-standard","has-post-thumbnail","hentry","category-campana-presidencial","category-electoral","category-geo","category-temas","category-venezuela","category-video","tag-elecciones-2006","tag-manuel-rosales"],"jetpack_featured_media_url":"https:\/\/i0.wp.com\/estrategica.com.co\/blog\/wp-content\/uploads\/2009\/06\/estamosenrojo_thumb.png?fit=694%2C529&ssl=1","jetpack_shortlink":"https:\/\/wp.me\/p4wgsh-4vf","jetpack-related-posts":[{"id":15744,"url":"https:\/\/estrategica.com.co\/blog\/carta-de-amor-rosales\/","url_meta":{"origin":17313,"position":0},"title":"Carta de Amor &#8211; Rosales","author":"Juliana","date":"junio 14, 2009","format":false,"excerpt":"[hana-flv-player video=\"\/blog\/wp-content\/uploads\/2009\/01\/videos_ultimos\/av298.flv\" width=\"550\" height=\"\" description=\"Carta de Amor - Rosales\" clickurl=\"\" clicktarget=\"\" player=\"4\" autoplay=\"false\" loop=\"false\" autorewind=\"true\" splashimage=\"\" skin=\"\" \/] [icon color=\"Accent-Color\" size=\"regular\" image=\"steadysets-icon-chat\"] Contexto Spot de la campa\u00f1a de Manuel Rosales en las elecciones presidenciales de 2006 en Venezuela. Su aspiraci\u00f3n fue presentada a nombre de una coalici\u00f3n de 44 organizaciones\u2026","rel":"","context":"En \u00abCampa\u00f1a Presidencial\u00bb","block_context":{"text":"Campa\u00f1a Presidencial","link":"https:\/\/estrategica.com.co\/blog\/category\/temas\/campana-presidencial\/"},"img":{"alt_text":"","src":"https:\/\/i0.wp.com\/estrategica.com.co\/blog\/wp-content\/uploads\/2009\/05\/av298_thumb.png?fit=448%2C316&ssl=1&resize=350%2C200","width":350,"height":200},"classes":[]},{"id":15263,"url":"https:\/\/estrategica.com.co\/blog\/primero-los-venezolanos-rosales\/","url_meta":{"origin":17313,"position":1},"title":"Primero los Venezolanos &#8211; Rosales","author":"Juliana","date":"junio 6, 2010","format":false,"excerpt":"[hana-flv-player video=\"\/blog\/wp-content\/uploads\/2009\/01\/videos_ultimos\/av192.flv\" width=\"550\" height=\"\" description=\"Primero los Venezolanos - Rosales\" clickurl=\"\" clicktarget=\"\" player=\"4\" autoplay=\"false\" loop=\"false\" autorewind=\"true\" splashimage=\"\" skin=\"\" \/] [icon color=\"Accent-Color\" size=\"regular\" image=\"steadysets-icon-chat\"] Contexto Spot de la campa\u00f1a de Manuel Rosales en las elecciones presidenciales de 2006 en Venezuela. Su aspiraci\u00f3n fue presentada a nombre de una coalici\u00f3n de 44 organizaciones\u2026","rel":"","context":"En \u00ab2006\u00bb","block_context":{"text":"2006","link":"https:\/\/estrategica.com.co\/blog\/category\/ano\/2006\/"},"img":{"alt_text":"","src":"https:\/\/i0.wp.com\/estrategica.com.co\/blog\/wp-content\/uploads\/2009\/05\/av192_thumb.png?fit=457%2C351&ssl=1&resize=350%2C200","width":350,"height":200},"classes":[]},{"id":14006,"url":"https:\/\/estrategica.com.co\/blog\/av059\/","url_meta":{"origin":17313,"position":2},"title":"Y los Venezolanos? &#8211; Rosales","author":"estrategica.com","date":"abril 17, 2011","format":false,"excerpt":"[hana-flv-player video=\"\/blog\/wp-content\/uploads\/2009\/01\/videos_ultimos\/av059.flv\" width=\"550\" height=\"\" description=\"Y los Venezolanos? - Rosales\" clickurl=\"\" clicktarget=\"\" player=\"4\" autoplay=\"false\" loop=\"false\" autorewind=\"true\" splashimage=\"\" skin=\"\" \/] [icon color=\"Accent-Color\" size=\"regular\" image=\"steadysets-icon-chat\"] Contexto Spot de la campa\u00f1a de Manuel Rosales en las elecciones presidenciales de 2006 en Venezuela. Su aspiraci\u00f3n fue presentada a nombre de una coalici\u00f3n de 44 organizaciones\u2026","rel":"","context":"En \u00ab2006\u00bb","block_context":{"text":"2006","link":"https:\/\/estrategica.com.co\/blog\/category\/ano\/2006\/"},"img":{"alt_text":"","src":"https:\/\/i0.wp.com\/estrategica.com.co\/blog\/wp-content\/uploads\/2009\/05\/av059_thumb.png?fit=468%2C377&ssl=1&resize=350%2C200","width":350,"height":200},"classes":[]},{"id":17591,"url":"https:\/\/estrategica.com.co\/blog\/mi-negra-%e2%80%93-el-petroleo-no-se-regala-%e2%80%93-rosales\/","url_meta":{"origin":17313,"position":3},"title":"Mi Negra \u2013 El Petr\u00f3leo no se Regala \u2013 Rosales","author":"Juliana","date":"junio 20, 2009","format":false,"excerpt":"[hana-flv-player video=\"\/blog\/wp-content\/uploads\/2009\/01\/videosultimosconver\/minegra.flv\" width=\"550\" height=\"\" description=\"Mi Negra \u2013 El Petr\u00f3leo no se Regala \u2013 Rosales\" clickurl=\"\" clicktarget=\"\" player=\"4\" autoplay=\"false\" loop=\"false\" autorewind=\"true\" splashimage=\"\" skin=\"\" \/] [icon color=\"Accent-Color\" size=\"regular\" image=\"steadysets-icon-chat\"] Contexto Spot de la campa\u00f1a de Manuel Rosales en las elecciones presidenciales de 2006 en Venezuela. Su aspiraci\u00f3n fue presentada a nombre de\u2026","rel":"","context":"En \u00abCampa\u00f1a Presidencial\u00bb","block_context":{"text":"Campa\u00f1a Presidencial","link":"https:\/\/estrategica.com.co\/blog\/category\/temas\/campana-presidencial\/"},"img":{"alt_text":"","src":"https:\/\/i0.wp.com\/estrategica.com.co\/blog\/wp-content\/uploads\/2009\/06\/minegra_thumb.png?fit=669%2C514&ssl=1&resize=350%2C200","width":350,"height":200},"classes":[]},{"id":14050,"url":"https:\/\/estrategica.com.co\/blog\/gobernacion-del-zulia-rosales\/","url_meta":{"origin":17313,"position":4},"title":"Gobernaci\u00f3n del Zulia &#8211; Rosales","author":"estrategica.com","date":"junio 6, 2010","format":false,"excerpt":"[hana-flv-player video=\"\/blog\/wp-content\/uploads\/2009\/01\/videos_ultimos\/av065.flv\" width=\"550\" height=\"\" description=\"Gobernaci\u00f3n del Zulia - Rosales\" clickurl=\"\" clicktarget=\"\" player=\"4\" autoplay=\"false\" loop=\"false\" autorewind=\"true\" splashimage=\"\" skin=\"\" \/] [icon color=\"Accent-Color\" size=\"regular\" image=\"steadysets-icon-chat\"] Contexto Spot de la campa\u00f1a de Manuel Rosales a la Gobernaci\u00f3n del Zulia, en la contienda electoral de 1998. El spot que vemos es una pieza pol\u00edtica normal,\u2026","rel":"","context":"En \u00abCampa\u00f1a Uninominal\u00bb","block_context":{"text":"Campa\u00f1a Uninominal","link":"https:\/\/estrategica.com.co\/blog\/category\/temas\/campana-uninominal\/"},"img":{"alt_text":"","src":"https:\/\/i0.wp.com\/estrategica.com.co\/blog\/wp-content\/uploads\/2009\/05\/av065_thumb.png?fit=433%2C317&ssl=1&resize=350%2C200","width":350,"height":200},"classes":[]},{"id":15796,"url":"https:\/\/estrategica.com.co\/blog\/venezuela-sin-miedo-petkoff\/","url_meta":{"origin":17313,"position":5},"title":"Venezuela sin Miedo &#8211; Petkoff","author":"Juliana","date":"junio 14, 2009","format":false,"excerpt":"[hana-flv-player video=\"\/blog\/wp-content\/uploads\/2009\/01\/videos_ultimos\/av309.flv\" width=\"550\" height=\"\" description=\"Venezuela sin Miedo - Petkoff\" clickurl=\"\" clicktarget=\"\" player=\"4\" autoplay=\"false\" loop=\"false\" autorewind=\"true\" splashimage=\"\" skin=\"\" \/] [icon color=\"Accent-Color\" size=\"regular\" image=\"steadysets-icon-chat\"] Contexto Spot de la Campa\u00f1a de Teodoro Petkoff a la Presidencia de Venezuela durante la contienda electoral de 2006. En desarrollo de la campa\u00f1a declin\u00f3 su candidatura para\u2026","rel":"","context":"En \u00abCampa\u00f1a Presidencial\u00bb","block_context":{"text":"Campa\u00f1a Presidencial","link":"https:\/\/estrategica.com.co\/blog\/category\/temas\/campana-presidencial\/"},"img":{"alt_text":"","src":"https:\/\/i0.wp.com\/estrategica.com.co\/blog\/wp-content\/uploads\/2009\/05\/av309_thumb.png?fit=397%2C307&ssl=1&resize=350%2C200","width":350,"height":200},"classes":[]}],"jetpack_sharing_enabled":true,"_links":{"self":[{"href":"https:\/\/estrategica.com.co\/blog\/wp-json\/wp\/v2\/posts\/17313","targetHints":{"allow":["GET"]}}],"collection":[{"href":"https:\/\/estrategica.com.co\/blog\/wp-json\/wp\/v2\/posts"}],"about":[{"href":"https:\/\/estrategica.com.co\/blog\/wp-json\/wp\/v2\/types\/post"}],"author":[{"embeddable":true,"href":"https:\/\/estrategica.com.co\/blog\/wp-json\/wp\/v2\/users\/5"}],"replies":[{"embeddable":true,"href":"https:\/\/estrategica.com.co\/blog\/wp-json\/wp\/v2\/comments?post=17313"}],"version-history":[{"count":6,"href":"https:\/\/estrategica.com.co\/blog\/wp-json\/wp\/v2\/posts\/17313\/revisions"}],"predecessor-version":[{"id":44763,"href":"https:\/\/estrategica.com.co\/blog\/wp-json\/wp\/v2\/posts\/17313\/revisions\/44763"}],"wp:featuredmedia":[{"embeddable":true,"href":"https:\/\/estrategica.com.co\/blog\/wp-json\/wp\/v2\/media\/17314"}],"wp:attachment":[{"href":"https:\/\/estrategica.com.co\/blog\/wp-json\/wp\/v2\/media?parent=17313"}],"wp:term":[{"taxonomy":"category","embeddable":true,"href":"https:\/\/estrategica.com.co\/blog\/wp-json\/wp\/v2\/categories?post=17313"},{"taxonomy":"post_tag","embeddable":true,"href":"https:\/\/estrategica.com.co\/blog\/wp-json\/wp\/v2\/tags?post=17313"}],"curies":[{"name":"wp","href":"https:\/\/api.w.org\/{rel}","templated":true}]}}