{"id":17331,"date":"2009-10-12T03:18:56","date_gmt":"2009-10-12T03:18:56","guid":{"rendered":"http:\/\/estrategica.com.co\/blog\/?p=17331"},"modified":"2014-10-24T16:11:48","modified_gmt":"2014-10-24T21:11:48","slug":"crisis-financiera-sarkosy","status":"publish","type":"post","link":"https:\/\/estrategica.com.co\/blog\/crisis-financiera-sarkosy\/","title":{"rendered":"Crisis Financiera &#8211; Sarkosy"},"content":{"rendered":"<p> <script type='text\/javascript' src='https:\/\/estrategica.com.co\/blog\/wp-content\/plugins\/hana-flv-player\/flowplayer3\/example\/flowplayer-3.2.6.min.js'><\/script>\n<div >\n<div id='hana_flv_flow3_1' style='display:block;width:550px;height:413px;background-color:#555555;color:#ffffff;padding:0' title=\"*Video:crisis financiera - sarkosy\"><\/div>\n<\/div>\n\n<script  type='text\/javascript'>\nif (typeof g_hanaFlash !== 'undefined' && !g_hanaFlash){\n    jQuery('#hana_flv_flow3_1').css( 'padding', '5px' );\n\tjQuery('#hana_flv_flow3_1').html(\"<span class='inactive_message' style='display:block'>Sorry, your browser does not support Flash Video Player<\/span> *Video:crisis financiera - sarkosy\");\n}else{\t\t\t\n\t\tflowplayer('hana_flv_flow3_1', { src: 'https:\/\/estrategica.com.co\/blog\/wp-content\/plugins\/hana-flv-player\/flowplayer3\/flowplayer-3.2.7.swf', wmode: 'transparent' }, { \n\n\t\t\tcanvas: { backgroundColor: '#000000', backgroundGradient: 'none',},\n    \t\tclip:  { \n    \t\t\turl: '\/blog\/wp-content\/uploads\/2009\/01\/videosultimosconver\/Expressiondirecte.flv',\n        \t\tscaling: 'fit', autoPlay: false, autoBuffering: true \n\t\t\t\t   , onFinish : function () { this.seek(0); }  \n\n\t        }\n\n\t\t});\n}\n<\/script><br \/>\n<\/br><\/p>\n<p>[icon color=\u00bbAccent-Color\u00bb size=\u00bbregular\u00bb image=\u00bbsteadysets-icon-chat\u00bb] <strong>Contexto<\/strong><\/br><\/br><\/p>\n<p style=\"text-align: justify;\">Video en donde el Presidente Sarkosy afronta la crisis financiera que se vive en los mercados y a trav\u00e9s de distintas vocer\u00edas dimensionar el impacto de las consecuencias en Francia.<\/p><\/p>\n","protected":false},"excerpt":{"rendered":"<p>*Video: crisis financiera &#8211; sarkosy [icon color=\u00bbAccent-Color\u00bb size=\u00bbregular\u00bb image=\u00bbsteadysets-icon-chat\u00bb] Contexto Video en donde el Presidente Sarkosy afronta la crisis financiera que se vive en los mercados y a trav\u00e9s de distintas vocer\u00edas dimensionar el impacto de las consecuencias en Francia.<\/p>\n","protected":false},"author":5,"featured_media":17332,"comment_status":"open","ping_status":"open","sticky":false,"template":"","format":"standard","meta":{"_et_pb_use_builder":"","_et_pb_old_content":"","_et_gb_content_width":"","advanced_seo_description":"","jetpack_seo_html_title":"","jetpack_seo_noindex":false,"footnotes":""},"categories":[322,263,28,36,50,10,11,3],"tags":[79],"class_list":["post-17331","post","type-post","status-publish","format-standard","has-post-thumbnail","hentry","category-322","category-ano","category-comunicacion-gobierno","category-de-gobierno","category-francia","category-geo","category-temas","category-video","tag-nicolas-sarkosy"],"jetpack_featured_media_url":"https:\/\/i0.wp.com\/estrategica.com.co\/blog\/wp-content\/uploads\/2009\/06\/expressiondirecte_thumb.png?fit=598%2C399&ssl=1","jetpack_shortlink":"https:\/\/wp.me\/p4wgsh-4vx","jetpack-related-posts":[{"id":7265,"url":"https:\/\/estrategica.com.co\/blog\/musica-de-campana-sarkosy\/","url_meta":{"origin":17331,"position":0},"title":"M\u00fasica  de Campa\u00f1a &#8211; Sarkosy","author":"Juliana","date":"marzo 21, 2009","format":false,"excerpt":"[hana-flv-player video=\"\/blog\/wp-content\/uploads\/2009\/01\/videos_varios_f\/Dailymotion1.flv\" width=\"550\" height=\"\" description=\"M\u00fasica de Campa\u00f1a - Sarkosy \" clickurl=\"\" clicktarget=\"\" player=\"4\" autoplay=\"false\" loop=\"false\" autorewind=\"true\" splashimage=\"\" skin=\"\" \/] [icon color=\"Accent-Color\" size=\"regular\" image=\"steadysets-icon-chat\"] Contexto Nicol\u00e1s Sarkozy, el candidato de la derecha, fue el candidato de la \u201cUni\u00f3n por un Movimiento Popular\u201d despu\u00e9s de dejar por el camino a Dominique de\u2026","rel":"","context":"En \u00abCampa\u00f1a Presidencial\u00bb","block_context":{"text":"Campa\u00f1a Presidencial","link":"https:\/\/estrategica.com.co\/blog\/category\/temas\/campana-presidencial\/"},"img":{"alt_text":"","src":"https:\/\/i0.wp.com\/estrategica.com.co\/blog\/wp-content\/uploads\/2009\/03\/dailymotion1_thumb.png?fit=328%2C236&ssl=1&resize=350%2C200","width":350,"height":200},"classes":[]},{"id":7285,"url":"https:\/\/estrategica.com.co\/blog\/la-accion-es-la-pasion-de-mi-vida-sarkosy\/","url_meta":{"origin":17331,"position":1},"title":"La Acci\u00f3n es la Pasi\u00f3n de mi Vida &#8211; Sarkosy","author":"Juliana","date":"marzo 21, 2009","format":false,"excerpt":"[hana-flv-player video=\"\/blog\/wp-content\/uploads\/2009\/01\/videos_varios_f\/Dailymotion_3.flv\" width=\"550\" height=\"\" description=\"La Acci\u00f3n es la Pasi\u00f3n de mi Vida - Sarkosy\" clickurl=\"\" clicktarget=\"\" player=\"4\" autoplay=\"false\" loop=\"false\" autorewind=\"true\" splashimage=\"\" skin=\"\" \/] [icon color=\"Accent-Color\" size=\"regular\" image=\"steadysets-icon-chat\"] Contexto Nicol\u00e1s Sarkozy, el candidato de la derecha, fue el candidato de la \u201cUni\u00f3n por un Movimiento Popular\u201d despu\u00e9s de dejar por el\u2026","rel":"","context":"En \u00abCampa\u00f1a Presidencial\u00bb","block_context":{"text":"Campa\u00f1a Presidencial","link":"https:\/\/estrategica.com.co\/blog\/category\/temas\/campana-presidencial\/"},"img":{"alt_text":"","src":"https:\/\/i0.wp.com\/estrategica.com.co\/blog\/wp-content\/uploads\/2009\/03\/dailymotion_3_thumb.png?fit=331%2C248&ssl=1&resize=350%2C200","width":350,"height":200},"classes":[]},{"id":17076,"url":"https:\/\/estrategica.com.co\/blog\/la-voz-de-todos-ump\/","url_meta":{"origin":17331,"position":2},"title":"La voz de todos &#8211; UMP","author":"Juliana","date":"diciembre 26, 2009","format":false,"excerpt":"[hana-flv-player video=\"\/blog\/wp-content\/uploads\/2009\/01\/videosultimosconver\/clipofficielversionlongue.flv\" width=\"550\" height=\"\" description=\"La voz de todos - UMP\" clickurl=\"\" clicktarget=\"\" player=\"4\" autoplay=\"false\" loop=\"false\" autorewind=\"true\" splashimage=\"\" skin=\"\" \/] [icon color=\"Accent-Color\" size=\"regular\" image=\"steadysets-icon-chat\"] Contexto Video de la Uni\u00f3n por un Movimiento Popular para promocionar su lista al Parlamento Europeo durante la contienda electoral de 2009. El movimiento es de Centro\u2026","rel":"","context":"En \u00ab2009\u00bb","block_context":{"text":"2009","link":"https:\/\/estrategica.com.co\/blog\/category\/ano\/2009\/"},"img":{"alt_text":"","src":"https:\/\/i0.wp.com\/estrategica.com.co\/blog\/wp-content\/uploads\/2009\/06\/clipofficielversionlongue_thumb.png?fit=408%2C305&ssl=1&resize=350%2C200","width":350,"height":200},"classes":[]},{"id":7273,"url":"https:\/\/estrategica.com.co\/blog\/fotos-oficiales-de-los-ultimos-cinco-presidentes-de-francia\/","url_meta":{"origin":17331,"position":3},"title":"Fotos Oficiales de los \u00faltimos cinco Presidentes de Francia","author":"Juliana","date":"marzo 21, 2009","format":false,"excerpt":"[hana-flv-player video=\"\/blog\/wp-content\/uploads\/2009\/01\/videos_varios_f\/Dailymotion4.flv\" width=\"550\" height=\"\" description=\"Fotos Oficiales de los \u00faltimos cinco Presidentes de Francia\" clickurl=\"\" clicktarget=\"\" player=\"4\" autoplay=\"false\" loop=\"false\" autorewind=\"true\" splashimage=\"\" skin=\"\" \/] [icon color=\"Accent-Color\" size=\"regular\" image=\"steadysets-icon-chat\"] Contexto Video de la televisi\u00f3n francesa en donde se analizan las fotos oficiales de los \u00faltimos presidentes de Francia. Es interesante observar como las\u2026","rel":"","context":"En \u00abDivulgaci\u00f3n Pol\u00edtica\u00bb","block_context":{"text":"Divulgaci\u00f3n Pol\u00edtica","link":"https:\/\/estrategica.com.co\/blog\/category\/temas\/divulgacion-politica\/"},"img":{"alt_text":"","src":"https:\/\/i0.wp.com\/estrategica.com.co\/blog\/wp-content\/uploads\/2009\/03\/dailymotion4_thumb.png?fit=328%2C247&ssl=1&resize=350%2C200","width":350,"height":200},"classes":[]},{"id":3293,"url":"https:\/\/estrategica.com.co\/blog\/bolsa-sarkosy\/","url_meta":{"origin":17331,"position":4},"title":"Bolsa Sarkosy","author":"estrategica.com","date":"febrero 1, 2009","format":false,"excerpt":"Bolsa con el rostro de Sarkosy. Es un objeto \u00fatil, con capacidad de generar recordaci\u00f3n, pero sin un contenido tem\u00e1tico claro con el que se pueda posicionar un mensaje rentable pol\u00edtica y electoralmente.","rel":"","context":"En \u00abCampa\u00f1a Presidencial\u00bb","block_context":{"text":"Campa\u00f1a Presidencial","link":"https:\/\/estrategica.com.co\/blog\/category\/temas\/campana-presidencial\/"},"img":{"alt_text":"","src":"https:\/\/i0.wp.com\/estrategica.com.co\/blog\/wp-content\/uploads\/2009\/02\/08.jpg?fit=427%2C520&ssl=1&resize=350%2C200","width":350,"height":200},"classes":[]},{"id":7281,"url":"https:\/\/estrategica.com.co\/blog\/si-podemos-3\/","url_meta":{"origin":17331,"position":5},"title":"SI PODEMOS!","author":"Juliana","date":"marzo 21, 2009","format":false,"excerpt":"[hana-flv-player video=\"\/blog\/wp-content\/uploads\/2009\/01\/videos_varios_f\/Dailymotion6.flv\" width=\"550\" height=\"\" description=\"SI PODEMOS!\" clickurl=\"\" clicktarget=\"\" player=\"4\" autoplay=\"false\" loop=\"false\" autorewind=\"true\" splashimage=\"\" skin=\"\" \/] [icon color=\"Accent-Color\" size=\"regular\" image=\"steadysets-icon-chat\"] Contexto En la primera semana de diciembre de 2008 los muros de Paris se llenaron con afiches en donde se usaba la est\u00e9tica de la campa\u00f1a de Obama para visualizar al\u2026","rel":"","context":"En \u00ab2008\u00bb","block_context":{"text":"2008","link":"https:\/\/estrategica.com.co\/blog\/category\/ano\/2008\/"},"img":{"alt_text":"","src":"https:\/\/i0.wp.com\/estrategica.com.co\/blog\/wp-content\/uploads\/2009\/03\/dailymotion6_thumb.png?fit=300%2C223&ssl=1&resize=350%2C200","width":350,"height":200},"classes":[]}],"jetpack_sharing_enabled":true,"_links":{"self":[{"href":"https:\/\/estrategica.com.co\/blog\/wp-json\/wp\/v2\/posts\/17331","targetHints":{"allow":["GET"]}}],"collection":[{"href":"https:\/\/estrategica.com.co\/blog\/wp-json\/wp\/v2\/posts"}],"about":[{"href":"https:\/\/estrategica.com.co\/blog\/wp-json\/wp\/v2\/types\/post"}],"author":[{"embeddable":true,"href":"https:\/\/estrategica.com.co\/blog\/wp-json\/wp\/v2\/users\/5"}],"replies":[{"embeddable":true,"href":"https:\/\/estrategica.com.co\/blog\/wp-json\/wp\/v2\/comments?post=17331"}],"version-history":[{"count":6,"href":"https:\/\/estrategica.com.co\/blog\/wp-json\/wp\/v2\/posts\/17331\/revisions"}],"predecessor-version":[{"id":60756,"href":"https:\/\/estrategica.com.co\/blog\/wp-json\/wp\/v2\/posts\/17331\/revisions\/60756"}],"wp:featuredmedia":[{"embeddable":true,"href":"https:\/\/estrategica.com.co\/blog\/wp-json\/wp\/v2\/media\/17332"}],"wp:attachment":[{"href":"https:\/\/estrategica.com.co\/blog\/wp-json\/wp\/v2\/media?parent=17331"}],"wp:term":[{"taxonomy":"category","embeddable":true,"href":"https:\/\/estrategica.com.co\/blog\/wp-json\/wp\/v2\/categories?post=17331"},{"taxonomy":"post_tag","embeddable":true,"href":"https:\/\/estrategica.com.co\/blog\/wp-json\/wp\/v2\/tags?post=17331"}],"curies":[{"name":"wp","href":"https:\/\/api.w.org\/{rel}","templated":true}]}}