{"id":17437,"date":"2010-06-16T20:52:16","date_gmt":"2010-06-16T20:52:16","guid":{"rendered":"http:\/\/estrategica.com.co\/blog\/?p=17437"},"modified":"2014-09-18T16:12:49","modified_gmt":"2014-09-18T21:12:49","slug":"los-comienzos-major","status":"publish","type":"post","link":"https:\/\/estrategica.com.co\/blog\/los-comienzos-major\/","title":{"rendered":"Los Comienzos &#8211; Major"},"content":{"rendered":"<p> <script type='text\/javascript' src='https:\/\/estrategica.com.co\/blog\/wp-content\/plugins\/hana-flv-player\/flowplayer3\/example\/flowplayer-3.2.6.min.js'><\/script>\n<div >\n<div id='hana_flv_flow3_1' style='display:block;width:550px;height:413px;background-color:#555555;color:#ffffff;padding:0' title=\"*Video:los comienzos - major\"><\/div>\n<\/div>\n\n<script  type='text\/javascript'>\nif (typeof g_hanaFlash !== 'undefined' && !g_hanaFlash){\n    jQuery('#hana_flv_flow3_1').css( 'padding', '5px' );\n\tjQuery('#hana_flv_flow3_1').html(\"<span class='inactive_message' style='display:block'>Sorry, your browser does not support Flash Video Player<\/span> *Video:los comienzos - major\");\n}else{\t\t\t\n\t\tflowplayer('hana_flv_flow3_1', { src: 'https:\/\/estrategica.com.co\/blog\/wp-content\/plugins\/hana-flv-player\/flowplayer3\/flowplayer-3.2.7.swf', wmode: 'transparent' }, { \n\n\t\t\tcanvas: { backgroundColor: '#000000', backgroundGradient: 'none',},\n    \t\tclip:  { \n    \t\t\turl: '\/blog\/wp-content\/uploads\/2009\/01\/videosultimosconver\/Introducing_John_Major.flv',\n        \t\tscaling: 'fit', autoPlay: false, autoBuffering: true \n\t\t\t\t   , onFinish : function () { this.seek(0); }  \n\n\t        }\n\n\t\t});\n}\n<\/script><br \/>\n<\/br><\/p>\n<p>[icon color=\u00bbAccent-Color\u00bb size=\u00bbregular\u00bb image=\u00bbsteadysets-icon-chat\u00bb] <strong>Contexto<\/strong><\/br><\/br><\/p>\n<p style=\"text-align: justify;\">Video en donde el comentarista pol\u00edtico realiza un perfil de la infancia y los primeros a\u00f1os pol\u00edticos del Primer Ministro de Inglaterra, John Major.<\/p><\/p>\n","protected":false},"excerpt":{"rendered":"<p>*Video: los comienzos &#8211; major [icon color=\u00bbAccent-Color\u00bb size=\u00bbregular\u00bb image=\u00bbsteadysets-icon-chat\u00bb] Contexto Video en donde el comentarista pol\u00edtico realiza un perfil de la infancia y los primeros a\u00f1os pol\u00edticos del Primer Ministro de Inglaterra, John Major.<\/p>\n","protected":false},"author":5,"featured_media":17438,"comment_status":"open","ping_status":"open","sticky":false,"template":"","format":"standard","meta":{"_et_pb_use_builder":"","_et_pb_old_content":"","_et_gb_content_width":"","advanced_seo_description":"","jetpack_seo_html_title":"","jetpack_seo_noindex":false,"footnotes":""},"categories":[268,263,27,10,515,35,11,3],"tags":[661,674],"class_list":["post-17437","post","type-post","status-publish","format-standard","has-post-thumbnail","hentry","category-268","category-ano","category-divulgacion-politica","category-geo","category-gran-bretana","category-mensaje-politico","category-temas","category-video","tag-john-major","tag-partido-conservador-ingles"],"jetpack_featured_media_url":"https:\/\/i0.wp.com\/estrategica.com.co\/blog\/wp-content\/uploads\/2009\/06\/introducing_john_major_thumb.png?fit=626%2C411&ssl=1","jetpack_shortlink":"https:\/\/wp.me\/p4wgsh-4xf","jetpack-related-posts":[{"id":18217,"url":"https:\/\/estrategica.com.co\/blog\/elecciones-generales-1992-major\/","url_meta":{"origin":17437,"position":0},"title":"Elecciones Generales 1992 &#8211; Major","author":"Juliana","date":"octubre 5, 2009","format":false,"excerpt":"[hana-flv-player video=\"\/blog\/wp-content\/uploads\/2009\/01\/videosultimosconver\/UK_General_Election_of_1992.flv\" width=\"550\" height=\"\" description=\"Elecciones Generales 1992 - Major\" clickurl=\"\" clicktarget=\"\" player=\"4\" autoplay=\"false\" loop=\"false\" autorewind=\"true\" splashimage=\"\" skin=\"\" \/] [icon color=\"Accent-Color\" size=\"regular\" image=\"steadysets-icon-chat\"] Contexto Video que muestra algunas de las acciones estrat\u00e9gicas de campa\u00f1a de John Major para las elecciones de 1992. Desde 1990 se desempe\u00f1aba como primer ministro pero en\u2026","rel":"","context":"En \u00abCampa\u00f1a Cuerpo Colegiado\u00bb","block_context":{"text":"Campa\u00f1a Cuerpo Colegiado","link":"https:\/\/estrategica.com.co\/blog\/category\/temas\/campana-colegiada\/"},"img":{"alt_text":"","src":"https:\/\/i0.wp.com\/estrategica.com.co\/blog\/wp-content\/uploads\/2009\/06\/uk_general_election_of_1992_thumb.png?fit=500%2C406&ssl=1&resize=350%2C200","width":350,"height":200},"classes":[]},{"id":21802,"url":"https:\/\/estrategica.com.co\/blog\/contigo-partido-popular\/","url_meta":{"origin":17437,"position":1},"title":"Contigo &#8211; Partido Popular","author":"Juliana","date":"junio 16, 2010","format":false,"excerpt":"[hana-flv-player video=\"\/blog\/wp-content\/uploads\/2009\/01\/videosultimosconver\/Introducing_John_Major.flv\" width=\"550\" height=\"\" description=\"Los Comienzos - Major\" clickurl=\"\" clicktarget=\"\" player=\"4\" autoplay=\"false\" loop=\"false\" autorewind=\"true\" splashimage=\"\" skin=\"\" \/] [icon color=\"Accent-Color\" size=\"regular\" image=\"steadysets-icon-chat\"] Contexto Spot de precampa\u00f1a del Partido Popular del pa\u00eds Vasco de cara a las elecciones municipales de 2007. \u00a0Una pieza sin mayores sobresaltos y sin mayores recursos persuasivos. Muy\u2026","rel":"","context":"En \u00abCampa\u00f1a Uninominal\u00bb","block_context":{"text":"Campa\u00f1a Uninominal","link":"https:\/\/estrategica.com.co\/blog\/category\/temas\/campana-uninominal\/"},"img":{"alt_text":"","src":"https:\/\/i0.wp.com\/estrategica.com.co\/blog\/wp-content\/uploads\/2010\/06\/SpotPPVasco_thumb.png?fit=501%2C435&ssl=1&resize=350%2C200","width":350,"height":200},"classes":[]},{"id":9595,"url":"https:\/\/estrategica.com.co\/blog\/la-experiencia-de-nixon-kennedy\/","url_meta":{"origin":17437,"position":2},"title":"La Experiencia de Nixon &#8211; Kennedy","author":"Juliana","date":"abril 21, 2009","format":false,"excerpt":"[hana-flv-player video=\"\/blog\/wp-content\/uploads\/2009\/01\/USA_CONVERTIDOS_VIEJOS\/NixonsExperience60.flv\" width=\"550\" height=\"\" description=\"La Experiencia de Nixon - Kennedy\" clickurl=\"\" clicktarget=\"\" player=\"4\" autoplay=\"false\" loop=\"false\" autorewind=\"true\" splashimage=\"\" skin=\"\" \/] [icon color=\"Accent-Color\" size=\"regular\" image=\"steadysets-icon-chat\"] Contexto La campa\u00f1a de 1960 se desenvolvi\u00f3 en relativa calma. La guerra fr\u00eda era el contexto en el que se mov\u00edan los intereses del norteamericano promedio y\u2026","rel":"","context":"En \u00abCampa\u00f1a Presidencial\u00bb","block_context":{"text":"Campa\u00f1a Presidencial","link":"https:\/\/estrategica.com.co\/blog\/category\/temas\/campana-presidencial\/"},"img":{"alt_text":"","src":"https:\/\/i0.wp.com\/estrategica.com.co\/blog\/wp-content\/uploads\/2009\/03\/nixonsexperience60_thumb.png?fit=345%2C259&ssl=1&resize=350%2C200","width":350,"height":200},"classes":[]},{"id":31414,"url":"https:\/\/estrategica.com.co\/blog\/winningmessagehowmuchtimeshouldshedo\/","url_meta":{"origin":17437,"position":3},"title":"Aborto","author":"Juliana","date":"diciembre 22, 2011","format":false,"excerpt":"[hana-flv-player video=\"\/blog\/wp-content\/uploads\/2009\/01\/20111213\/WinningMessageHowMuchTimeShouldSheDo.flv\" width=\"550\" height=\"\" description=\"Aborto \" clickurl=\"\" clicktarget=\"\" player=\"4\" autoplay=\"false\" loop=\"false\" autorewind=\"false\" splashimage=\"\" skin=\"\" \/] [icon color=\"Accent-Color\" size=\"regular\" image=\"steadysets-icon-chat\"] Contexto Spot contra John McCain por querer anular el fallo Roe vs Wade prohibiendo as\u00ed el aborto. La pieza advierte que de suceder as\u00ed todos los que participen en un aborto,\u2026","rel":"","context":"En \u00ab2008\u00bb","block_context":{"text":"2008","link":"https:\/\/estrategica.com.co\/blog\/category\/ano\/2008\/"},"img":{"alt_text":"","src":"https:\/\/i0.wp.com\/estrategica.com.co\/blog\/wp-content\/uploads\/2011\/12\/WinningMessageHowMuchTimeShouldSheDo_thumb.png?fit=653%2C556&ssl=1&resize=350%2C200","width":350,"height":200},"classes":[]},{"id":36148,"url":"https:\/\/estrategica.com.co\/blog\/carterpartisanpolitics\/","url_meta":{"origin":17437,"position":4},"title":"Pol\u00edtica Partidista &#8211; Carter","author":"Juliana","date":"enero 8, 2013","format":false,"excerpt":"[hana-flv-player video=\"\/blog\/wp-content\/uploads\/2009\/01\/20111213\/CarterPartisanPolitics.flv\" width=\"550\" height=\"\" description=\"Pol\u00edtica Partidista - Carter\" clickurl=\"\" clicktarget=\"\" player=\"4\" autoplay=\"false\" loop=\"false\" autorewind=\"false\" splashimage=\"\" skin=\"\" \/] [icon color=\"Accent-Color\" size=\"regular\" image=\"steadysets-icon-chat\"] Contexto Spot de la campa\u00f1a de Nick Carter al Senado de los Estados Unidos por el Partido Dem\u00f3crata, durante la contienda electoral de 2008. La elecci\u00f3n fue ganada, en\u2026","rel":"","context":"En \u00ab2008\u00bb","block_context":{"text":"2008","link":"https:\/\/estrategica.com.co\/blog\/category\/ano\/2008\/"},"img":{"alt_text":"","src":"https:\/\/i0.wp.com\/estrategica.com.co\/blog\/wp-content\/uploads\/2012\/09\/CarterPartisanPolitics_thumb.png?fit=654%2C508&ssl=1&resize=350%2C200","width":350,"height":200},"classes":[]},{"id":22375,"url":"https:\/\/estrategica.com.co\/blog\/johnandelizabethedwards\/","url_meta":{"origin":17437,"position":5},"title":"John and Elizabeth &#8211; Edwards","author":"Juliana","date":"noviembre 10, 2010","format":false,"excerpt":"[hana-flv-player video=\"\/blog\/wp-content\/uploads\/2009\/01\/20100628\/JohnandElizabethEdwards.flv\" width=\"550\" height=\"\" description=\"John and Elizabeth - Edwards\" clickurl=\"\" clicktarget=\"\" player=\"4\" autoplay=\"false\" loop=\"false\" autorewind=\"true\" splashimage=\"\" skin=\"\" \/] [icon color=\"Accent-Color\" size=\"regular\" image=\"steadysets-icon-chat\"] Contexto Spot de la campa\u00f1a de John Edwards por la candidatura dem\u00f3crata durante la contienda electoral de 2008. Edwards tuvo que luchar contra Barack Obama, Hillary Clinton y\u2026","rel":"","context":"En \u00ab2008\u00bb","block_context":{"text":"2008","link":"https:\/\/estrategica.com.co\/blog\/category\/ano\/2008\/"},"img":{"alt_text":"","src":"https:\/\/i0.wp.com\/estrategica.com.co\/blog\/wp-content\/uploads\/2010\/06\/JohnandElizabethEdwards_thumb.png?fit=630%2C585&ssl=1&resize=350%2C200","width":350,"height":200},"classes":[]}],"jetpack_sharing_enabled":true,"_links":{"self":[{"href":"https:\/\/estrategica.com.co\/blog\/wp-json\/wp\/v2\/posts\/17437","targetHints":{"allow":["GET"]}}],"collection":[{"href":"https:\/\/estrategica.com.co\/blog\/wp-json\/wp\/v2\/posts"}],"about":[{"href":"https:\/\/estrategica.com.co\/blog\/wp-json\/wp\/v2\/types\/post"}],"author":[{"embeddable":true,"href":"https:\/\/estrategica.com.co\/blog\/wp-json\/wp\/v2\/users\/5"}],"replies":[{"embeddable":true,"href":"https:\/\/estrategica.com.co\/blog\/wp-json\/wp\/v2\/comments?post=17437"}],"version-history":[{"count":6,"href":"https:\/\/estrategica.com.co\/blog\/wp-json\/wp\/v2\/posts\/17437\/revisions"}],"predecessor-version":[{"id":60793,"href":"https:\/\/estrategica.com.co\/blog\/wp-json\/wp\/v2\/posts\/17437\/revisions\/60793"}],"wp:featuredmedia":[{"embeddable":true,"href":"https:\/\/estrategica.com.co\/blog\/wp-json\/wp\/v2\/media\/17438"}],"wp:attachment":[{"href":"https:\/\/estrategica.com.co\/blog\/wp-json\/wp\/v2\/media?parent=17437"}],"wp:term":[{"taxonomy":"category","embeddable":true,"href":"https:\/\/estrategica.com.co\/blog\/wp-json\/wp\/v2\/categories?post=17437"},{"taxonomy":"post_tag","embeddable":true,"href":"https:\/\/estrategica.com.co\/blog\/wp-json\/wp\/v2\/tags?post=17437"}],"curies":[{"name":"wp","href":"https:\/\/api.w.org\/{rel}","templated":true}]}}