{"id":17491,"date":"2009-12-26T13:20:06","date_gmt":"2009-12-26T13:20:06","guid":{"rendered":"http:\/\/estrategica.com.co\/blog\/?p=17491"},"modified":"2014-10-23T14:58:50","modified_gmt":"2014-10-23T19:58:50","slug":"abuso-de-posicion-patrick","status":"publish","type":"post","link":"https:\/\/estrategica.com.co\/blog\/abuso-de-posicion-patrick\/","title":{"rendered":"Abuso de Posici\u00f3n &#8211; Patrick"},"content":{"rendered":"<p> <script type='text\/javascript' src='https:\/\/estrategica.com.co\/blog\/wp-content\/plugins\/hana-flv-player\/flowplayer3\/example\/flowplayer-3.2.6.min.js'><\/script>\n<div >\n<div id='hana_flv_flow3_1' style='display:block;width:550px;height:413px;background-color:#555555;color:#ffffff;padding:0' title=\"*Video:abuso de posici\u00f3n - patrick\"><\/div>\n<\/div>\n\n<script  type='text\/javascript'>\nif (typeof g_hanaFlash !== 'undefined' && !g_hanaFlash){\n    jQuery('#hana_flv_flow3_1').css( 'padding', '5px' );\n\tjQuery('#hana_flv_flow3_1').html(\"<span class='inactive_message' style='display:block'>Sorry, your browser does not support Flash Video Player<\/span> *Video:abuso de posici\u00f3n - patrick\");\n}else{\t\t\t\n\t\tflowplayer('hana_flv_flow3_1', { src: 'https:\/\/estrategica.com.co\/blog\/wp-content\/plugins\/hana-flv-player\/flowplayer3\/flowplayer-3.2.7.swf', wmode: 'transparent' }, { \n\n\t\t\tcanvas: { backgroundColor: '#000000', backgroundGradient: 'none',},\n    \t\tclip:  { \n    \t\t\turl: '\/blog\/wp-content\/uploads\/2009\/01\/videosultimosconver\/kerry_healey_attack_add.flv',\n        \t\tscaling: 'fit', autoPlay: false, autoBuffering: true \n\t\t\t\t   , onFinish : function () { this.seek(0); }  \n\n\t        }\n\n\t\t});\n}\n<\/script><br \/>\n<\/br><\/p>\n<p>[icon color=\u00bbAccent-Color\u00bb size=\u00bbregular\u00bb image=\u00bbsteadysets-icon-chat\u00bb] <strong>Contexto<\/strong><\/br><\/br><\/p>\n<p style=\"text-align: justify;\">Spot contra la aspiraci\u00f3n de Kerry Healey a la Gobernaci\u00f3n de Massachussets, durante la contienda electoral de 2006 en la cual se present\u00f3 a nombre del Partido Republicano. La pieza manifiesta de la candidata abuso de su posici\u00f3n como vicegobernadora utilizando empleados estatales en eventos pol\u00edticos, escoltas policiales para movilizarse en las calles, tomando decisiones tributarias en detrimento de los adultos mayores y recortando presupuesto a la educaci\u00f3n. Healey fue derrotada por Deval Patrick por 21 puntos de diferencia.<\/p><\/p>\n","protected":false},"excerpt":{"rendered":"<p>*Video: abuso de posici\u00f3n &#8211; patrick [icon color=\u00bbAccent-Color\u00bb size=\u00bbregular\u00bb image=\u00bbsteadysets-icon-chat\u00bb] Contexto Spot contra la aspiraci\u00f3n de Kerry Healey a la Gobernaci\u00f3n de Massachussets, durante la contienda electoral de 2006 en la cual se present\u00f3 a nombre del Partido Republicano. La pieza manifiesta de la candidata abuso de su posici\u00f3n como vicegobernadora utilizando empleados estatales en [&hellip;]<\/p>\n","protected":false},"author":5,"featured_media":17492,"comment_status":"open","ping_status":"open","sticky":false,"template":"","format":"standard","meta":{"_et_pb_use_builder":"","_et_pb_old_content":"","_et_gb_content_width":"","advanced_seo_description":"","jetpack_seo_html_title":"","jetpack_seo_noindex":false,"footnotes":""},"categories":[264,263,59,34,64,10,11,3],"tags":[682,196,683],"class_list":["post-17491","post","type-post","status-publish","format-standard","has-post-thumbnail","hentry","category-264","category-ano","category-campana-uninominal","category-electoral","category-estados-unidos","category-geo","category-temas","category-video","tag-deval-patrick","tag-elecciones-2006","tag-kerry-healey"],"jetpack_featured_media_url":"https:\/\/i0.wp.com\/estrategica.com.co\/blog\/wp-content\/uploads\/2009\/06\/kerry_healey_attack_add_thumb.png?fit=653%2C553&ssl=1","jetpack_shortlink":"https:\/\/wp.me\/p4wgsh-4y7","jetpack-related-posts":[{"id":36271,"url":"https:\/\/estrategica.com.co\/blog\/beattychange\/","url_meta":{"origin":17491,"position":0},"title":"Cambio &#8211; Beatty","author":"Juliana","date":"septiembre 29, 2012","format":false,"excerpt":"[hana-flv-player video=\"\/blog\/wp-content\/uploads\/2009\/01\/20111213\/BeattyChange.flv\" width=\"550\" height=\"\" description=\"Cambio - Beatty\" clickurl=\"\" clicktarget=\"\" player=\"4\" autoplay=\"false\" loop=\"false\" autorewind=\"false\" splashimage=\"\" skin=\"\" \/] [icon color=\"Accent-Color\" size=\"regular\" image=\"steadysets-icon-chat\"] Contexto Spot de la campa\u00f1a de Jeff Beatty al Senado de los Estados Unidos en representaci\u00f3n del Estado de Massachusetts durante la contienda electoral de 2008, a nombre del Partido\u2026","rel":"","context":"En \u00ab2008\u00bb","block_context":{"text":"2008","link":"https:\/\/estrategica.com.co\/blog\/category\/ano\/2008\/"},"img":{"alt_text":"","src":"https:\/\/i0.wp.com\/estrategica.com.co\/blog\/wp-content\/uploads\/2012\/09\/BeattyChange_thumb.png?fit=920%2C724&ssl=1&resize=350%2C200","width":350,"height":200},"classes":[]},{"id":11081,"url":"https:\/\/estrategica.com.co\/blog\/perucesarriano06\/","url_meta":{"origin":17491,"position":1},"title":"Popeye &#8211; Ria\u00f1o","author":"Juliana","date":"abril 20, 2011","format":false,"excerpt":"[hana-flv-player video=\"\/blog\/wp-content\/uploads\/2009\/01\/carpeta_muchos_varios\/PeruCesarRiano06.flv\" width=\"550\" height=\"\" description=\"Popeye - Ria\u00f1o\" clickurl=\"\" clicktarget=\"\" player=\"4\" autoplay=\"false\" loop=\"false\" autorewind=\"true\" splashimage=\"\" skin=\"\" \/] [icon color=\"Accent-Color\" size=\"regular\" image=\"steadysets-icon-chat\"] Contexto Spot de la campa\u00f1a de Cesar Ria\u00f1o del PDS en la contienda electoral de 2006 en Per\u00fa. La ciudad es un puerto y por eso utilizan un disfraz de\u2026","rel":"","context":"En \u00ab2006\u00bb","block_context":{"text":"2006","link":"https:\/\/estrategica.com.co\/blog\/category\/ano\/2006\/"},"img":{"alt_text":"","src":"https:\/\/i0.wp.com\/estrategica.com.co\/blog\/wp-content\/uploads\/2009\/04\/perucesarriano06_thumb.png?fit=305%2C233&ssl=1&resize=350%2C200","width":350,"height":200},"classes":[]},{"id":17360,"url":"https:\/\/estrategica.com.co\/blog\/heidi-simmons\/","url_meta":{"origin":17491,"position":2},"title":"Heidi &#8211; Simmons","author":"Juliana","date":"octubre 11, 2009","format":false,"excerpt":"[hana-flv-player video=\"\/blog\/wp-content\/uploads\/2009\/01\/videosultimosconver\/heidi.flv\" width=\"550\" height=\"\" description=\"Heidi - Simmons\" clickurl=\"\" clicktarget=\"\" player=\"4\" autoplay=\"false\" loop=\"false\" autorewind=\"true\" splashimage=\"\" skin=\"\" \/] [icon color=\"Accent-Color\" size=\"regular\" image=\"steadysets-icon-chat\"] Contexto Spot de la campa\u00f1a del republicano Robert Simmons Ruhl a la C\u00e1mara de Representantes por el Distrito de Connecticut, durante la contienda electoral de 2006. La pieza trata de\u2026","rel":"","context":"En \u00abCampa\u00f1a Cuerpo Colegiado\u00bb","block_context":{"text":"Campa\u00f1a Cuerpo Colegiado","link":"https:\/\/estrategica.com.co\/blog\/category\/temas\/campana-colegiada\/"},"img":{"alt_text":"","src":"https:\/\/i0.wp.com\/estrategica.com.co\/blog\/wp-content\/uploads\/2009\/06\/heidi_thumb.png?fit=661%2C514&ssl=1&resize=350%2C200","width":350,"height":200},"classes":[]},{"id":9247,"url":"https:\/\/estrategica.com.co\/blog\/los-rostros-de-la-frustracion-kerry\/","url_meta":{"origin":17491,"position":3},"title":"Los Rostros de la Frustraci\u00f3n (web) &#8211; Kerry","author":"Juliana","date":"abril 13, 2009","format":false,"excerpt":"[hana-flv-player video=\"\/blog\/wp-content\/uploads\/2009\/01\/USA_CONVERTIDOS_VIEJOS\/FacesFrustrationKerry04.flv\" width=\"550\" height=\"\" description=\"Los Rostros de la Frustraci\u00f3n (web) - Kerry\" clickurl=\"\" clicktarget=\"\" player=\"4\" autoplay=\"false\" loop=\"false\" autorewind=\"true\" splashimage=\"\" skin=\"\" \/] [icon color=\"Accent-Color\" size=\"regular\" image=\"steadysets-icon-chat\"] Contexto La campa\u00f1a a la Presidencia de los Estados Unidos en el a\u00f1o 2004 estuvo marcada por la guerra contra el terrorismo que hab\u00eda emprendido\u2026","rel":"","context":"En \u00abCampa\u00f1a Presidencial\u00bb","block_context":{"text":"Campa\u00f1a Presidencial","link":"https:\/\/estrategica.com.co\/blog\/category\/temas\/campana-presidencial\/"},"img":{"alt_text":"","src":"https:\/\/i0.wp.com\/estrategica.com.co\/blog\/wp-content\/uploads\/2009\/03\/facesfrustrationkerry04_thumb.png?fit=342%2C257&ssl=1&resize=350%2C200","width":350,"height":200},"classes":[]},{"id":9955,"url":"https:\/\/estrategica.com.co\/blog\/ten-cuidado-con-bush-kerry\/","url_meta":{"origin":17491,"position":4},"title":"Ten cuidado con Bush &#8211; Kerry","author":"Juliana","date":"abril 12, 2009","format":false,"excerpt":"[hana-flv-player video=\"\/blog\/wp-content\/uploads\/2009\/01\/USA_CONVERTIDOS_VIEJOS\/TenCuidadodelNombreBushKerry04.flv\" width=\"550\" height=\"\" description=\"Ten cuidado con Bush - Kerry\" clickurl=\"\" clicktarget=\"\" player=\"4\" autoplay=\"false\" loop=\"false\" autorewind=\"true\" splashimage=\"\" skin=\"\" \/] [icon color=\"Accent-Color\" size=\"regular\" image=\"steadysets-icon-chat\"] Contexto La campa\u00f1a a la Presidencia de los Estados Unidos en el a\u00f1o 2004 estuvo marcada por la guerra contra el terrorismo que hab\u00eda emprendido la administraci\u00f3n\u2026","rel":"","context":"En \u00abCampa\u00f1a Presidencial\u00bb","block_context":{"text":"Campa\u00f1a Presidencial","link":"https:\/\/estrategica.com.co\/blog\/category\/temas\/campana-presidencial\/"},"img":{"alt_text":"","src":"https:\/\/i0.wp.com\/estrategica.com.co\/blog\/wp-content\/uploads\/2009\/04\/tencuidadodelnombrebushkerry04_thumb.png?fit=343%2C255&ssl=1&resize=350%2C200","width":350,"height":200},"classes":[]},{"id":18179,"url":"https:\/\/estrategica.com.co\/blog\/impuestos-simmons\/","url_meta":{"origin":17491,"position":5},"title":"Impuestos &#8211; Simmons","author":"Juliana","date":"junio 29, 2009","format":false,"excerpt":"[hana-flv-player video=\"\/blog\/wp-content\/uploads\/2009\/01\/videosultimosconver\/taxes.flv\" width=\"550\" height=\"\" description=\"Impuestos - Simmons\" clickurl=\"\" clicktarget=\"\" player=\"4\" autoplay=\"false\" loop=\"false\" autorewind=\"true\" splashimage=\"\" skin=\"\" \/] [icon color=\"Accent-Color\" size=\"regular\" image=\"steadysets-icon-chat\"] Contexto Spot de la campa\u00f1a del republicano Robert Simmons Ruhl a la C\u00e1mara de Representantes por el Distrito de Connecticut, durante la contienda electoral de 2006. La pieza trata de\u2026","rel":"","context":"En \u00abCampa\u00f1a Cuerpo Colegiado\u00bb","block_context":{"text":"Campa\u00f1a Cuerpo Colegiado","link":"https:\/\/estrategica.com.co\/blog\/category\/temas\/campana-colegiada\/"},"img":{"alt_text":"","src":"https:\/\/i0.wp.com\/estrategica.com.co\/blog\/wp-content\/uploads\/2009\/06\/taxes_thumb.png?fit=696%2C519&ssl=1&resize=350%2C200","width":350,"height":200},"classes":[]}],"jetpack_sharing_enabled":true,"_links":{"self":[{"href":"https:\/\/estrategica.com.co\/blog\/wp-json\/wp\/v2\/posts\/17491","targetHints":{"allow":["GET"]}}],"collection":[{"href":"https:\/\/estrategica.com.co\/blog\/wp-json\/wp\/v2\/posts"}],"about":[{"href":"https:\/\/estrategica.com.co\/blog\/wp-json\/wp\/v2\/types\/post"}],"author":[{"embeddable":true,"href":"https:\/\/estrategica.com.co\/blog\/wp-json\/wp\/v2\/users\/5"}],"replies":[{"embeddable":true,"href":"https:\/\/estrategica.com.co\/blog\/wp-json\/wp\/v2\/comments?post=17491"}],"version-history":[{"count":5,"href":"https:\/\/estrategica.com.co\/blog\/wp-json\/wp\/v2\/posts\/17491\/revisions"}],"predecessor-version":[{"id":44553,"href":"https:\/\/estrategica.com.co\/blog\/wp-json\/wp\/v2\/posts\/17491\/revisions\/44553"}],"wp:featuredmedia":[{"embeddable":true,"href":"https:\/\/estrategica.com.co\/blog\/wp-json\/wp\/v2\/media\/17492"}],"wp:attachment":[{"href":"https:\/\/estrategica.com.co\/blog\/wp-json\/wp\/v2\/media?parent=17491"}],"wp:term":[{"taxonomy":"category","embeddable":true,"href":"https:\/\/estrategica.com.co\/blog\/wp-json\/wp\/v2\/categories?post=17491"},{"taxonomy":"post_tag","embeddable":true,"href":"https:\/\/estrategica.com.co\/blog\/wp-json\/wp\/v2\/tags?post=17491"}],"curies":[{"name":"wp","href":"https:\/\/api.w.org\/{rel}","templated":true}]}}