{"id":17634,"date":"2009-06-20T14:03:59","date_gmt":"2009-06-20T14:03:59","guid":{"rendered":"http:\/\/estrategica.com.co\/blog\/?p=17634"},"modified":"2015-01-26T14:52:37","modified_gmt":"2015-01-26T19:52:37","slug":"los-ninos-del-partido-popular-navidad-rajoy","status":"publish","type":"post","link":"https:\/\/estrategica.com.co\/blog\/los-ninos-del-partido-popular-navidad-rajoy\/","title":{"rendered":"Los Ni\u00f1os del Partido Popular &#8211; Navidad &#8211; Rajoy"},"content":{"rendered":"<p> <script type='text\/javascript' src='https:\/\/estrategica.com.co\/blog\/wp-content\/plugins\/hana-flv-player\/flowplayer3\/example\/flowplayer-3.2.6.min.js'><\/script>\n<div >\n<div id='hana_flv_flow3_1' style='display:block;width:550px;height:413px;background-color:#555555;color:#ffffff;padding:0' title=\"*Video:los ni\u00f1os del partido popular - navidad - rajoy\"><\/div>\n<\/div>\n\n<script  type='text\/javascript'>\nif (typeof g_hanaFlash !== 'undefined' && !g_hanaFlash){\n    jQuery('#hana_flv_flow3_1').css( 'padding', '5px' );\n\tjQuery('#hana_flv_flow3_1').html(\"<span class='inactive_message' style='display:block'>Sorry, your browser does not support Flash Video Player<\/span> *Video:los ni\u00f1os del partido popular - navidad - rajoy\");\n}else{\t\t\t\n\t\tflowplayer('hana_flv_flow3_1', { src: 'https:\/\/estrategica.com.co\/blog\/wp-content\/plugins\/hana-flv-player\/flowplayer3\/flowplayer-3.2.7.swf', wmode: 'transparent' }, { \n\n\t\t\tcanvas: { backgroundColor: '#000000', backgroundGradient: 'none',},\n    \t\tclip:  { \n    \t\t\turl: '\/blog\/wp-content\/uploads\/2009\/01\/videosultimosconver\/navidadPP.flv',\n        \t\tscaling: 'fit', autoPlay: false, autoBuffering: true \n\t\t\t\t   , onFinish : function () { this.seek(0); }  \n\n\t        }\n\n\t\t});\n}\n<\/script><br \/>\n<\/br><\/p>\n<p>[icon color=\u00bbAccent-Color\u00bb size=\u00bbregular\u00bb image=\u00bbsteadysets-icon-chat\u00bb] <strong>Contexto<\/strong><\/br><\/br><\/p>\n<p>Video del Partido Popular durante la navidad de 2008. En la pieza aparecen las im\u00e1genes infantiles de algunos de los l\u00edderes del PP mientras, en sus propias voces, piden una Espa\u00f1a mejor, en la que todos podamos entendernos en un mismo idioma y todos tengamos las mismas oportunidades. En la secuencia siguiente aparecen los voceros infantiles, ya adultos, expresando un contundente \u201cY lo sigo queriendo\u201d para finalizar con la imagen de mariano Rajoy que expresa un calido \u201cDisfrutad, pasadlo bien, sed muy felices\u2026 es Navidad\u201d. El v\u00eddeo finaliza con un \u201cFeliz Navidad\u201d que aparece sobre un fondo azul, color corporativo del partido, con copos de nieve adornando la escena navide\u00f1a. La pieza, si duda, es un acierto de comunicaci\u00f3n que capta la atenci\u00f3n del espectador y genera favorabilidad hacia sus voceros. El instrumento utiliza una est\u00e9tica moderna y atractiva visualmente que conecta a la audiencia con la nueva imagen del partido.<\/p><\/p>\n","protected":false},"excerpt":{"rendered":"<p>*Video: los ni\u00f1os del partido popular &#8211; navidad &#8211; rajoy [icon color=\u00bbAccent-Color\u00bb size=\u00bbregular\u00bb image=\u00bbsteadysets-icon-chat\u00bb] Contexto Video del Partido Popular durante la navidad de 2008. En la pieza aparecen las im\u00e1genes infantiles de algunos de los l\u00edderes del PP mientras, en sus propias voces, piden una Espa\u00f1a mejor, en la que todos podamos entendernos en un [&hellip;]<\/p>\n","protected":false},"author":5,"featured_media":17837,"comment_status":"open","ping_status":"open","sticky":false,"template":"","format":"standard","meta":{"_et_pb_use_builder":"","_et_pb_old_content":"","_et_gb_content_width":"","advanced_seo_description":"","jetpack_seo_html_title":"","jetpack_seo_noindex":false,"footnotes":""},"categories":[268,263,27,23,10,35,11,3],"tags":[97,100],"class_list":["post-17634","post","type-post","status-publish","format-standard","has-post-thumbnail","hentry","category-268","category-ano","category-divulgacion-politica","category-espana","category-geo","category-mensaje-politico","category-temas","category-video","tag-mariano-rajoy","tag-partido-popular"],"jetpack_featured_media_url":"https:\/\/i0.wp.com\/estrategica.com.co\/blog\/wp-content\/uploads\/2009\/06\/navidadpp_thumb1.png?fit=424%2C320&ssl=1","jetpack_shortlink":"https:\/\/wp.me\/p4wgsh-4Aq","jetpack-related-posts":[{"id":18862,"url":"https:\/\/estrategica.com.co\/blog\/feliz-navidad-rajoy\/","url_meta":{"origin":17634,"position":0},"title":"Feliz Navidad &#8211; Rajoy","author":"Juliana","date":"julio 10, 2009","format":false,"excerpt":"[hana-flv-player video=\"\/blog\/wp-content\/uploads\/2009\/01\/videosotrosfin\/Mariano_el_PP_felicitan_la_Navidad.flv\" width=\"550\" height=\"\" description=\"Mapa de la Inseguridad - de Narv\u00e1ez\" clickurl=\"\" clicktarget=\"\" player=\"4\" autoplay=\"false\" loop=\"false\" autorewind=\"true\" splashimage=\"\" skin=\"\" \/] [icon color=\"Accent-Color\" size=\"regular\" image=\"steadysets-icon-chat\"] Contexto Spot del Partido Popular en diciembre de 2007 para desearles feliz navidad a los espa\u00f1oles. La pieza muestra la cotidianidad del partido en un ambiente\u2026","rel":"","context":"En \u00ab2007\u00bb","block_context":{"text":"2007","link":"https:\/\/estrategica.com.co\/blog\/category\/ano\/2007\/"},"img":{"alt_text":"","src":"https:\/\/i0.wp.com\/estrategica.com.co\/blog\/wp-content\/uploads\/2009\/07\/mariano_el_pp_felicitan_la_navidad_thumb.png?fit=580%2C426&ssl=1&resize=350%2C200","width":350,"height":200},"classes":[]},{"id":8352,"url":"https:\/\/estrategica.com.co\/blog\/infraestructura-incumplimientos-de-psoe-provincia-de-zamora-rajoy\/","url_meta":{"origin":17634,"position":1},"title":"Infraestructura &#8211; Incumplimientos de PSOE &#8211; Provincia de Zamora &#8211; Rajoy","author":"Juliana","date":"marzo 28, 2009","format":false,"excerpt":"[hana-flv-player video=\"\/blog\/wp-content\/uploads\/2009\/01\/videos_varios_f\/video_campa_Partido_Popular_Elecciones_2008.flv\" width=\"550\" height=\"\" description=\"Infraestructura - Incumplimientos de PSOE - Provincia de Zamora - Rajoy\" clickurl=\"\" clicktarget=\"\" player=\"4\" autoplay=\"false\" loop=\"false\" autorewind=\"true\" splashimage=\"\" skin=\"\" \/] [icon color=\"Accent-Color\" size=\"regular\" image=\"steadysets-icon-chat\"] Contexto Video del Partido Popular para las elecciones de 2008. Esta dirigido a las obras de infraestructura de la Provincia de Zamora.\u2026","rel":"","context":"En \u00abCampa\u00f1a Presidencial\u00bb","block_context":{"text":"Campa\u00f1a Presidencial","link":"https:\/\/estrategica.com.co\/blog\/category\/temas\/campana-presidencial\/"},"img":{"alt_text":"","src":"","width":0,"height":0},"classes":[]},{"id":2765,"url":"https:\/\/estrategica.com.co\/blog\/un-mismo-sueno-una-realidad-pp\/","url_meta":{"origin":17634,"position":2},"title":"Un Mismo Sue\u00f1o una Realidad &#8211; PP","author":"Juliana","date":"enero 25, 2009","format":false,"excerpt":"[hana-flv-player video=\"\/blog\/wp-content\/uploads\/2009\/01\/ESPANA\/PP_Un_mismo_sue\u00f1o_una_REALIDAD.flv\" width=\"550\" height=\"\" description=\"Un Mismo Sue\u00f1o una Realidad - PP\" clickurl=\"\" clicktarget=\"\" player=\"4\" autoplay=\"false\" loop=\"false\" autorewind=\"true\" splashimage=\"\" skin=\"\" \/] [icon color=\"Accent-Color\" size=\"regular\" image=\"steadysets-icon-chat\"] Contexto Spot del PP para las elecciones generales de 2008. La voz de una ni\u00f1a va desarrollando el gui\u00f3n mientras desfilan im\u00e1genes que visualizan lo que\u2026","rel":"","context":"En \u00abCampa\u00f1a Presidencial\u00bb","block_context":{"text":"Campa\u00f1a Presidencial","link":"https:\/\/estrategica.com.co\/blog\/category\/temas\/campana-presidencial\/"},"img":{"alt_text":"","src":"https:\/\/i0.wp.com\/estrategica.com.co\/blog\/wp-content\/uploads\/2009\/01\/pp_un_mismo_sueno_una_realidad_thumb.png?fit=317%2C254&ssl=1&resize=350%2C200","width":350,"height":200},"classes":[]},{"id":2709,"url":"https:\/\/estrategica.com.co\/blog\/decepcionada-pp\/","url_meta":{"origin":17634,"position":3},"title":"Decepcionada &#8211; PP","author":"Juliana","date":"enero 26, 2009","format":false,"excerpt":"[hana-flv-player video=\"\/blog\/wp-content\/uploads\/2009\/01\/ESPANA\/Enamorada_PP.flv\" width=\"550\" height=\"\" description=\"Decepcionada - PP\" clickurl=\"\" clicktarget=\"\" player=\"4\" autoplay=\"false\" loop=\"false\" autorewind=\"true\" splashimage=\"\" skin=\"\" \/] [icon color=\"Accent-Color\" size=\"regular\" image=\"steadysets-icon-chat\"] Contexto Spot del Partido Popular para las elecciones generales de 2008. En ella aparece una mujer joven decepcionada de alguien que al final resulta ser Zapatero. El spot esta bien\u2026","rel":"","context":"En \u00abCampa\u00f1a Presidencial\u00bb","block_context":{"text":"Campa\u00f1a Presidencial","link":"https:\/\/estrategica.com.co\/blog\/category\/temas\/campana-presidencial\/"},"img":{"alt_text":"","src":"","width":0,"height":0},"classes":[]},{"id":21789,"url":"https:\/\/estrategica.com.co\/blog\/rajoy-es-el-futuro-pp\/","url_meta":{"origin":17634,"position":4},"title":"Rajoy es el Futuro &#8211; PP","author":"Juliana","date":"junio 14, 2010","format":false,"excerpt":"[hana-flv-player video=\"\/blog\/wp-content\/uploads\/2009\/01\/20100609\/Rajoyeselfuturocopia.flv\" width=\"550\" height=\"\" description=\"Rajoy es el Futuro - PP\" clickurl=\"\" clicktarget=\"\" player=\"4\" autoplay=\"false\" loop=\"false\" autorewind=\"true\" splashimage=\"\" skin=\"\" \/] [icon color=\"Accent-Color\" size=\"regular\" image=\"steadysets-icon-chat\"] Contexto Video con la Presentaci\u00f3n de Mariano Rajoy en la Convenci\u00f3n Nacional del Partido Popular celebrada en marzo de 2006. Una pieza est\u00e9ticamente interesante, emocional, pero sin\u2026","rel":"","context":"En \u00ab2006\u00bb","block_context":{"text":"2006","link":"https:\/\/estrategica.com.co\/blog\/category\/ano\/2006\/"},"img":{"alt_text":"","src":"https:\/\/i0.wp.com\/estrategica.com.co\/blog\/wp-content\/uploads\/2010\/06\/Rajoyeselfuturocopia_thumb.png?fit=707%2C578&ssl=1&resize=350%2C200","width":350,"height":200},"classes":[]},{"id":7607,"url":"https:\/\/estrategica.com.co\/blog\/juntos-vamos-a-mas-rajoy\/","url_meta":{"origin":17634,"position":5},"title":"Juntos Vamos a M\u00e1s &#8211; Rajoy","author":"Juliana","date":"marzo 22, 2009","format":false,"excerpt":"[hana-flv-player video=\"\/blog\/wp-content\/uploads\/2009\/01\/videos_varios_f\/Juntos_vamos_a_mas_1__PP_2004.flv\" width=\"550\" height=\"\" description=\"Juntos Vamos a M\u00e1s - Rajoy\" clickurl=\"\" clicktarget=\"\" player=\"4\" autoplay=\"false\" loop=\"false\" autorewind=\"true\" splashimage=\"\" skin=\"\" \/] [icon color=\"Accent-Color\" size=\"regular\" image=\"steadysets-icon-chat\"] Contexto Spot de campa\u00f1a del Partido Popular para las elecciones de 2004. La imagen central de la campa\u00f1a es un mapa de Espa\u00f1a conformado por miles de\u2026","rel":"","context":"En \u00abCampa\u00f1a Presidencial\u00bb","block_context":{"text":"Campa\u00f1a Presidencial","link":"https:\/\/estrategica.com.co\/blog\/category\/temas\/campana-presidencial\/"},"img":{"alt_text":"","src":"https:\/\/i0.wp.com\/estrategica.com.co\/blog\/wp-content\/uploads\/2009\/03\/juntos_vamos_a_mas_1__pp_2004_thumb.png?fit=352%2C259&ssl=1&resize=350%2C200","width":350,"height":200},"classes":[]}],"jetpack_sharing_enabled":true,"_links":{"self":[{"href":"https:\/\/estrategica.com.co\/blog\/wp-json\/wp\/v2\/posts\/17634","targetHints":{"allow":["GET"]}}],"collection":[{"href":"https:\/\/estrategica.com.co\/blog\/wp-json\/wp\/v2\/posts"}],"about":[{"href":"https:\/\/estrategica.com.co\/blog\/wp-json\/wp\/v2\/types\/post"}],"author":[{"embeddable":true,"href":"https:\/\/estrategica.com.co\/blog\/wp-json\/wp\/v2\/users\/5"}],"replies":[{"embeddable":true,"href":"https:\/\/estrategica.com.co\/blog\/wp-json\/wp\/v2\/comments?post=17634"}],"version-history":[{"count":7,"href":"https:\/\/estrategica.com.co\/blog\/wp-json\/wp\/v2\/posts\/17634\/revisions"}],"predecessor-version":[{"id":45371,"href":"https:\/\/estrategica.com.co\/blog\/wp-json\/wp\/v2\/posts\/17634\/revisions\/45371"}],"wp:featuredmedia":[{"embeddable":true,"href":"https:\/\/estrategica.com.co\/blog\/wp-json\/wp\/v2\/media\/17837"}],"wp:attachment":[{"href":"https:\/\/estrategica.com.co\/blog\/wp-json\/wp\/v2\/media?parent=17634"}],"wp:term":[{"taxonomy":"category","embeddable":true,"href":"https:\/\/estrategica.com.co\/blog\/wp-json\/wp\/v2\/categories?post=17634"},{"taxonomy":"post_tag","embeddable":true,"href":"https:\/\/estrategica.com.co\/blog\/wp-json\/wp\/v2\/tags?post=17634"}],"curies":[{"name":"wp","href":"https:\/\/api.w.org\/{rel}","templated":true}]}}