{"id":17651,"date":"2009-06-20T18:39:15","date_gmt":"2009-06-20T18:39:15","guid":{"rendered":"http:\/\/estrategica.com.co\/blog\/?p=17651"},"modified":"2015-01-26T12:53:01","modified_gmt":"2015-01-26T17:53:01","slug":"nuestra-herencia-pan","status":"publish","type":"post","link":"https:\/\/estrategica.com.co\/blog\/nuestra-herencia-pan\/","title":{"rendered":"Nuestra Herencia &#8211; PAN"},"content":{"rendered":"<p> <script type='text\/javascript' src='https:\/\/estrategica.com.co\/blog\/wp-content\/plugins\/hana-flv-player\/flowplayer3\/example\/flowplayer-3.2.6.min.js'><\/script>\n<div >\n<div id='hana_flv_flow3_1' style='display:block;width:550px;height:413px;background-color:#555555;color:#ffffff;padding:0' title=\"*Video:nuestra herencia - pan\"><\/div>\n<\/div>\n\n<script  type='text\/javascript'>\nif (typeof g_hanaFlash !== 'undefined' && !g_hanaFlash){\n    jQuery('#hana_flv_flow3_1').css( 'padding', '5px' );\n\tjQuery('#hana_flv_flow3_1').html(\"<span class='inactive_message' style='display:block'>Sorry, your browser does not support Flash Video Player<\/span> *Video:nuestra herencia - pan\");\n}else{\t\t\t\n\t\tflowplayer('hana_flv_flow3_1', { src: 'https:\/\/estrategica.com.co\/blog\/wp-content\/plugins\/hana-flv-player\/flowplayer3\/flowplayer-3.2.7.swf', wmode: 'transparent' }, { \n\n\t\t\tcanvas: { backgroundColor: '#000000', backgroundGradient: 'none',},\n    \t\tclip:  { \n    \t\t\turl: '\/blog\/wp-content\/uploads\/2009\/01\/videosultimosconver\/NuestraHerencia.flv',\n        \t\tscaling: 'fit', autoPlay: false, autoBuffering: true \n\t\t\t\t   , onFinish : function () { this.seek(0); }  \n\n\t        }\n\n\t\t});\n}\n<\/script><br \/>\n<\/br><\/p>\n<p>[icon color=\u00bbAccent-Color\u00bb size=\u00bbregular\u00bb image=\u00bbsteadysets-icon-chat\u00bb] <strong>Contexto<\/strong><\/br><\/br><\/p>\n<p>Video del Partido Acci\u00f3n Nacional, PAN, de M\u00e9xico grabado en el a\u00f1o 2008. La pieza busca despertar sentido de pertenencia y tradici\u00f3n en la militancia del partido. El secretario del partido, Germ\u00e1n Mart\u00ednez C\u00e1zares, comienza a pronunciar los nombres de miembros significativos del partido y aparecen las im\u00e1genes del mencionado en pronunciamientos o actividades de naturaleza pol\u00edtica. El video esta bien logrado y produce sentimientos partidista en el espectador militante. Es una pieza id\u00f3nea para encender los \u00e1nimos, por ejemplo, en un acto partidista.<\/p><\/p>\n","protected":false},"excerpt":{"rendered":"<p>*Video: nuestra herencia &#8211; pan [icon color=\u00bbAccent-Color\u00bb size=\u00bbregular\u00bb image=\u00bbsteadysets-icon-chat\u00bb] Contexto Video del Partido Acci\u00f3n Nacional, PAN, de M\u00e9xico grabado en el a\u00f1o 2008. La pieza busca despertar sentido de pertenencia y tradici\u00f3n en la militancia del partido. El secretario del partido, Germ\u00e1n Mart\u00ednez C\u00e1zares, comienza a pronunciar los nombres de miembros significativos del partido y [&hellip;]<\/p>\n","protected":false},"author":5,"featured_media":17652,"comment_status":"open","ping_status":"open","sticky":false,"template":"","format":"standard","meta":{"_et_pb_use_builder":"","_et_pb_old_content":"","_et_gb_content_width":"","advanced_seo_description":"","jetpack_seo_html_title":"","jetpack_seo_noindex":false,"footnotes":""},"categories":[268,263,27,10,35,201,11,3],"tags":[255],"class_list":["post-17651","post","type-post","status-publish","format-standard","has-post-thumbnail","hentry","category-268","category-ano","category-divulgacion-politica","category-geo","category-mensaje-politico","category-mexico","category-temas","category-video","tag-pan"],"jetpack_featured_media_url":"https:\/\/i0.wp.com\/estrategica.com.co\/blog\/wp-content\/uploads\/2009\/06\/nuestraherencia_thumb.png?fit=500%2C427&ssl=1","jetpack_shortlink":"https:\/\/wp.me\/p4wgsh-4AH","jetpack-related-posts":[{"id":23409,"url":"https:\/\/estrategica.com.co\/blog\/desde1939versinfamilia\/","url_meta":{"origin":17651,"position":0},"title":"Desde 1939 &#8211; Familias &#8211; PAN","author":"Juliana","date":"noviembre 16, 2010","format":false,"excerpt":"[hana-flv-player video=\"\/blog\/wp-content\/uploads\/2009\/01\/20100708\/Desde1939versinfamilia.flv\" width=\"550\" height=\"\" description=\"Desde 1939 - Familias - PAN\" clickurl=\"\" clicktarget=\"\" player=\"4\" autoplay=\"false\" loop=\"false\" autorewind=\"true\" splashimage=\"\" skin=\"\" \/] [icon color=\"Accent-Color\" size=\"regular\" image=\"steadysets-icon-chat\"] Contexto Spot del PAN, del a\u00f1o 2009, para celebrar los 70 a\u00f1os de historia y posicionar al partido en lo ciudadanos. La piezas muestran, inteligentemente, como la\u2026","rel":"","context":"En \u00ab2009\u00bb","block_context":{"text":"2009","link":"https:\/\/estrategica.com.co\/blog\/category\/ano\/2009\/"},"img":{"alt_text":"","src":"https:\/\/i0.wp.com\/estrategica.com.co\/blog\/wp-content\/uploads\/2010\/07\/Desde1939versinfamilia_thumb.png?fit=570%2C341&ssl=1&resize=350%2C200","width":350,"height":200},"classes":[]},{"id":23412,"url":"https:\/\/estrategica.com.co\/blog\/desde1939versinhombre\/","url_meta":{"origin":17651,"position":1},"title":"Desde1939 &#8211; Hombre &#8211; PAN","author":"Juliana","date":"noviembre 16, 2010","format":false,"excerpt":"[hana-flv-player video=\"\/blog\/wp-content\/uploads\/2009\/01\/20100708\/Desde1939versinhombre.flv\" width=\"550\" height=\"\" description=\"Desde1939 - Hombre - PAN\" clickurl=\"\" clicktarget=\"\" player=\"4\" autoplay=\"false\" loop=\"false\" autorewind=\"true\" splashimage=\"\" skin=\"\" \/] [icon color=\"Accent-Color\" size=\"regular\" image=\"steadysets-icon-chat\"] Contexto Spot del PAN, del a\u00f1o 2009, para celebrar los 70 a\u00f1os de historia y posicionar al partido en lo ciudadanos. La piezas muestran, inteligentemente, como la historia\u2026","rel":"","context":"En \u00ab2009\u00bb","block_context":{"text":"2009","link":"https:\/\/estrategica.com.co\/blog\/category\/ano\/2009\/"},"img":{"alt_text":"","src":"https:\/\/i0.wp.com\/estrategica.com.co\/blog\/wp-content\/uploads\/2010\/07\/Desde1939versinhombre_thumb.png?fit=528%2C331&ssl=1&resize=350%2C200","width":350,"height":200},"classes":[]},{"id":23415,"url":"https:\/\/estrategica.com.co\/blog\/desde1939versinmujer\/","url_meta":{"origin":17651,"position":2},"title":"Desde1939 &#8211; Mujer &#8211; PAN","author":"Juliana","date":"noviembre 16, 2010","format":false,"excerpt":"[hana-flv-player video=\"\/blog\/wp-content\/uploads\/2009\/01\/20100708\/Desde1939versinmujer.flv\" width=\"550\" height=\"\" description=\"Desde1939 - Mujer - PAN\" clickurl=\"\" clicktarget=\"\" player=\"4\" autoplay=\"false\" loop=\"false\" autorewind=\"true\" splashimage=\"\" skin=\"\" \/] [icon color=\"Accent-Color\" size=\"regular\" image=\"steadysets-icon-chat\"] Contexto Spot del PAN, del a\u00f1o 2009, para celebrar los 70 a\u00f1os de historia y posicionar al partido en lo ciudadanos. La piezas muestran, inteligentemente, como la historia\u2026","rel":"","context":"En \u00ab2009\u00bb","block_context":{"text":"2009","link":"https:\/\/estrategica.com.co\/blog\/category\/ano\/2009\/"},"img":{"alt_text":"","src":"https:\/\/i0.wp.com\/estrategica.com.co\/blog\/wp-content\/uploads\/2010\/07\/Desde1939versinmujer_thumb.png?fit=593%2C331&ssl=1&resize=350%2C200","width":350,"height":200},"classes":[]},{"id":17995,"url":"https:\/\/estrategica.com.co\/blog\/reforma-energetica-pan\/","url_meta":{"origin":17651,"position":3},"title":"Reforma Energ\u00e9tica &#8211; PAN","author":"Juliana","date":"octubre 11, 2009","format":false,"excerpt":"[hana-flv-player video=\"\/blog\/wp-content\/uploads\/2009\/01\/videosultimosconver\/reformaenergetica.flv\" width=\"550\" height=\"\" description=\"Reforma Energ\u00e9tica - PAN\" clickurl=\"\" clicktarget=\"\" player=\"4\" autoplay=\"false\" loop=\"false\" autorewind=\"true\" splashimage=\"\" skin=\"\" \/] [icon color=\"Accent-Color\" size=\"regular\" image=\"steadysets-icon-chat\"] Contexto Spot del PAN para apoyar las medidas adoptadas por el gobierno en torno a PEMEX. La primera frase es contundente en materia de mensaje: PEMEX no se privatiza\u2026","rel":"","context":"En \u00ab2008\u00bb","block_context":{"text":"2008","link":"https:\/\/estrategica.com.co\/blog\/category\/ano\/2008\/"},"img":{"alt_text":"","src":"https:\/\/i0.wp.com\/estrategica.com.co\/blog\/wp-content\/uploads\/2009\/06\/reformaenergetica_thumb.png?fit=637%2C492&ssl=1&resize=350%2C200","width":350,"height":200},"classes":[]},{"id":23502,"url":"https:\/\/estrategica.com.co\/blog\/empleo-calderon\/","url_meta":{"origin":17651,"position":4},"title":"Empleo &#8211; Calder\u00f3n","author":"Juliana","date":"septiembre 2, 2010","format":false,"excerpt":"[hana-flv-player video=\"\/blog\/wp-content\/uploads\/2009\/01\/20100708\/EMPLEOMASNITIDO.flv\" width=\"550\" height=\"\" description=\"Empleo - Calder\u00f3n\" clickurl=\"\" clicktarget=\"\" player=\"4\" autoplay=\"false\" loop=\"false\" autorewind=\"true\" splashimage=\"\" skin=\"\" \/] [icon color=\"Accent-Color\" size=\"regular\" image=\"steadysets-icon-chat\"] Contexto Spot de la campa\u00f1a de Cuauht\u00e9moc Calder\u00f3n Galv\u00e1n a la gobernaci\u00f3n de Zacatecas, durante la contienda electoral de 2010 a nombre del PAN. \u00a0Para competir con el pri\u00edsta Miguel\u2026","rel":"","context":"En \u00ab2010\u00bb","block_context":{"text":"2010","link":"https:\/\/estrategica.com.co\/blog\/category\/ano\/2010\/"},"img":{"alt_text":"","src":"https:\/\/i0.wp.com\/estrategica.com.co\/blog\/wp-content\/uploads\/2010\/07\/EMPLEOMASNITIDO_thumb.png?fit=634%2C454&ssl=1&resize=350%2C200","width":350,"height":200},"classes":[]},{"id":24166,"url":"https:\/\/estrategica.com.co\/blog\/seguridad-calderon-2\/","url_meta":{"origin":17651,"position":5},"title":"Seguridad &#8211; Calder\u00f3n","author":"Juliana","date":"septiembre 22, 2010","format":false,"excerpt":"[hana-flv-player video=\"\/blog\/wp-content\/uploads\/2009\/01\/20100708\/SEGURIDAD.flv\" width=\"550\" height=\"\" description=\"Seguridad - Calder\u00f3n\" clickurl=\"\" clicktarget=\"\" player=\"4\" autoplay=\"false\" loop=\"false\" autorewind=\"true\" splashimage=\"\" skin=\"\" \/] [icon color=\"Accent-Color\" size=\"regular\" image=\"steadysets-icon-chat\"] Contexto Spot de la campa\u00f1a de Cuauht\u00e9moc Calder\u00f3n Galv\u00e1n a la gobernaci\u00f3n de Zacatecas, durante la contienda electoral de 2010 a nombre del PAN. \u00a0Para competir con el pri\u00edsta Miguel\u2026","rel":"","context":"En \u00ab2010\u00bb","block_context":{"text":"2010","link":"https:\/\/estrategica.com.co\/blog\/category\/ano\/2010\/"},"img":{"alt_text":"","src":"https:\/\/i0.wp.com\/estrategica.com.co\/blog\/wp-content\/uploads\/2010\/07\/SEGURIDAD_thumb.png?fit=555%2C413&ssl=1&resize=350%2C200","width":350,"height":200},"classes":[]}],"jetpack_sharing_enabled":true,"_links":{"self":[{"href":"https:\/\/estrategica.com.co\/blog\/wp-json\/wp\/v2\/posts\/17651","targetHints":{"allow":["GET"]}}],"collection":[{"href":"https:\/\/estrategica.com.co\/blog\/wp-json\/wp\/v2\/posts"}],"about":[{"href":"https:\/\/estrategica.com.co\/blog\/wp-json\/wp\/v2\/types\/post"}],"author":[{"embeddable":true,"href":"https:\/\/estrategica.com.co\/blog\/wp-json\/wp\/v2\/users\/5"}],"replies":[{"embeddable":true,"href":"https:\/\/estrategica.com.co\/blog\/wp-json\/wp\/v2\/comments?post=17651"}],"version-history":[{"count":6,"href":"https:\/\/estrategica.com.co\/blog\/wp-json\/wp\/v2\/posts\/17651\/revisions"}],"predecessor-version":[{"id":45357,"href":"https:\/\/estrategica.com.co\/blog\/wp-json\/wp\/v2\/posts\/17651\/revisions\/45357"}],"wp:featuredmedia":[{"embeddable":true,"href":"https:\/\/estrategica.com.co\/blog\/wp-json\/wp\/v2\/media\/17652"}],"wp:attachment":[{"href":"https:\/\/estrategica.com.co\/blog\/wp-json\/wp\/v2\/media?parent=17651"}],"wp:term":[{"taxonomy":"category","embeddable":true,"href":"https:\/\/estrategica.com.co\/blog\/wp-json\/wp\/v2\/categories?post=17651"},{"taxonomy":"post_tag","embeddable":true,"href":"https:\/\/estrategica.com.co\/blog\/wp-json\/wp\/v2\/tags?post=17651"}],"curies":[{"name":"wp","href":"https:\/\/api.w.org\/{rel}","templated":true}]}}