{"id":17913,"date":"2009-10-11T20:17:09","date_gmt":"2009-10-11T20:17:09","guid":{"rendered":"http:\/\/estrategica.com.co\/blog\/?p=17913"},"modified":"2014-10-24T16:33:19","modified_gmt":"2014-10-24T21:33:19","slug":"nuevo-presidente-calderon","status":"publish","type":"post","link":"https:\/\/estrategica.com.co\/blog\/nuevo-presidente-calderon\/","title":{"rendered":"Nuevo Presidente &#8211; Calder\u00f3n"},"content":{"rendered":"<p> <script type='text\/javascript' src='https:\/\/estrategica.com.co\/blog\/wp-content\/plugins\/hana-flv-player\/flowplayer3\/example\/flowplayer-3.2.6.min.js'><\/script>\n<div >\n<div id='hana_flv_flow3_1' style='display:block;width:550px;height:413px;background-color:#555555;color:#ffffff;padding:0' title=\"*Video:nuevo presidente - calder\u00f3n\"><\/div>\n<\/div>\n\n<script  type='text\/javascript'>\nif (typeof g_hanaFlash !== 'undefined' && !g_hanaFlash){\n    jQuery('#hana_flv_flow3_1').css( 'padding', '5px' );\n\tjQuery('#hana_flv_flow3_1').html(\"<span class='inactive_message' style='display:block'>Sorry, your browser does not support Flash Video Player<\/span> *Video:nuevo presidente - calder\u00f3n\");\n}else{\t\t\t\n\t\tflowplayer('hana_flv_flow3_1', { src: 'https:\/\/estrategica.com.co\/blog\/wp-content\/plugins\/hana-flv-player\/flowplayer3\/flowplayer-3.2.7.swf', wmode: 'transparent' }, { \n\n\t\t\tcanvas: { backgroundColor: '#000000', backgroundGradient: 'none',},\n    \t\tclip:  { \n    \t\t\turl: '\/blog\/wp-content\/uploads\/2009\/01\/videosultimosconver\/presidencia2.flv',\n        \t\tscaling: 'fit', autoPlay: false, autoBuffering: true \n\t\t\t\t   , onFinish : function () { this.seek(0); }  \n\n\t        }\n\n\t\t});\n}\n<\/script><br \/>\n<\/br><\/p>\n<p>[icon color=\u00bbAccent-Color\u00bb size=\u00bbregular\u00bb image=\u00bbsteadysets-icon-chat\u00bb] <strong>Contexto<\/strong><\/br><\/br><\/p>\n<p style=\"text-align: justify;\">Spot del Gobierno Mexicano para marcar el comienzo de la administraci\u00f3n del Presidente Felipe Calder\u00f3n despu\u00e9s del estrecho margen de triunfo y el desconocimiento de L\u00f3pez Obrador de la victoria de su adversario. La pieza busca propiciar optimismo y marcar de esperanza el comienzo e la nueva administraci\u00f3n.<\/p><\/p>\n","protected":false},"excerpt":{"rendered":"<p>*Video: nuevo presidente &#8211; calder\u00f3n [icon color=\u00bbAccent-Color\u00bb size=\u00bbregular\u00bb image=\u00bbsteadysets-icon-chat\u00bb] Contexto Spot del Gobierno Mexicano para marcar el comienzo de la administraci\u00f3n del Presidente Felipe Calder\u00f3n despu\u00e9s del estrecho margen de triunfo y el desconocimiento de L\u00f3pez Obrador de la victoria de su adversario. La pieza busca propiciar optimismo y marcar de esperanza el comienzo e [&hellip;]<\/p>\n","protected":false},"author":5,"featured_media":17915,"comment_status":"open","ping_status":"open","sticky":false,"template":"","format":"standard","meta":{"_et_pb_use_builder":"","_et_pb_old_content":"","_et_gb_content_width":"","advanced_seo_description":"","jetpack_seo_html_title":"","jetpack_seo_noindex":false,"footnotes":""},"categories":[269,263,28,36,10,201,11,3],"tags":[259],"class_list":["post-17913","post","type-post","status-publish","format-standard","has-post-thumbnail","hentry","category-269","category-ano","category-comunicacion-gobierno","category-de-gobierno","category-geo","category-mexico","category-temas","category-video","tag-felipe-calderon"],"jetpack_featured_media_url":"https:\/\/i0.wp.com\/estrategica.com.co\/blog\/wp-content\/uploads\/2009\/06\/presidencia2_thumb.png?fit=648%2C416&ssl=1","jetpack_shortlink":"https:\/\/wp.me\/p4wgsh-4EV","jetpack-related-posts":[{"id":18153,"url":"https:\/\/estrategica.com.co\/blog\/nuevo-presidente-calderon-2\/","url_meta":{"origin":17913,"position":0},"title":"Nuevo Presidente &#8211; Calder\u00f3n","author":"Juliana","date":"octubre 11, 2009","format":false,"excerpt":"[hana-flv-player video=\"\/blog\/wp-content\/uploads\/2009\/01\/videosultimosconver\/spotpresidencia.flv\" width=\"550\" height=\"\" description=\"Nuevo Presidente - Calder\u00f3n\" clickurl=\"\" clicktarget=\"\" player=\"4\" autoplay=\"false\" loop=\"false\" autorewind=\"true\" splashimage=\"\" skin=\"\" \/] [icon color=\"Accent-Color\" size=\"regular\" image=\"steadysets-icon-chat\"] Contexto Spot del Gobierno Mexicano para marcar el comienzo de la administraci\u00f3n del Presidente Felipe Calder\u00f3n despu\u00e9s del estrecho margen de triunfo y el desconocimiento de L\u00f3pez Obrador de\u2026","rel":"","context":"En \u00ab2007\u00bb","block_context":{"text":"2007","link":"https:\/\/estrategica.com.co\/blog\/category\/ano\/2007\/"},"img":{"alt_text":"","src":"https:\/\/i0.wp.com\/estrategica.com.co\/blog\/wp-content\/uploads\/2009\/06\/spotpresidencia_thumb.png?fit=677%2C421&ssl=1&resize=350%2C200","width":350,"height":200},"classes":[]},{"id":7360,"url":"https:\/\/estrategica.com.co\/blog\/en-mexico-tenemos-nuevo-presidente-calderon\/","url_meta":{"origin":17913,"position":1},"title":"En M\u00e9xico tenemos nuevo Presidente &#8211; Calder\u00f3n","author":"Juliana","date":"marzo 21, 2009","format":false,"excerpt":"[hana-flv-player video=\"\/blog\/wp-content\/uploads\/2009\/01\/videos_varios_f\/Felipe_Calderon_Presidente_Spot.flv\" width=\"550\" height=\"\" description=\"En M\u00e9xico tenemos nuevo Presidente - Calder\u00f3n\" clickurl=\"\" clicktarget=\"\" player=\"4\" autoplay=\"false\" loop=\"false\" autorewind=\"true\" splashimage=\"\" skin=\"\" \/] [icon color=\"Accent-Color\" size=\"regular\" image=\"steadysets-icon-chat\"] Contexto Spot de Gobierno de Felipe Calder\u00f3n a las elecciones de 2006.\u00a0 La pieza tiene como finalidad trasmitir un mensaje de optimismo en medio de la\u2026","rel":"","context":"En \u00abComunicaci\u00f3n Gobierno\u00bb","block_context":{"text":"Comunicaci\u00f3n Gobierno","link":"https:\/\/estrategica.com.co\/blog\/category\/temas\/comunicacion-gobierno\/"},"img":{"alt_text":"","src":"","width":0,"height":0},"classes":[]},{"id":15313,"url":"https:\/\/estrategica.com.co\/blog\/presidente-del-empleo-calderon\/","url_meta":{"origin":17913,"position":2},"title":"Presidente del Empleo &#8211; Calder\u00f3n","author":"Juliana","date":"noviembre 13, 2009","format":false,"excerpt":"[hana-flv-player video=\"\/blog\/wp-content\/uploads\/2009\/01\/videos_ultimos\/av204.flv\" width=\"550\" height=\"\" description=\"Presidente del Empleo - Calder\u00f3n\" clickurl=\"\" clicktarget=\"\" player=\"4\" autoplay=\"false\" loop=\"false\" autorewind=\"true\" splashimage=\"\" skin=\"\" \/] [icon color=\"Accent-Color\" size=\"regular\" image=\"steadysets-icon-chat\"] Contexto Spot de campa\u00f1a de Felipe Calder\u00f3n a las elecciones de 2006.\u00a0 La estrategia, inicialmente, estuvo dirigida a aumentar el nivel de conocimiento pues era el menos conocido\u2026","rel":"","context":"En \u00abCampa\u00f1a Presidencial\u00bb","block_context":{"text":"Campa\u00f1a Presidencial","link":"https:\/\/estrategica.com.co\/blog\/category\/temas\/campana-presidencial\/"},"img":{"alt_text":"","src":"https:\/\/i0.wp.com\/estrategica.com.co\/blog\/wp-content\/uploads\/2009\/05\/av204_thumb.png?fit=448%2C329&ssl=1&resize=350%2C200","width":350,"height":200},"classes":[]},{"id":15437,"url":"https:\/\/estrategica.com.co\/blog\/av233\/","url_meta":{"origin":17913,"position":3},"title":"Apoyo a Calder\u00f3n &#8211; PAN","author":"Juliana","date":"marzo 3, 2011","format":false,"excerpt":"[hana-flv-player video=\"\/blog\/wp-content\/uploads\/2009\/01\/videos_ultimos\/av233.flv\" width=\"550\" height=\"\" description=\"Apoyo a Calder\u00f3n - PAN\" clickurl=\"\" clicktarget=\"\" player=\"4\" autoplay=\"false\" loop=\"false\" autorewind=\"true\" splashimage=\"\" skin=\"\" \/] [icon color=\"Accent-Color\" size=\"regular\" image=\"steadysets-icon-chat\"] Contexto Spot del Partido Acci\u00f3n Nacional, en el a\u00f1o 2007, para posicionar el apoyo de la colectividad al gobierno del Presidente Felipe Calder\u00f3n. Es una pieza t\u00edpica pol\u00edtica\u2026","rel":"","context":"En \u00ab2007\u00bb","block_context":{"text":"2007","link":"https:\/\/estrategica.com.co\/blog\/category\/ano\/2007\/"},"img":{"alt_text":"","src":"https:\/\/i0.wp.com\/estrategica.com.co\/blog\/wp-content\/uploads\/2009\/05\/av233_thumb.png?fit=430%2C351&ssl=1&resize=350%2C200","width":350,"height":200},"classes":[]},{"id":16705,"url":"https:\/\/estrategica.com.co\/blog\/centros-nueva-vida-calderon\/","url_meta":{"origin":17913,"position":4},"title":"Centros Nueva Vida &#8211; Calder\u00f3n","author":"estrategica.com","date":"junio 19, 2009","format":false,"excerpt":"[hana-flv-player video=\"\/blog\/wp-content\/uploads\/2009\/01\/videosultimosconver\/100dias1.flv\" width=\"550\" height=\"\" description=\"Centros Nueva Vida - Calder\u00f3n\" clickurl=\"\" clicktarget=\"\" player=\"4\" autoplay=\"false\" loop=\"false\" autorewind=\"true\" splashimage=\"\" skin=\"\" \/] [icon color=\"Accent-Color\" size=\"regular\" image=\"steadysets-icon-chat\"] Contexto Spot del Gobierno de Felipe Calder\u00f3n con el cual intenta posicionar sus logros y programas de cara al cumplimiento de los primeros dos a\u00f1os de gobierno. La\u2026","rel":"","context":"En \u00ab2009\u00bb","block_context":{"text":"2009","link":"https:\/\/estrategica.com.co\/blog\/category\/ano\/2009\/"},"img":{"alt_text":"","src":"https:\/\/i0.wp.com\/estrategica.com.co\/blog\/wp-content\/uploads\/2009\/06\/100dias1_thumb.png?fit=412%2C315&ssl=1&resize=350%2C200","width":350,"height":200},"classes":[]},{"id":7052,"url":"https:\/\/estrategica.com.co\/blog\/empleo-felipe-calderon\/","url_meta":{"origin":17913,"position":5},"title":"Empleo &#8211; Felipe Calder\u00f3n","author":"Juliana","date":"marzo 19, 2009","format":false,"excerpt":"[hana-flv-player video=\"\/blog\/wp-content\/uploads\/2009\/01\/videos_varios_f\/Calderon_Empleo.flv\" width=\"550\" height=\"\" description=\"Empleo - Felipe Calder\u00f3n\" clickurl=\"\" clicktarget=\"\" player=\"4\" autoplay=\"false\" loop=\"false\" autorewind=\"true\" splashimage=\"\" skin=\"\" \/] [icon color=\"Accent-Color\" size=\"regular\" image=\"steadysets-icon-chat\"] Contexto Spot de campa\u00f1a de Felipe Calder\u00f3n a las elecciones de 2006.\u00a0 La estrategia, inicialmente, estuvo dirigida a aumentar el nivel de conocimiento pues era el menos conocido de\u2026","rel":"","context":"En \u00abCampa\u00f1a Presidencial\u00bb","block_context":{"text":"Campa\u00f1a Presidencial","link":"https:\/\/estrategica.com.co\/blog\/category\/temas\/campana-presidencial\/"},"img":{"alt_text":"","src":"https:\/\/i0.wp.com\/estrategica.com.co\/blog\/wp-content\/uploads\/2009\/03\/calderon_empleo_thumb.png?fit=323%2C211&ssl=1&resize=350%2C200","width":350,"height":200},"classes":[]}],"jetpack_sharing_enabled":true,"_links":{"self":[{"href":"https:\/\/estrategica.com.co\/blog\/wp-json\/wp\/v2\/posts\/17913","targetHints":{"allow":["GET"]}}],"collection":[{"href":"https:\/\/estrategica.com.co\/blog\/wp-json\/wp\/v2\/posts"}],"about":[{"href":"https:\/\/estrategica.com.co\/blog\/wp-json\/wp\/v2\/types\/post"}],"author":[{"embeddable":true,"href":"https:\/\/estrategica.com.co\/blog\/wp-json\/wp\/v2\/users\/5"}],"replies":[{"embeddable":true,"href":"https:\/\/estrategica.com.co\/blog\/wp-json\/wp\/v2\/comments?post=17913"}],"version-history":[{"count":8,"href":"https:\/\/estrategica.com.co\/blog\/wp-json\/wp\/v2\/posts\/17913\/revisions"}],"predecessor-version":[{"id":60744,"href":"https:\/\/estrategica.com.co\/blog\/wp-json\/wp\/v2\/posts\/17913\/revisions\/60744"}],"wp:featuredmedia":[{"embeddable":true,"href":"https:\/\/estrategica.com.co\/blog\/wp-json\/wp\/v2\/media\/17915"}],"wp:attachment":[{"href":"https:\/\/estrategica.com.co\/blog\/wp-json\/wp\/v2\/media?parent=17913"}],"wp:term":[{"taxonomy":"category","embeddable":true,"href":"https:\/\/estrategica.com.co\/blog\/wp-json\/wp\/v2\/categories?post=17913"},{"taxonomy":"post_tag","embeddable":true,"href":"https:\/\/estrategica.com.co\/blog\/wp-json\/wp\/v2\/tags?post=17913"}],"curies":[{"name":"wp","href":"https:\/\/api.w.org\/{rel}","templated":true}]}}